{"id":100,"date":"2015-09-24T12:11:41","date_gmt":"2015-09-24T10:11:41","guid":{"rendered":"http:\/\/www.windenergie-politik-gesellschaft.de\/?p=100"},"modified":"2015-09-24T12:12:19","modified_gmt":"2015-09-24T10:12:19","slug":"genehmigungsverfahren-und-akzeptanz-von-vorhaben","status":"publish","type":"post","link":"https:\/\/www.windenergie-politik-gesellschaft.de\/?p=100","title":{"rendered":"Genehmigungsverfahren und Akzeptanz von Vorhaben"},"content":{"rendered":"<p>ein kosntruktiver Beitrag der IHK Ostbrandenburg und Cottbus&#8230;<\/p>\n<blockquote><p>Fazit: &#8230;Jeden zu \u00fcberzeugen wird jedoch nicht gelingen. Deshalb ist auch Konsequenz gefordert. Ist die Genehmigung erteilt, sind alle Einw\u00e4nde ber\u00fccksichtigt und ist die Balance zwischen wirtschaftlichen, sozialen und umweltpolitischen Interessen hergestellt, steht den Investitionen nichts mehr im Weg. Gerade kleine und mittelst\u00e4ndige Unternehmen sind in diesen komplizierten und komplexen Verfahren und Vorg\u00e4ngen auf externe Hilfe angewiesen.<\/p><\/blockquote>\n<p>&nbsp;<\/p>\n","protected":false},"excerpt":{"rendered":"<p>ein kosntruktiver Beitrag der IHK Ostbrandenburg und Cottbus&#8230; Fazit: &#8230;Jeden zu \u00fcberzeugen wird jedoch nicht gelingen. Deshalb ist auch Konsequenz gefordert. Ist die Genehmigung erteilt, sind alle Einw\u00e4nde ber\u00fccksichtigt und ist die Balance zwischen wirtschaftlichen, sozialen und umweltpolitischen Interessen hergestellt, steht den Investitionen nichts mehr im Weg. Gerade kleine und mittelst\u00e4ndige Unternehmen sind in diesen &#8230; <a title=\"Genehmigungsverfahren und Akzeptanz von Vorhaben\" class=\"read-more\" href=\"https:\/\/www.windenergie-politik-gesellschaft.de\/?p=100\" aria-label=\"Mehr Informationen \u00fcber Genehmigungsverfahren und Akzeptanz von Vorhaben\">Weiterlesen<\/a><\/p>\n","protected":false},"author":2,"featured_media":0,"comment_status":"open","ping_status":"open","sticky":false,"template":"","format":"standard","meta":{"jetpack_post_was_ever_published":false,"_jetpack_newsletter_access":"","_jetpack_dont_email_post_to_subs":false,"_jetpack_newsletter_tier_id":0,"_jetpack_memberships_contains_paywalled_content":false,"_jetpack_memberships_contains_paid_content":false,"footnotes":"","jetpack_publicize_message":"","jetpack_publicize_feature_enabled":true,"jetpack_social_post_already_shared":false,"jetpack_social_options":{"image_generator_settings":{"template":"highway","default_image_id":0,"font":"","enabled":false},"version":2}},"categories":[1],"tags":[13],"class_list":["post-100","post","type-post","status-publish","format-standard","hentry","category-windenergie-allgemein","tag-akzeptanz"],"jetpack_publicize_connections":[],"jetpack_featured_media_url":"","jetpack_sharing_enabled":true,"jetpack_shortlink":"https:\/\/wp.me\/p6ODB3-1C","jetpack-related-posts":[{"id":799,"url":"https:\/\/www.windenergie-politik-gesellschaft.de\/?p=799","url_meta":{"origin":100,"position":0},"title":"Eine Lanze brechen f\u00fcr die Akzeptanz der Windenergie in der Bev\u00f6lkerung","author":"Joern Woehlk","date":"27. Juni 2017","format":false,"excerpt":"Je n\u00e4her wir in Deutschland dem \"S\u00e4ttigungsgrad\" kommen - 2% der Landesfl\u00e4che soll f\u00fcr Windenergie nutzbar gemacht werden - desto mehr Gegner finden sich und umso mehr h\u00f6rt man auch den Standardspruch, der landauf landab immer wieder zu h\u00f6ren ist: \"Wir sind nicht gegen Windenergie, aber nicht vor unserer Haust\u00fcr!\"\u2026","rel":"","context":"In &quot;Windenergie allgemein&quot;","block_context":{"text":"Windenergie allgemein","link":"https:\/\/www.windenergie-politik-gesellschaft.de\/?cat=1"},"img":{"alt_text":"","src":"","width":0,"height":0},"classes":[]},{"id":521,"url":"https:\/\/www.windenergie-politik-gesellschaft.de\/?p=521","url_meta":{"origin":100,"position":1},"title":"Widerstand gegen Windkraft &#8211; Die Energiewende als Soziallabor","author":"Joern Woehlk","date":"25. Mai 2016","format":false,"excerpt":"Ein guter Artikel, der den Nerv dieses Blogs trifft. Klimaschutz und die Energiewende sind unabdingbar miteinander verkn\u00fcpft - die Politiker indes nutzen die Thematik f\u00fcr den kommenden Wahlkampf. Das ist nicht in Ordnung. In den vergangenen 25 Jahren sind in Deutschland 25.000 Windr\u00e4der entstanden. Obwohl die Mehrheit der Deutschen die\u2026","rel":"","context":"In &quot;Presse&quot;","block_context":{"text":"Presse","link":"https:\/\/www.windenergie-politik-gesellschaft.de\/?cat=3"},"img":{"alt_text":"","src":"","width":0,"height":0},"classes":[]},{"id":741,"url":"https:\/\/www.windenergie-politik-gesellschaft.de\/?p=741","url_meta":{"origin":100,"position":2},"title":"airspex sorgt f\u00fcr bedarfsgerechte Beleuchtung von Windenergieanlagen: Anwohner werden vom Dauerblinken befreit","author":"Joern Woehlk","date":"3. Februar 2017","format":false,"excerpt":"Ein echter durchbruch f\u00fcr die Akzeptanz von Windenergieanlagen! Es ist ein immer wiederkehrendes Thema und sorgt f\u00fcr eine abnehmende Akzeptanz bei Windkraft: Das Dauerblinken der Anlagen im Dunkeln. Die Anwohner der Region rund um Marne in Schleswig-Holstein k\u00f6nnenQuelle: airspex sorgt f\u00fcr bedarfsgerechte Beleuchtung von Windenergieanlagen: Anwohner werden vom Dauerblinken befreit","rel":"","context":"In &quot;Mediation&quot;","block_context":{"text":"Mediation","link":"https:\/\/www.windenergie-politik-gesellschaft.de\/?cat=19"},"img":{"alt_text":"","src":"","width":0,"height":0},"classes":[]},{"id":333,"url":"https:\/\/www.windenergie-politik-gesellschaft.de\/?p=333","url_meta":{"origin":100,"position":3},"title":"Abstand und Akzeptanz &#8211; eine Untersuchung aus 2015","author":"Joern Woehlk","date":"22. Januar 2016","format":false,"excerpt":"\"Ein bedeutsamer Zusammenhang mit dem Abstand l\u00e4sst sich weder f\u00fcr die Akzeptanz noch f\u00fcr die Stresswirkungen von WEA nachweisen, wenn der geltende Immissionsschutz eingehalten wird. Die Aussage, mit steigendem Abstand n\u00e4hme die Akzeptanz zu oder die Bel\u00e4stigung ab, l\u00e4sst sich empirisch nicht st\u00fctzen.\" Diese und weitere spannende Aussagen finden Sie\u2026","rel":"","context":"In &quot;Mediation&quot;","block_context":{"text":"Mediation","link":"https:\/\/www.windenergie-politik-gesellschaft.de\/?cat=19"},"img":{"alt_text":"","src":"","width":0,"height":0},"classes":[]},{"id":621,"url":"https:\/\/www.windenergie-politik-gesellschaft.de\/?p=621","url_meta":{"origin":100,"position":4},"title":"Propaganda f\u00fcr die Braunkohle &#8211; Zwei Systeme f\u00fcr eine Aufgabe: Versorgungssicherheit im Stromsektor","author":"Joern Woehlk","date":"4. September 2016","format":false,"excerpt":"Sonntag ist mal wieder Zeit, um der Propaganda der Kohlelobby zu lauschen. Und schnell wurde ich f\u00fcndig, diesmal mit einem Artikel der m\u00e4chtig ideologisch \"Pro-Braunkohle\" eingef\u00e4rbt ist, was nicht verwunderlich ist, da er von einem f\u00fchrenden Vertreter der Braunkohleindustrie geschrieben wurde. Geschickt suggeriert Herr Milojcic zun\u00e4chst, einen gut reflektierten und\u2026","rel":"","context":"In &quot;Strom - Netze&quot;","block_context":{"text":"Strom - Netze","link":"https:\/\/www.windenergie-politik-gesellschaft.de\/?cat=11"},"img":{"alt_text":"","src":"","width":0,"height":0},"classes":[]},{"id":284,"url":"https:\/\/www.windenergie-politik-gesellschaft.de\/?p=284","url_meta":{"origin":100,"position":5},"title":"FA Wind Umfrageergebnisse Herbst 2015","author":"Joern Woehlk","date":"2. Dezember 2015","format":false,"excerpt":"Knapp die H\u00e4lfte der Bev\u00f6lkerung lebt nach eigenem Bekunden mit Windenergieanlagen im direkten Wohnumfeld. Die Ergebnisse der Fragen zur Akzeptanz von Windene rgieanlagen im Wohnumfeld best\u00e4tigen die Be- obachtung, dass die Zustimmung f\u00fcr die Windenergien utzung vor Ort mit der individuellen Vorerfah- rung zunimmt. Die Errichtung neuer Anlagen in bisla\u2026","rel":"","context":"In &quot;Mediation&quot;","block_context":{"text":"Mediation","link":"https:\/\/www.windenergie-politik-gesellschaft.de\/?cat=19"},"img":{"alt_text":"","src":"","width":0,"height":0},"classes":[]}],"_links":{"self":[{"href":"https:\/\/www.windenergie-politik-gesellschaft.de\/index.php?rest_route=\/wp\/v2\/posts\/100","targetHints":{"allow":["GET"]}}],"collection":[{"href":"https:\/\/www.windenergie-politik-gesellschaft.de\/index.php?rest_route=\/wp\/v2\/posts"}],"about":[{"href":"https:\/\/www.windenergie-politik-gesellschaft.de\/index.php?rest_route=\/wp\/v2\/types\/post"}],"author":[{"embeddable":true,"href":"https:\/\/www.windenergie-politik-gesellschaft.de\/index.php?rest_route=\/wp\/v2\/users\/2"}],"replies":[{"embeddable":true,"href":"https:\/\/www.windenergie-politik-gesellschaft.de\/index.php?rest_route=%2Fwp%2Fv2%2Fcomments&post=100"}],"version-history":[{"count":1,"href":"https:\/\/www.windenergie-politik-gesellschaft.de\/index.php?rest_route=\/wp\/v2\/posts\/100\/revisions"}],"predecessor-version":[{"id":101,"href":"https:\/\/www.windenergie-politik-gesellschaft.de\/index.php?rest_route=\/wp\/v2\/posts\/100\/revisions\/101"}],"wp:attachment":[{"href":"https:\/\/www.windenergie-politik-gesellschaft.de\/index.php?rest_route=%2Fwp%2Fv2%2Fmedia&parent=100"}],"wp:term":[{"taxonomy":"category","embeddable":true,"href":"https:\/\/www.windenergie-politik-gesellschaft.de\/index.php?rest_route=%2Fwp%2Fv2%2Fcategories&post=100"},{"taxonomy":"post_tag","embeddable":true,"href":"https:\/\/www.windenergie-politik-gesellschaft.de\/index.php?rest_route=%2Fwp%2Fv2%2Ftags&post=100"}],"curies":[{"name":"wp","href":"https:\/\/api.w.org\/{rel}","templated":true}]}}