{"id":1009,"date":"2018-12-14T09:42:01","date_gmt":"2018-12-14T08:42:01","guid":{"rendered":"http:\/\/www.windenergie-politik-gesellschaft.de\/?p=1009"},"modified":"2018-12-14T09:42:42","modified_gmt":"2018-12-14T08:42:42","slug":"billionen-markt-fuer-photovoltaik-und-speicher","status":"publish","type":"post","link":"https:\/\/www.windenergie-politik-gesellschaft.de\/?p=1009","title":{"rendered":"Billionen-Markt f\u00fcr Photovoltaik und Speicher"},"content":{"rendered":"<p>Quelle: <em><a href=\"https:\/\/www.solarserver.de\/solar-magazin\/nachrichten\/aktuelles\/2018\/kw50\/billionen-markt-fuer-photovoltaik-und-speicher.html\">KW50&nbsp;|&nbsp;Billionen-Markt f\u00fcr Photovoltaik und Speicher&nbsp;&#8211;&nbsp;SolarServer<\/a><\/em><\/p>\n","protected":false},"excerpt":{"rendered":"<p>Quelle: KW50&nbsp;|&nbsp;Billionen-Markt f\u00fcr Photovoltaik und Speicher&nbsp;&#8211;&nbsp;SolarServer<\/p>\n","protected":false},"author":2,"featured_media":0,"comment_status":"open","ping_status":"open","sticky":false,"template":"","format":"standard","meta":{"jetpack_post_was_ever_published":false,"_jetpack_newsletter_access":"","_jetpack_dont_email_post_to_subs":false,"_jetpack_newsletter_tier_id":0,"_jetpack_memberships_contains_paywalled_content":false,"_jetpack_memberships_contains_paid_content":false,"footnotes":"","jetpack_publicize_message":"","jetpack_publicize_feature_enabled":true,"jetpack_social_post_already_shared":true,"jetpack_social_options":{"image_generator_settings":{"template":"highway","default_image_id":0,"font":"","enabled":false},"version":2}},"categories":[10],"tags":[87],"class_list":["post-1009","post","type-post","status-publish","format-standard","hentry","category-strom-speicher","tag-batteriespeicher"],"jetpack_publicize_connections":[],"jetpack_featured_media_url":"","jetpack_sharing_enabled":true,"jetpack_shortlink":"https:\/\/wp.me\/p6ODB3-gh","jetpack-related-posts":[{"id":328,"url":"https:\/\/www.windenergie-politik-gesellschaft.de\/?p=328","url_meta":{"origin":1009,"position":0},"title":"Bericht des Weltenergierats sagt Energiespeichern eine gl\u00e4nzende Zukunft voraus","author":"Joern Woehlk","date":"21. Januar 2016","format":false,"excerpt":"\"Energiespeicher-Kosten sollen in den n\u00e4chsten 15 Jahren um 70 % fallen\" Aktuelle Nachrichten und Berichte aus Photovoltaik, Solarthermie, Politik und WirtschaftQuelle: KW03\u00a0|\u00a0Bericht des Weltenergierats sagt Energiespeichern eine gl\u00e4nzende Zukunft voraus\u00a0-\u00a0SolarServer","rel":"","context":"In &quot;Strom-Speicher&quot;","block_context":{"text":"Strom-Speicher","link":"https:\/\/www.windenergie-politik-gesellschaft.de\/?cat=10"},"img":{"alt_text":"","src":"","width":0,"height":0},"classes":[]},{"id":725,"url":"https:\/\/www.windenergie-politik-gesellschaft.de\/?p=725","url_meta":{"origin":1009,"position":1},"title":"Doppelbelastung von Speichern ist pass\u00e9","author":"Joern Woehlk","date":"21. Dezember 2016","format":false,"excerpt":"\"Auf die reine Speicherung von Strom in Batterien muss ab dem neuen Jahr keine EEG-Umlage mehr gezahlt werden. Dies haben Bundestag und Bundesrat mit der \u00c4nderung des Erneuerbare-Energien-Gesetzes (EEG 2017) noch vor Weihnachten 2016 beschlossen. Abweichend ist die Regelung bei Speichern, deren Strom nicht komplett selbst verbraucht oder komplett in\u2026","rel":"","context":"In &quot;Presse&quot;","block_context":{"text":"Presse","link":"https:\/\/www.windenergie-politik-gesellschaft.de\/?cat=3"},"img":{"alt_text":"","src":"","width":0,"height":0},"classes":[]},{"id":1018,"url":"https:\/\/www.windenergie-politik-gesellschaft.de\/?p=1018","url_meta":{"origin":1009,"position":2},"title":"Umlageprivileg f\u00fcr Stromspeicher &#8211; Tool zur Berechnung der reduzierten EEG-Umlage nach \u00a7 61k EEG 2017","author":"Joern Woehlk","date":"4. Februar 2019","format":false,"excerpt":"Zur Ermittlung und als Nachweis der Verringerung der EEG-Umlage f\u00fcr Strom, welcher in einem Stromspeicher nach den Vorgaben des \u00a7 61k Abs. 1 EEG 2017 verbraucht wird, stellen die \u00dcbertragungsnetzbetreiber nachfolgend ein Berechnungstool zum Download zur Verf\u00fcgung. Quelle: Netztransparenz > EEG > Umlageprivileg f\u00fcr Stromspeicher","rel":"","context":"In &quot;Marktdaten&quot;","block_context":{"text":"Marktdaten","link":"https:\/\/www.windenergie-politik-gesellschaft.de\/?cat=22"},"img":{"alt_text":"","src":"","width":0,"height":0},"classes":[]},{"id":898,"url":"https:\/\/www.windenergie-politik-gesellschaft.de\/?p=898","url_meta":{"origin":1009,"position":3},"title":"WEMAG-Batteriespeicherkraftwerk \u00fcberzeugt am Markt","author":"Joern Woehlk","date":"2. Februar 2018","format":false,"excerpt":"Der Mutige wird belohnt... Quelle: WEMAG-Batteriespeicherkraftwerk \u00fcberzeugt am Markt - WEMAG AG - Pressemitteilung","rel":"","context":"In &quot;Presse&quot;","block_context":{"text":"Presse","link":"https:\/\/www.windenergie-politik-gesellschaft.de\/?cat=3"},"img":{"alt_text":"","src":"","width":0,"height":0},"classes":[]},{"id":1102,"url":"https:\/\/www.windenergie-politik-gesellschaft.de\/?p=1102","url_meta":{"origin":1009,"position":4},"title":"SIP-\u00dcbersicht &#8211; Zahlungspflichten f\u00fcr staatlich induzierte und regulierte Strompreisbestandteile","author":"Joern Woehlk","date":"31. Juli 2019","format":false,"excerpt":"Erstaunlich, wie detailreich Deutschland regulieren kann... Quelle: SIP-\u00dcbersicht - Zahlungspflichten f\u00fcr staatlich induzierte und regulierte Strompreisbestandteile","rel":"","context":"In &quot;Strom - Netze&quot;","block_context":{"text":"Strom - Netze","link":"https:\/\/www.windenergie-politik-gesellschaft.de\/?cat=11"},"img":{"alt_text":"","src":"","width":0,"height":0},"classes":[]},{"id":1283,"url":"https:\/\/www.windenergie-politik-gesellschaft.de\/?p=1283","url_meta":{"origin":1009,"position":5},"title":"Aiwanger: Klimaneutrales Bayern mit Wasserstoffimporten &#8211; Solarserver","author":"Joern Woehlk","date":"13. Oktober 2021","format":false,"excerpt":"\"Eine Verf\u00fcnffachung der Windenergie und Versechsfachung der Photovoltaik in Bayern, wie in der Studie angenommen, halte ich f\u00fcr eher unrealistisch, weil wir damit an gesellschaftliche Akzeptanzgrenzen sto\u00dfen. Ich sehe diese gesellschaftliche Akzeptanzgrenze derzeit bei einer Verdoppelung der Windenergie und einer Verdreifachung der Photovoltaik.\" Wer bremst denn hier? Quelle: Aiwanger: Klimaneutrales\u2026","rel":"","context":"In &quot;Windenergie allgemein&quot;","block_context":{"text":"Windenergie allgemein","link":"https:\/\/www.windenergie-politik-gesellschaft.de\/?cat=1"},"img":{"alt_text":"","src":"","width":0,"height":0},"classes":[]}],"_links":{"self":[{"href":"https:\/\/www.windenergie-politik-gesellschaft.de\/index.php?rest_route=\/wp\/v2\/posts\/1009","targetHints":{"allow":["GET"]}}],"collection":[{"href":"https:\/\/www.windenergie-politik-gesellschaft.de\/index.php?rest_route=\/wp\/v2\/posts"}],"about":[{"href":"https:\/\/www.windenergie-politik-gesellschaft.de\/index.php?rest_route=\/wp\/v2\/types\/post"}],"author":[{"embeddable":true,"href":"https:\/\/www.windenergie-politik-gesellschaft.de\/index.php?rest_route=\/wp\/v2\/users\/2"}],"replies":[{"embeddable":true,"href":"https:\/\/www.windenergie-politik-gesellschaft.de\/index.php?rest_route=%2Fwp%2Fv2%2Fcomments&post=1009"}],"version-history":[{"count":2,"href":"https:\/\/www.windenergie-politik-gesellschaft.de\/index.php?rest_route=\/wp\/v2\/posts\/1009\/revisions"}],"predecessor-version":[{"id":1012,"href":"https:\/\/www.windenergie-politik-gesellschaft.de\/index.php?rest_route=\/wp\/v2\/posts\/1009\/revisions\/1012"}],"wp:attachment":[{"href":"https:\/\/www.windenergie-politik-gesellschaft.de\/index.php?rest_route=%2Fwp%2Fv2%2Fmedia&parent=1009"}],"wp:term":[{"taxonomy":"category","embeddable":true,"href":"https:\/\/www.windenergie-politik-gesellschaft.de\/index.php?rest_route=%2Fwp%2Fv2%2Fcategories&post=1009"},{"taxonomy":"post_tag","embeddable":true,"href":"https:\/\/www.windenergie-politik-gesellschaft.de\/index.php?rest_route=%2Fwp%2Fv2%2Ftags&post=1009"}],"curies":[{"name":"wp","href":"https:\/\/api.w.org\/{rel}","templated":true}]}}