{"id":1098,"date":"2019-05-06T09:54:57","date_gmt":"2019-05-06T07:54:57","guid":{"rendered":"https:\/\/www.windenergie-politik-gesellschaft.de\/?p=1098"},"modified":"2019-05-06T09:54:57","modified_gmt":"2019-05-06T07:54:57","slug":"ausbauentwicklung-der-windenergie-im-fruehjahr-2019","status":"publish","type":"post","link":"https:\/\/www.windenergie-politik-gesellschaft.de\/?p=1098","title":{"rendered":"Ausbauentwicklung der Windenergie im Fr\u00fchjahr 2019"},"content":{"rendered":"<p>Dramatischer Einbruch &#8211; wie soll es weitergehen?<\/p>\n<p>Quelle: <em><a href=\"https:\/\/www.fachagentur-windenergie.de\/fileadmin\/files\/Veroeffentlichungen\/Analysen\/FA_Wind_Zubauanalyse_Wind-an-Land_Fruehjahr_2019.pdf\">Ausbauentwicklung der Windenergie im Fr\u00fchjahr 2019 &#8211; FA_Wind_Zubauanalyse_Wind-an-Land_Fruehjahr_2019.pdf<\/a><\/em><\/p>\n","protected":false},"excerpt":{"rendered":"<p>Dramatischer Einbruch &#8211; wie soll es weitergehen? Quelle: Ausbauentwicklung der Windenergie im Fr\u00fchjahr 2019 &#8211; FA_Wind_Zubauanalyse_Wind-an-Land_Fruehjahr_2019.pdf<\/p>\n","protected":false},"author":2,"featured_media":0,"comment_status":"open","ping_status":"open","sticky":false,"template":"","format":"standard","meta":{"jetpack_post_was_ever_published":false,"_jetpack_newsletter_access":"","_jetpack_dont_email_post_to_subs":false,"_jetpack_newsletter_tier_id":0,"_jetpack_memberships_contains_paywalled_content":false,"_jetpack_memberships_contains_paid_content":false,"footnotes":"","jetpack_publicize_message":"","jetpack_publicize_feature_enabled":true,"jetpack_social_post_already_shared":true,"jetpack_social_options":{"image_generator_settings":{"template":"highway","default_image_id":0,"font":"","enabled":false},"version":2}},"categories":[22],"tags":[84],"class_list":["post-1098","post","type-post","status-publish","format-standard","hentry","category-marktdaten","tag-marktdaten"],"jetpack_publicize_connections":[],"jetpack_featured_media_url":"","jetpack_sharing_enabled":true,"jetpack_shortlink":"https:\/\/wp.me\/p6ODB3-hI","jetpack-related-posts":[{"id":883,"url":"https:\/\/www.windenergie-politik-gesellschaft.de\/?p=883","url_meta":{"origin":1098,"position":0},"title":"Neuer Windkraft-Rekord im Jahr 2017","author":"Joern Woehlk","date":"2. Januar 2018","format":false,"excerpt":"Das windige Wetter in Deutschland erzeugte im Dezember 2017 einen neuen Windenergie-Rekord. Die Zuw\u00e4chse der erneuerbaren Energien belasten jedoch das Stromnetz.Quelle: Neuer Windkraft-Rekord im Jahr 2017 | bizz-energy.com","rel":"","context":"In &quot;Marktdaten&quot;","block_context":{"text":"Marktdaten","link":"https:\/\/www.windenergie-politik-gesellschaft.de\/?cat=22"},"img":{"alt_text":"","src":"","width":0,"height":0},"classes":[]},{"id":1048,"url":"https:\/\/www.windenergie-politik-gesellschaft.de\/?p=1048","url_meta":{"origin":1098,"position":1},"title":"Erneuerbare Energien in Deutschland &#8211; Daten zur Entwicklung im Jahr 2018","author":"Joern Woehlk","date":"10. April 2019","format":false,"excerpt":"Eine detailreiche Darstellung der Entwicklung in Deutschland. Quelle: Erneuerbare Energien in Deutschland. Daten zur Entwicklung im Jahr 2018 - uba_hgp_eeinzahlen_2019_bf.pdf","rel":"","context":"In &quot;Marktdaten&quot;","block_context":{"text":"Marktdaten","link":"https:\/\/www.windenergie-politik-gesellschaft.de\/?cat=22"},"img":{"alt_text":"","src":"","width":0,"height":0},"classes":[]},{"id":757,"url":"https:\/\/www.windenergie-politik-gesellschaft.de\/?p=757","url_meta":{"origin":1098,"position":2},"title":"Die Ruhe vor dem Sturm: Top 10 der Turbinenhersteller stehen vor gro\u00dfem Umbruch","author":"Joern Woehlk","date":"2. M\u00e4rz 2017","format":false,"excerpt":"Es ist die Zeit der Bilanzen. Jedes Jahr im Fr\u00fchling hilft der Blick zur\u00fcck bei der Einordnung, wie das vergangene Gesch\u00e4ftsjahr zu bewerten ist. Nun hat Bloomberg New Energy Finance (BNEF) sein j\u00e4hrliQuelle: Die Ruhe vor dem Sturm: Top 10 der Turbinenhersteller stehen vor gro\u00dfem Umbruch","rel":"","context":"In &quot;Marktdaten&quot;","block_context":{"text":"Marktdaten","link":"https:\/\/www.windenergie-politik-gesellschaft.de\/?cat=22"},"img":{"alt_text":"","src":"","width":0,"height":0},"classes":[]},{"id":752,"url":"https:\/\/www.windenergie-politik-gesellschaft.de\/?p=752","url_meta":{"origin":1098,"position":3},"title":"2016: Globaler Windzubau schrumpft um 14 Prozent","author":"Joern Woehlk","date":"14. Februar 2017","format":false,"excerpt":"Zum erst zweiten Mal im jungen Jahrtausend musste die Windindustrie 2016 einen R\u00fcckgang der weltweiten Installationen verkraften. \u00dcberraschend stark zeigten sich dagegen Indien und einige europ\u00e4ische Staaten.Quelle: News | XING","rel":"","context":"In &quot;Marktdaten&quot;","block_context":{"text":"Marktdaten","link":"https:\/\/www.windenergie-politik-gesellschaft.de\/?cat=22"},"img":{"alt_text":"","src":"","width":0,"height":0},"classes":[]},{"id":690,"url":"https:\/\/www.windenergie-politik-gesellschaft.de\/?p=690","url_meta":{"origin":1098,"position":4},"title":"Rekordzubau der Windenergie in NRW &#8211; Windenergie &#8211; Erneuerbare Energien","author":"Joern Woehlk","date":"29. November 2016","format":false,"excerpt":"Nordrhein-Westfalen mausert sich immer mehr zu einem der f\u00fchrenden Windparkausbaul\u00e4nder. Bis Ende 2016 wird ein Jahreszubau von mindestens 500 Megawatt erwartet \u2013 deutlich h\u00f6her als in den vergangenen Jahren. Selbst Boomjahr 2002 wird \u00fcbertroffen.. ERNEUERBARE ENERGIEN bietet Ihnen aktuelle Informationen aus der Branche der Windenergie. Unabh\u00e4ngig und umfassend.Quelle: Rekordzubau der\u2026","rel":"","context":"In &quot;Marktdaten&quot;","block_context":{"text":"Marktdaten","link":"https:\/\/www.windenergie-politik-gesellschaft.de\/?cat=22"},"img":{"alt_text":"","src":"","width":0,"height":0},"classes":[]},{"id":698,"url":"https:\/\/www.windenergie-politik-gesellschaft.de\/?p=698","url_meta":{"origin":1098,"position":5},"title":"China investiert 100 Milliarden in die Windenergie","author":"Joern Woehlk","date":"1. Dezember 2016","format":false,"excerpt":"China investiert 100 Milliarden in die Windenergie - News aus der Welt der Regenerativen Energiewirtschaft vom IWRQuelle: China investiert 100 Milliarden in die Windenergie","rel":"","context":"In &quot;Marktdaten&quot;","block_context":{"text":"Marktdaten","link":"https:\/\/www.windenergie-politik-gesellschaft.de\/?cat=22"},"img":{"alt_text":"","src":"","width":0,"height":0},"classes":[]}],"_links":{"self":[{"href":"https:\/\/www.windenergie-politik-gesellschaft.de\/index.php?rest_route=\/wp\/v2\/posts\/1098","targetHints":{"allow":["GET"]}}],"collection":[{"href":"https:\/\/www.windenergie-politik-gesellschaft.de\/index.php?rest_route=\/wp\/v2\/posts"}],"about":[{"href":"https:\/\/www.windenergie-politik-gesellschaft.de\/index.php?rest_route=\/wp\/v2\/types\/post"}],"author":[{"embeddable":true,"href":"https:\/\/www.windenergie-politik-gesellschaft.de\/index.php?rest_route=\/wp\/v2\/users\/2"}],"replies":[{"embeddable":true,"href":"https:\/\/www.windenergie-politik-gesellschaft.de\/index.php?rest_route=%2Fwp%2Fv2%2Fcomments&post=1098"}],"version-history":[{"count":1,"href":"https:\/\/www.windenergie-politik-gesellschaft.de\/index.php?rest_route=\/wp\/v2\/posts\/1098\/revisions"}],"predecessor-version":[{"id":1099,"href":"https:\/\/www.windenergie-politik-gesellschaft.de\/index.php?rest_route=\/wp\/v2\/posts\/1098\/revisions\/1099"}],"wp:attachment":[{"href":"https:\/\/www.windenergie-politik-gesellschaft.de\/index.php?rest_route=%2Fwp%2Fv2%2Fmedia&parent=1098"}],"wp:term":[{"taxonomy":"category","embeddable":true,"href":"https:\/\/www.windenergie-politik-gesellschaft.de\/index.php?rest_route=%2Fwp%2Fv2%2Fcategories&post=1098"},{"taxonomy":"post_tag","embeddable":true,"href":"https:\/\/www.windenergie-politik-gesellschaft.de\/index.php?rest_route=%2Fwp%2Fv2%2Ftags&post=1098"}],"curies":[{"name":"wp","href":"https:\/\/api.w.org\/{rel}","templated":true}]}}