{"id":1117,"date":"2019-08-18T08:22:39","date_gmt":"2019-08-18T06:22:39","guid":{"rendered":"https:\/\/www.windenergie-politik-gesellschaft.de\/?p=1117"},"modified":"2019-08-18T08:42:31","modified_gmt":"2019-08-18T06:42:31","slug":"44-klagen-wegen-fehlplanungen-bei-windenergie-in-zehn-jahren","status":"publish","type":"post","link":"https:\/\/www.windenergie-politik-gesellschaft.de\/?p=1117","title":{"rendered":"44 Klagen wegen Fehlplanungen bei Windenergie in zehn Jahren"},"content":{"rendered":"<p>Nicht die Naturschutzverb\u00e4nde sind der Grund f\u00fcr schleppende Genehmigungen. Die Verb\u00e4nde bilden ein wichtiges Gegengewicht, das ist gut so f\u00fcr unsere Gesellschaft.<\/p>\n<p>Die nicht funktionierende Raumordnung mit der Reginalplanung ist das eigentliche Problem.<\/p>\n<p>Regionalpl\u00e4ne werden so gut wie immer gerichtlich gekippt, kein RP hat Bestand, selbst die in aufstellung befindlichen werden schon beklagt und haben keine Chance.<\/p>\n<p>Quelle: <em><a href=\"https:\/\/www.sonnenseite.com\/de\/umwelt\/zahl-des-monats-44-klagen-wegen-fehlplanungen-bei-windenergie-in-zehn-jahren.html\">44 Klagen wegen Fehlplanungen bei Windenergie in zehn Jahren &#8211; sonnenseite.com<\/a><\/em><\/p>\n","protected":false},"excerpt":{"rendered":"<p>Nicht die Naturschutzverb\u00e4nde sind der Grund f\u00fcr schleppende Genehmigungen. Die Verb\u00e4nde bilden ein wichtiges Gegengewicht, das ist gut so f\u00fcr unsere Gesellschaft. Die nicht funktionierende Raumordnung mit der Reginalplanung ist das eigentliche Problem. Regionalpl\u00e4ne werden so gut wie immer gerichtlich gekippt, kein RP hat Bestand, selbst die in aufstellung befindlichen werden schon beklagt und haben &#8230; <a title=\"44 Klagen wegen Fehlplanungen bei Windenergie in zehn Jahren\" class=\"read-more\" href=\"https:\/\/www.windenergie-politik-gesellschaft.de\/?p=1117\" aria-label=\"Mehr Informationen \u00fcber 44 Klagen wegen Fehlplanungen bei Windenergie in zehn Jahren\">Weiterlesen<\/a><\/p>\n","protected":false},"author":2,"featured_media":0,"comment_status":"open","ping_status":"open","sticky":false,"template":"","format":"standard","meta":{"jetpack_post_was_ever_published":false,"_jetpack_newsletter_access":"","_jetpack_dont_email_post_to_subs":false,"_jetpack_newsletter_tier_id":0,"_jetpack_memberships_contains_paywalled_content":false,"_jetpack_memberships_contains_paid_content":false,"footnotes":"","jetpack_publicize_message":"","jetpack_publicize_feature_enabled":true,"jetpack_social_post_already_shared":true,"jetpack_social_options":{"image_generator_settings":{"template":"highway","default_image_id":0,"font":"","enabled":false},"version":2}},"categories":[19,65,1],"tags":[170,81],"class_list":["post-1117","post","type-post","status-publish","format-standard","hentry","category-mediation","category-natur-und-artenschutz","category-windenergie-allgemein","tag-naturschutz","tag-regionalplanung"],"jetpack_publicize_connections":[],"jetpack_featured_media_url":"","jetpack_sharing_enabled":true,"jetpack_shortlink":"https:\/\/wp.me\/p6ODB3-i1","jetpack-related-posts":[{"id":799,"url":"https:\/\/www.windenergie-politik-gesellschaft.de\/?p=799","url_meta":{"origin":1117,"position":0},"title":"Eine Lanze brechen f\u00fcr die Akzeptanz der Windenergie in der Bev\u00f6lkerung","author":"Joern Woehlk","date":"27. Juni 2017","format":false,"excerpt":"Je n\u00e4her wir in Deutschland dem \"S\u00e4ttigungsgrad\" kommen - 2% der Landesfl\u00e4che soll f\u00fcr Windenergie nutzbar gemacht werden - desto mehr Gegner finden sich und umso mehr h\u00f6rt man auch den Standardspruch, der landauf landab immer wieder zu h\u00f6ren ist: \"Wir sind nicht gegen Windenergie, aber nicht vor unserer Haust\u00fcr!\"\u2026","rel":"","context":"In &quot;Windenergie allgemein&quot;","block_context":{"text":"Windenergie allgemein","link":"https:\/\/www.windenergie-politik-gesellschaft.de\/?cat=1"},"img":{"alt_text":"","src":"","width":0,"height":0},"classes":[]},{"id":826,"url":"https:\/\/www.windenergie-politik-gesellschaft.de\/?p=826","url_meta":{"origin":1117,"position":1},"title":"Bundesnetzagentur &#8211; Gebotstermin 1. August 2017","author":"Joern Woehlk","date":"16. August 2017","format":false,"excerpt":"Gesetzlich definierte B\u00fcrgerenergie dominiert wieder fast vollst\u00e4ndig 2. Ausschreibungsrunde. Erwartungsgem\u00e4\u00df wird auch die zweite Ausschreibungsrunde Wind an Land durch Akteure, die die Voraussetzungen der nach dem EEG definierten B\u00fcrgerenergie erf\u00fcllen, mit 95% der bezuschlagten Menge dominiert. Damit erh\u00f6ht sich weiter die Unsicherheit, ob der Zubaukorridor in den Jahren nach 2018\u2026","rel":"","context":"In &quot;Marktdaten&quot;","block_context":{"text":"Marktdaten","link":"https:\/\/www.windenergie-politik-gesellschaft.de\/?cat=22"},"img":{"alt_text":"","src":"","width":0,"height":0},"classes":[]},{"id":621,"url":"https:\/\/www.windenergie-politik-gesellschaft.de\/?p=621","url_meta":{"origin":1117,"position":2},"title":"Propaganda f\u00fcr die Braunkohle &#8211; Zwei Systeme f\u00fcr eine Aufgabe: Versorgungssicherheit im Stromsektor","author":"Joern Woehlk","date":"4. September 2016","format":false,"excerpt":"Sonntag ist mal wieder Zeit, um der Propaganda der Kohlelobby zu lauschen. Und schnell wurde ich f\u00fcndig, diesmal mit einem Artikel der m\u00e4chtig ideologisch \"Pro-Braunkohle\" eingef\u00e4rbt ist, was nicht verwunderlich ist, da er von einem f\u00fchrenden Vertreter der Braunkohleindustrie geschrieben wurde. Geschickt suggeriert Herr Milojcic zun\u00e4chst, einen gut reflektierten und\u2026","rel":"","context":"In &quot;Strom - Netze&quot;","block_context":{"text":"Strom - Netze","link":"https:\/\/www.windenergie-politik-gesellschaft.de\/?cat=11"},"img":{"alt_text":"","src":"","width":0,"height":0},"classes":[]},{"id":521,"url":"https:\/\/www.windenergie-politik-gesellschaft.de\/?p=521","url_meta":{"origin":1117,"position":3},"title":"Widerstand gegen Windkraft &#8211; Die Energiewende als Soziallabor","author":"Joern Woehlk","date":"25. Mai 2016","format":false,"excerpt":"Ein guter Artikel, der den Nerv dieses Blogs trifft. Klimaschutz und die Energiewende sind unabdingbar miteinander verkn\u00fcpft - die Politiker indes nutzen die Thematik f\u00fcr den kommenden Wahlkampf. Das ist nicht in Ordnung. In den vergangenen 25 Jahren sind in Deutschland 25.000 Windr\u00e4der entstanden. Obwohl die Mehrheit der Deutschen die\u2026","rel":"","context":"In &quot;Presse&quot;","block_context":{"text":"Presse","link":"https:\/\/www.windenergie-politik-gesellschaft.de\/?cat=3"},"img":{"alt_text":"","src":"","width":0,"height":0},"classes":[]},{"id":210,"url":"https:\/\/www.windenergie-politik-gesellschaft.de\/?p=210","url_meta":{"origin":1117,"position":4},"title":"EEG Umlage f\u00fcr 2016","author":"Joern Woehlk","date":"15. Oktober 2015","format":false,"excerpt":"Die Bundesnetzagentur gibt die H\u00f6he der Umlage f\u00fcr 2016 bekannt. Leider steigt sie an, obwohl das EEG Umlagenkonto gut gef\u00fcllt ist. Es w\u00e4re aber auch schwierig gewesen ein Ausschreibungsverfahren einzuf\u00fchren, wenn die EEG Umlage sinkt... Der einzige Vorteil ist, das Strom nun noch teurer oder wertvoller wird und somit hoffentlich\u2026","rel":"","context":"In &quot;Marktdaten&quot;","block_context":{"text":"Marktdaten","link":"https:\/\/www.windenergie-politik-gesellschaft.de\/?cat=22"},"img":{"alt_text":"","src":"","width":0,"height":0},"classes":[]},{"id":1255,"url":"https:\/\/www.windenergie-politik-gesellschaft.de\/?p=1255","url_meta":{"origin":1117,"position":5},"title":"Koalitionsvertrag f\u00fcr Baden-W\u00fcrttemberg &#8211; was soll f\u00fcr die Windkraft getan werden?","author":"Joern Woehlk","date":"11. Mai 2021","format":false,"excerpt":"Ein kurzer Blick in den Koalitionsvertrag zum Thema Windenergie: Auf Seite 25 findet sich einiges zum neuen Klimaschutzgesetz. Es soll eine rechtliche Verankerung und Regionalisierung eines 2 % Fl\u00e4chenziels sicherstellen. Immerhin wird klargestellt, dass sich bestimmt Regionen hier nicht mehr so einfach herausreden k\u00f6nnen, Stichwort NIMBY Politik. Windkraftstandort im Staatswald\u2026","rel":"","context":"In &quot;Natur- und Artenschutz&quot;","block_context":{"text":"Natur- und Artenschutz","link":"https:\/\/www.windenergie-politik-gesellschaft.de\/?cat=65"},"img":{"alt_text":"","src":"","width":0,"height":0},"classes":[]}],"_links":{"self":[{"href":"https:\/\/www.windenergie-politik-gesellschaft.de\/index.php?rest_route=\/wp\/v2\/posts\/1117","targetHints":{"allow":["GET"]}}],"collection":[{"href":"https:\/\/www.windenergie-politik-gesellschaft.de\/index.php?rest_route=\/wp\/v2\/posts"}],"about":[{"href":"https:\/\/www.windenergie-politik-gesellschaft.de\/index.php?rest_route=\/wp\/v2\/types\/post"}],"author":[{"embeddable":true,"href":"https:\/\/www.windenergie-politik-gesellschaft.de\/index.php?rest_route=\/wp\/v2\/users\/2"}],"replies":[{"embeddable":true,"href":"https:\/\/www.windenergie-politik-gesellschaft.de\/index.php?rest_route=%2Fwp%2Fv2%2Fcomments&post=1117"}],"version-history":[{"count":2,"href":"https:\/\/www.windenergie-politik-gesellschaft.de\/index.php?rest_route=\/wp\/v2\/posts\/1117\/revisions"}],"predecessor-version":[{"id":1119,"href":"https:\/\/www.windenergie-politik-gesellschaft.de\/index.php?rest_route=\/wp\/v2\/posts\/1117\/revisions\/1119"}],"wp:attachment":[{"href":"https:\/\/www.windenergie-politik-gesellschaft.de\/index.php?rest_route=%2Fwp%2Fv2%2Fmedia&parent=1117"}],"wp:term":[{"taxonomy":"category","embeddable":true,"href":"https:\/\/www.windenergie-politik-gesellschaft.de\/index.php?rest_route=%2Fwp%2Fv2%2Fcategories&post=1117"},{"taxonomy":"post_tag","embeddable":true,"href":"https:\/\/www.windenergie-politik-gesellschaft.de\/index.php?rest_route=%2Fwp%2Fv2%2Ftags&post=1117"}],"curies":[{"name":"wp","href":"https:\/\/api.w.org\/{rel}","templated":true}]}}