{"id":113,"date":"2015-09-28T14:53:30","date_gmt":"2015-09-28T12:53:30","guid":{"rendered":"http:\/\/www.windenergie-politik-gesellschaft.de\/?p=113"},"modified":"2015-09-28T14:57:22","modified_gmt":"2015-09-28T12:57:22","slug":"papst-framnziskus-zur-umwelt","status":"publish","type":"post","link":"https:\/\/www.windenergie-politik-gesellschaft.de\/?p=113","title":{"rendered":"Papst Franziskus ruft auf zum Ausstieg aus der Verbrennung fossiler Energietr\u00e4ger"},"content":{"rendered":"<p>hier geht es zur deutschen <a href=\"http:\/\/w2.vatican.va\/content\/francesco\/de\/encyclicals\/documents\/papa-francesco_20150524_enciclica-laudato-si.html\" target=\"_blank\">\u00dcbersetzung der Enzyklika<\/a> von Papst Franziskus.<\/p>\n<p>Ein kurzes Zitat aus <a href=\"https:\/\/de.wikipedia.org\/wiki\/Laudato_si%E2%80%99\" target=\"_blank\">Wikipedia <\/a>dazu:<\/p>\n<blockquote><p>In der Enzyklika spricht sich Papst Franziskus gegen die aktuelle Lebensweise der Menschheit aus, die er als \u201eselbstm\u00f6rderisch\u201c bezeichnet (55). Niemals zuvor habe die Menschheit die Umwelt derart schlecht behandelt wie im 19. und 20. Jahrhundert, die Erde scheine sich zu einer \u201eunermesslichen M\u00fclldeponie\u201c zu entwickeln (21). Insbesondere die globale Erw\u00e4rmung sei \u201eeine der wichtigsten aktuellen Herausforderungen an die Menschheit\u201c, weswegen es von gro\u00dfer Bedeutung sei, den Treibhausaussto\u00df \u201edrastisch\u201c zu reduzieren und aus der Verbrennung fossiler Energietr\u00e4ger auszusteigen (25f).<\/p><\/blockquote>\n","protected":false},"excerpt":{"rendered":"<p>hier geht es zur deutschen \u00dcbersetzung der Enzyklika von Papst Franziskus. Ein kurzes Zitat aus Wikipedia dazu: In der Enzyklika spricht sich Papst Franziskus gegen die aktuelle Lebensweise der Menschheit aus, die er als \u201eselbstm\u00f6rderisch\u201c bezeichnet (55). Niemals zuvor habe die Menschheit die Umwelt derart schlecht behandelt wie im 19. und 20. Jahrhundert, die Erde &#8230; <a title=\"Papst Franziskus ruft auf zum Ausstieg aus der Verbrennung fossiler Energietr\u00e4ger\" class=\"read-more\" href=\"https:\/\/www.windenergie-politik-gesellschaft.de\/?p=113\" aria-label=\"Mehr Informationen \u00fcber Papst Franziskus ruft auf zum Ausstieg aus der Verbrennung fossiler Energietr\u00e4ger\">Weiterlesen<\/a><\/p>\n","protected":false},"author":2,"featured_media":0,"comment_status":"open","ping_status":"open","sticky":false,"template":"","format":"standard","meta":{"jetpack_post_was_ever_published":false,"_jetpack_newsletter_access":"","_jetpack_dont_email_post_to_subs":false,"_jetpack_newsletter_tier_id":0,"_jetpack_memberships_contains_paywalled_content":false,"_jetpack_memberships_contains_paid_content":false,"footnotes":"","jetpack_publicize_message":"","jetpack_publicize_feature_enabled":true,"jetpack_social_post_already_shared":false,"jetpack_social_options":{"image_generator_settings":{"template":"highway","default_image_id":0,"font":"","enabled":false},"version":2}},"categories":[1],"tags":[18,15,17,16],"class_list":["post-113","post","type-post","status-publish","format-standard","hentry","category-windenergie-allgemein","tag-globale-erwaermung-stoppen","tag-papst","tag-treibhausgase","tag-umwelt"],"jetpack_publicize_connections":[],"jetpack_featured_media_url":"","jetpack_sharing_enabled":true,"jetpack_shortlink":"https:\/\/wp.me\/p6ODB3-1P","jetpack-related-posts":[{"id":621,"url":"https:\/\/www.windenergie-politik-gesellschaft.de\/?p=621","url_meta":{"origin":113,"position":0},"title":"Propaganda f\u00fcr die Braunkohle &#8211; Zwei Systeme f\u00fcr eine Aufgabe: Versorgungssicherheit im Stromsektor","author":"Joern Woehlk","date":"4. September 2016","format":false,"excerpt":"Sonntag ist mal wieder Zeit, um der Propaganda der Kohlelobby zu lauschen. Und schnell wurde ich f\u00fcndig, diesmal mit einem Artikel der m\u00e4chtig ideologisch \"Pro-Braunkohle\" eingef\u00e4rbt ist, was nicht verwunderlich ist, da er von einem f\u00fchrenden Vertreter der Braunkohleindustrie geschrieben wurde. Geschickt suggeriert Herr Milojcic zun\u00e4chst, einen gut reflektierten und\u2026","rel":"","context":"In &quot;Strom - Netze&quot;","block_context":{"text":"Strom - Netze","link":"https:\/\/www.windenergie-politik-gesellschaft.de\/?cat=11"},"img":{"alt_text":"","src":"","width":0,"height":0},"classes":[]},{"id":799,"url":"https:\/\/www.windenergie-politik-gesellschaft.de\/?p=799","url_meta":{"origin":113,"position":1},"title":"Eine Lanze brechen f\u00fcr die Akzeptanz der Windenergie in der Bev\u00f6lkerung","author":"Joern Woehlk","date":"27. Juni 2017","format":false,"excerpt":"Je n\u00e4her wir in Deutschland dem \"S\u00e4ttigungsgrad\" kommen - 2% der Landesfl\u00e4che soll f\u00fcr Windenergie nutzbar gemacht werden - desto mehr Gegner finden sich und umso mehr h\u00f6rt man auch den Standardspruch, der landauf landab immer wieder zu h\u00f6ren ist: \"Wir sind nicht gegen Windenergie, aber nicht vor unserer Haust\u00fcr!\"\u2026","rel":"","context":"In &quot;Windenergie allgemein&quot;","block_context":{"text":"Windenergie allgemein","link":"https:\/\/www.windenergie-politik-gesellschaft.de\/?cat=1"},"img":{"alt_text":"","src":"","width":0,"height":0},"classes":[]},{"id":521,"url":"https:\/\/www.windenergie-politik-gesellschaft.de\/?p=521","url_meta":{"origin":113,"position":2},"title":"Widerstand gegen Windkraft &#8211; Die Energiewende als Soziallabor","author":"Joern Woehlk","date":"25. Mai 2016","format":false,"excerpt":"Ein guter Artikel, der den Nerv dieses Blogs trifft. Klimaschutz und die Energiewende sind unabdingbar miteinander verkn\u00fcpft - die Politiker indes nutzen die Thematik f\u00fcr den kommenden Wahlkampf. Das ist nicht in Ordnung. In den vergangenen 25 Jahren sind in Deutschland 25.000 Windr\u00e4der entstanden. Obwohl die Mehrheit der Deutschen die\u2026","rel":"","context":"In &quot;Presse&quot;","block_context":{"text":"Presse","link":"https:\/\/www.windenergie-politik-gesellschaft.de\/?cat=3"},"img":{"alt_text":"","src":"","width":0,"height":0},"classes":[]},{"id":1228,"url":"https:\/\/www.windenergie-politik-gesellschaft.de\/?p=1228","url_meta":{"origin":113,"position":3},"title":"Flexibilit\u00e4t aus dem Virtuellen Kraftwerk auf Verteilnetzebene","author":"Joern Woehlk","date":"29. Januar 2021","format":false,"excerpt":"\"Zappelstrom\" ist ein gern genutzter Ausdruck der Gegner von regenerativen Energien, vornehmlich der Windkraftgegener, der dazu dienen soll, diese Art der Energieproduktion zu diskreditieren. Dieser Artikel zeigt, wie weit die Integration der fluktuierenden Energien schon gelingt und wie sehr sich die Gegener t\u00e4uschen in ihrer Meinung. Quelle: Support your local\u2026","rel":"","context":"In &quot;Strom - Netze&quot;","block_context":{"text":"Strom - Netze","link":"https:\/\/www.windenergie-politik-gesellschaft.de\/?cat=11"},"img":{"alt_text":"","src":"","width":0,"height":0},"classes":[]},{"id":333,"url":"https:\/\/www.windenergie-politik-gesellschaft.de\/?p=333","url_meta":{"origin":113,"position":4},"title":"Abstand und Akzeptanz &#8211; eine Untersuchung aus 2015","author":"Joern Woehlk","date":"22. Januar 2016","format":false,"excerpt":"\"Ein bedeutsamer Zusammenhang mit dem Abstand l\u00e4sst sich weder f\u00fcr die Akzeptanz noch f\u00fcr die Stresswirkungen von WEA nachweisen, wenn der geltende Immissionsschutz eingehalten wird. Die Aussage, mit steigendem Abstand n\u00e4hme die Akzeptanz zu oder die Bel\u00e4stigung ab, l\u00e4sst sich empirisch nicht st\u00fctzen.\" Diese und weitere spannende Aussagen finden Sie\u2026","rel":"","context":"In &quot;Mediation&quot;","block_context":{"text":"Mediation","link":"https:\/\/www.windenergie-politik-gesellschaft.de\/?cat=19"},"img":{"alt_text":"","src":"","width":0,"height":0},"classes":[]},{"id":378,"url":"https:\/\/www.windenergie-politik-gesellschaft.de\/?p=378","url_meta":{"origin":113,"position":5},"title":"Zweifel an Gef\u00e4hrdung des Rotmilans &#8211; Neue Energie","author":"Joern Woehlk","date":"5. Mai 2016","format":false,"excerpt":"Die neue Studie aus der Schweiz gibt Entwarnung f\u00fcr den als \u201ewindkraftsensibel\u201c eingestuften Raubvogel Rotmilan: Der Bestand sei nicht durch die Windkraft bedroht. Natursch\u00fctzer widersprechen vehement. Der Leser m\u00f6ge sich selbst eine Meinung machen, wie die Fakten liegen. Seeadler, Kranich und Rotmilan leben schon lange in unmittelbarer N\u00e4he von Windparks\u2026","rel":"","context":"In &quot;Mediation&quot;","block_context":{"text":"Mediation","link":"https:\/\/www.windenergie-politik-gesellschaft.de\/?cat=19"},"img":{"alt_text":"","src":"","width":0,"height":0},"classes":[]}],"_links":{"self":[{"href":"https:\/\/www.windenergie-politik-gesellschaft.de\/index.php?rest_route=\/wp\/v2\/posts\/113","targetHints":{"allow":["GET"]}}],"collection":[{"href":"https:\/\/www.windenergie-politik-gesellschaft.de\/index.php?rest_route=\/wp\/v2\/posts"}],"about":[{"href":"https:\/\/www.windenergie-politik-gesellschaft.de\/index.php?rest_route=\/wp\/v2\/types\/post"}],"author":[{"embeddable":true,"href":"https:\/\/www.windenergie-politik-gesellschaft.de\/index.php?rest_route=\/wp\/v2\/users\/2"}],"replies":[{"embeddable":true,"href":"https:\/\/www.windenergie-politik-gesellschaft.de\/index.php?rest_route=%2Fwp%2Fv2%2Fcomments&post=113"}],"version-history":[{"count":3,"href":"https:\/\/www.windenergie-politik-gesellschaft.de\/index.php?rest_route=\/wp\/v2\/posts\/113\/revisions"}],"predecessor-version":[{"id":116,"href":"https:\/\/www.windenergie-politik-gesellschaft.de\/index.php?rest_route=\/wp\/v2\/posts\/113\/revisions\/116"}],"wp:attachment":[{"href":"https:\/\/www.windenergie-politik-gesellschaft.de\/index.php?rest_route=%2Fwp%2Fv2%2Fmedia&parent=113"}],"wp:term":[{"taxonomy":"category","embeddable":true,"href":"https:\/\/www.windenergie-politik-gesellschaft.de\/index.php?rest_route=%2Fwp%2Fv2%2Fcategories&post=113"},{"taxonomy":"post_tag","embeddable":true,"href":"https:\/\/www.windenergie-politik-gesellschaft.de\/index.php?rest_route=%2Fwp%2Fv2%2Ftags&post=113"}],"curies":[{"name":"wp","href":"https:\/\/api.w.org\/{rel}","templated":true}]}}