{"id":1131,"date":"2019-11-11T08:27:25","date_gmt":"2019-11-11T07:27:25","guid":{"rendered":"https:\/\/www.windenergie-politik-gesellschaft.de\/?p=1131"},"modified":"2019-11-11T08:27:25","modified_gmt":"2019-11-11T07:27:25","slug":"strompreiszusammensetzung-2020","status":"publish","type":"post","link":"https:\/\/www.windenergie-politik-gesellschaft.de\/?p=1131","title":{"rendered":"Strompreiszusammensetzung 2020"},"content":{"rendered":"<p>Stromkunden m\u00fcssen sich neben h\u00f6heren Stromnetzgeb\u00fchren auch auf steigende Steuern und Abgaben einstellen. Auf Grundlage der bei den \u00dcbertragungsnetzbetreiber vorliegenden Prognosedaten zieht die Abgaben-Belastung im kommenden Jahr um 4,5% an.<\/p>\n<p>Die Umlage zur F\u00f6rderung von \u00d6kostrom [EEG Umlage] steigt 2020 um 5,5%. Nach Angaben der Betreiber der gro\u00dfen Stromnetze 50Hertz, Amprion, TenneT und TransnetBW betr\u00e4gt die Umlage im kommenden Jahr 6,756 Cent pro Kilowattstunde.<br \/>\nDetails zur EEG-Umlage<\/p>\n<p>Die \u00a719 StromNEV-Umlage klettert um 17,4% auf 0,358 Cent pro Kilowattstunde. Auch die \u00a718 AbLaV-Umlage erh\u00f6ht sich \u2013 allerdings nur sehr gering von 0,005 auf 0,007 Cent je Kilowattstunde. Die KWKG-Umlage bildet die Ausnahme bei den Abgaben 2020. Sie sinkt um 19,3% auf 0,226 Cent je Kilowattstunde.<\/p>\n<p>Quelle: <em><a href=\"https:\/\/strom-report.de\/download\/strompreiszusammensetzung-2020\/\">Strompreiszusammensetzung 2020<\/a><\/em><\/p>\n<p>Quelle:<br \/>\n<a href=\"https:\/\/strom-report.de\/strompreise\/#strompreiszusammensetzung-2020\">Infografik &#8220;Strompreiszusammensetzung 2020&#8221; von STROM-REPORT.de<\/a><\/p>\n","protected":false},"excerpt":{"rendered":"<p>Stromkunden m\u00fcssen sich neben h\u00f6heren Stromnetzgeb\u00fchren auch auf steigende Steuern und Abgaben einstellen. Auf Grundlage der bei den \u00dcbertragungsnetzbetreiber vorliegenden Prognosedaten zieht die Abgaben-Belastung im kommenden Jahr um 4,5% an. Die Umlage zur F\u00f6rderung von \u00d6kostrom [EEG Umlage] steigt 2020 um 5,5%. Nach Angaben der Betreiber der gro\u00dfen Stromnetze 50Hertz, Amprion, TenneT und TransnetBW betr\u00e4gt &#8230; <a title=\"Strompreiszusammensetzung 2020\" class=\"read-more\" href=\"https:\/\/www.windenergie-politik-gesellschaft.de\/?p=1131\" aria-label=\"Mehr Informationen \u00fcber Strompreiszusammensetzung 2020\">Weiterlesen<\/a><\/p>\n","protected":false},"author":2,"featured_media":0,"comment_status":"open","ping_status":"open","sticky":false,"template":"","format":"standard","meta":{"jetpack_post_was_ever_published":false,"_jetpack_newsletter_access":"","_jetpack_dont_email_post_to_subs":false,"_jetpack_newsletter_tier_id":0,"_jetpack_memberships_contains_paywalled_content":false,"_jetpack_memberships_contains_paid_content":false,"footnotes":"","jetpack_publicize_message":"","jetpack_publicize_feature_enabled":true,"jetpack_social_post_already_shared":true,"jetpack_social_options":{"image_generator_settings":{"template":"highway","default_image_id":0,"font":"","enabled":false},"version":2}},"categories":[22,11],"tags":[93,36],"class_list":["post-1131","post","type-post","status-publish","format-standard","hentry","category-marktdaten","category-strom-netze","tag-eeg-umlage","tag-strompreis"],"jetpack_publicize_connections":[],"jetpack_featured_media_url":"","jetpack_sharing_enabled":true,"jetpack_shortlink":"https:\/\/wp.me\/p6ODB3-if","jetpack-related-posts":[{"id":1288,"url":"https:\/\/www.windenergie-politik-gesellschaft.de\/?p=1288","url_meta":{"origin":1131,"position":0},"title":"EEG-Umlage 2022 betr\u00e4gt 3,723 Cent pro Kilowattstunde \u2013 Bundeszuschuss senkt Umlage um 0,934 Cent pro Kilowattstunde","author":"Joern Woehlk","date":"20. Oktober 2021","format":false,"excerpt":"Die Kernumlage (Umlage vor Bundeszuschuss, Kontostand und Liquidit\u00e4tsreserve) f\u00fcr 2022 liegt bei 5,7 ct\/kWh. Davon entfallen etwa 2,5 ct\/kWh auf Photovoltaik, circa 1,4 ct\/kWh auf Energie aus Biomasse, rund 0,7 ct\/kWh auf Windenergie an Land und etwa 1,1 ct\/kWh auf Windenergie auf See. Windenergie an Land ist somit die Form\u2026","rel":"","context":"In &quot;Marktdaten&quot;","block_context":{"text":"Marktdaten","link":"https:\/\/www.windenergie-politik-gesellschaft.de\/?cat=22"},"img":{"alt_text":"","src":"","width":0,"height":0},"classes":[]},{"id":725,"url":"https:\/\/www.windenergie-politik-gesellschaft.de\/?p=725","url_meta":{"origin":1131,"position":1},"title":"Doppelbelastung von Speichern ist pass\u00e9","author":"Joern Woehlk","date":"21. Dezember 2016","format":false,"excerpt":"\"Auf die reine Speicherung von Strom in Batterien muss ab dem neuen Jahr keine EEG-Umlage mehr gezahlt werden. Dies haben Bundestag und Bundesrat mit der \u00c4nderung des Erneuerbare-Energien-Gesetzes (EEG 2017) noch vor Weihnachten 2016 beschlossen. Abweichend ist die Regelung bei Speichern, deren Strom nicht komplett selbst verbraucht oder komplett in\u2026","rel":"","context":"In &quot;Presse&quot;","block_context":{"text":"Presse","link":"https:\/\/www.windenergie-politik-gesellschaft.de\/?cat=3"},"img":{"alt_text":"","src":"","width":0,"height":0},"classes":[]},{"id":1018,"url":"https:\/\/www.windenergie-politik-gesellschaft.de\/?p=1018","url_meta":{"origin":1131,"position":2},"title":"Umlageprivileg f\u00fcr Stromspeicher &#8211; Tool zur Berechnung der reduzierten EEG-Umlage nach \u00a7 61k EEG 2017","author":"Joern Woehlk","date":"4. Februar 2019","format":false,"excerpt":"Zur Ermittlung und als Nachweis der Verringerung der EEG-Umlage f\u00fcr Strom, welcher in einem Stromspeicher nach den Vorgaben des \u00a7 61k Abs. 1 EEG 2017 verbraucht wird, stellen die \u00dcbertragungsnetzbetreiber nachfolgend ein Berechnungstool zum Download zur Verf\u00fcgung. Quelle: Netztransparenz > EEG > Umlageprivileg f\u00fcr Stromspeicher","rel":"","context":"In &quot;Marktdaten&quot;","block_context":{"text":"Marktdaten","link":"https:\/\/www.windenergie-politik-gesellschaft.de\/?cat=22"},"img":{"alt_text":"","src":"","width":0,"height":0},"classes":[]},{"id":210,"url":"https:\/\/www.windenergie-politik-gesellschaft.de\/?p=210","url_meta":{"origin":1131,"position":3},"title":"EEG Umlage f\u00fcr 2016","author":"Joern Woehlk","date":"15. Oktober 2015","format":false,"excerpt":"Die Bundesnetzagentur gibt die H\u00f6he der Umlage f\u00fcr 2016 bekannt. Leider steigt sie an, obwohl das EEG Umlagenkonto gut gef\u00fcllt ist. Es w\u00e4re aber auch schwierig gewesen ein Ausschreibungsverfahren einzuf\u00fchren, wenn die EEG Umlage sinkt... Der einzige Vorteil ist, das Strom nun noch teurer oder wertvoller wird und somit hoffentlich\u2026","rel":"","context":"In &quot;Marktdaten&quot;","block_context":{"text":"Marktdaten","link":"https:\/\/www.windenergie-politik-gesellschaft.de\/?cat=22"},"img":{"alt_text":"","src":"","width":0,"height":0},"classes":[]},{"id":191,"url":"https:\/\/www.windenergie-politik-gesellschaft.de\/?p=191","url_meta":{"origin":1131,"position":4},"title":"EEG-Umlage: Die Energiewende wird wieder teurer","author":"Joern Woehlk","date":"14. Oktober 2015","format":false,"excerpt":"Billiger B\u00f6rsenstrom f\u00fchrt nicht zu sinkenden Strompreisen. Im Gegenteil: Die Umlage zur \u00d6kostromf\u00f6rderung steigt gerade deshalb in Richtung eines neuen Rekordniveaus. Quelle: EEG-Umlage: Die Energiewende wird wieder teurer","rel":"","context":"In &quot;Marktdaten&quot;","block_context":{"text":"Marktdaten","link":"https:\/\/www.windenergie-politik-gesellschaft.de\/?cat=22"},"img":{"alt_text":"","src":"","width":0,"height":0},"classes":[]},{"id":140,"url":"https:\/\/www.windenergie-politik-gesellschaft.de\/?p=140","url_meta":{"origin":1131,"position":5},"title":"Szenarien f\u00fcr die zuk\u00fcnftige Entwicklung der EEG Umlage (bis 2017)","author":"Joern Woehlk","date":"11. Oktober 2015","format":false,"excerpt":"Quelle: szenarien-fuer-die-zukuenftige-entwicklung-der-eeg-umlage,property=pdf,bereich=bmwi2012,sprache=de,rwb=true.pdf","rel":"","context":"In &quot;Marktdaten&quot;","block_context":{"text":"Marktdaten","link":"https:\/\/www.windenergie-politik-gesellschaft.de\/?cat=22"},"img":{"alt_text":"","src":"","width":0,"height":0},"classes":[]}],"_links":{"self":[{"href":"https:\/\/www.windenergie-politik-gesellschaft.de\/index.php?rest_route=\/wp\/v2\/posts\/1131","targetHints":{"allow":["GET"]}}],"collection":[{"href":"https:\/\/www.windenergie-politik-gesellschaft.de\/index.php?rest_route=\/wp\/v2\/posts"}],"about":[{"href":"https:\/\/www.windenergie-politik-gesellschaft.de\/index.php?rest_route=\/wp\/v2\/types\/post"}],"author":[{"embeddable":true,"href":"https:\/\/www.windenergie-politik-gesellschaft.de\/index.php?rest_route=\/wp\/v2\/users\/2"}],"replies":[{"embeddable":true,"href":"https:\/\/www.windenergie-politik-gesellschaft.de\/index.php?rest_route=%2Fwp%2Fv2%2Fcomments&post=1131"}],"version-history":[{"count":1,"href":"https:\/\/www.windenergie-politik-gesellschaft.de\/index.php?rest_route=\/wp\/v2\/posts\/1131\/revisions"}],"predecessor-version":[{"id":1132,"href":"https:\/\/www.windenergie-politik-gesellschaft.de\/index.php?rest_route=\/wp\/v2\/posts\/1131\/revisions\/1132"}],"wp:attachment":[{"href":"https:\/\/www.windenergie-politik-gesellschaft.de\/index.php?rest_route=%2Fwp%2Fv2%2Fmedia&parent=1131"}],"wp:term":[{"taxonomy":"category","embeddable":true,"href":"https:\/\/www.windenergie-politik-gesellschaft.de\/index.php?rest_route=%2Fwp%2Fv2%2Fcategories&post=1131"},{"taxonomy":"post_tag","embeddable":true,"href":"https:\/\/www.windenergie-politik-gesellschaft.de\/index.php?rest_route=%2Fwp%2Fv2%2Ftags&post=1131"}],"curies":[{"name":"wp","href":"https:\/\/api.w.org\/{rel}","templated":true}]}}