{"id":1141,"date":"2020-01-13T08:49:14","date_gmt":"2020-01-13T07:49:14","guid":{"rendered":"https:\/\/www.windenergie-politik-gesellschaft.de\/?p=1141"},"modified":"2020-01-13T08:49:14","modified_gmt":"2020-01-13T07:49:14","slug":"katapult-windrad-sucht-standort","status":"publish","type":"post","link":"https:\/\/www.windenergie-politik-gesellschaft.de\/?p=1141","title":{"rendered":"KATAPULT &#8211; Windrad sucht Standort"},"content":{"rendered":"<p>Eine aktuelle Aufarbeitung der Thematik f\u00fcr Deutschland. Leider geht der Artikel nicht sehr in die Tiefe, befasst sich aber mit vielen Problembereichen.<\/p>\n<p>So sind alle Regionalplanungen &#8220;mit Ausschlu\u00df&#8221; bisher erfolgreich beklagt worden und gescheitert. regelm\u00e4\u00dfig stehen alle Windakteure vor einem Scherbenhaufen. Landesregierungen versuchen mit dem Ausschlu\u00df die &#8220;Verspragelung&#8221; zu verhindern; Gemeinden, die mit nur einem Windrad genug Strom f\u00fcr ihre B\u00fcrger produzieren k\u00f6nnten, werden durch den Ausschlu\u00df gehindert. andere Gemneinden werde nvon oben herab gezwungen, die Landesplanung zu akzeptieren. Hier liegt das Problem.<\/p>\n<p>Quelle: <em><a href=\"https:\/\/katapult-magazin.de\/de\/artikel\/artikel\/fulltext\/windrad-sucht-standort\/\">KATAPULT &#8211; Windrad sucht Standort<\/a><\/em><\/p>\n","protected":false},"excerpt":{"rendered":"<p>Eine aktuelle Aufarbeitung der Thematik f\u00fcr Deutschland. Leider geht der Artikel nicht sehr in die Tiefe, befasst sich aber mit vielen Problembereichen. So sind alle Regionalplanungen &#8220;mit Ausschlu\u00df&#8221; bisher erfolgreich beklagt worden und gescheitert. regelm\u00e4\u00dfig stehen alle Windakteure vor einem Scherbenhaufen. Landesregierungen versuchen mit dem Ausschlu\u00df die &#8220;Verspragelung&#8221; zu verhindern; Gemeinden, die mit nur einem &#8230; <a title=\"KATAPULT &#8211; Windrad sucht Standort\" class=\"read-more\" href=\"https:\/\/www.windenergie-politik-gesellschaft.de\/?p=1141\" aria-label=\"Mehr Informationen \u00fcber KATAPULT &#8211; Windrad sucht Standort\">Weiterlesen<\/a><\/p>\n","protected":false},"author":2,"featured_media":0,"comment_status":"open","ping_status":"open","sticky":false,"template":"","format":"standard","meta":{"jetpack_post_was_ever_published":false,"_jetpack_newsletter_access":"","_jetpack_dont_email_post_to_subs":false,"_jetpack_newsletter_tier_id":0,"_jetpack_memberships_contains_paywalled_content":false,"_jetpack_memberships_contains_paid_content":false,"footnotes":"","jetpack_publicize_message":"","jetpack_publicize_feature_enabled":true,"jetpack_social_post_already_shared":true,"jetpack_social_options":{"image_generator_settings":{"template":"highway","default_image_id":0,"font":"","enabled":false},"version":2}},"categories":[3,1],"tags":[169,84,81],"class_list":["post-1141","post","type-post","status-publish","format-standard","hentry","category-presse","category-windenergie-allgemein","tag-gegenwind","tag-marktdaten","tag-regionalplanung"],"jetpack_publicize_connections":[],"jetpack_featured_media_url":"","jetpack_sharing_enabled":true,"jetpack_shortlink":"https:\/\/wp.me\/p6ODB3-ip","jetpack-related-posts":[{"id":734,"url":"https:\/\/www.windenergie-politik-gesellschaft.de\/?p=734","url_meta":{"origin":1141,"position":0},"title":"Saudi-Arabien weiht erstes Windrad ein","author":"Joern Woehlk","date":"18. Januar 2017","format":false,"excerpt":"Saudi-Arabien ist vom Export seines \u00d6ls abh\u00e4ngig. Damit sich das in Zukunft \u00e4ndert, sollen Milliarden in den Bau von \u00d6kostrom-Anlagen flie\u00dfen. Ein erstes symbolisches Windrad dreht sich jetzt in dem Golfstaat. Quelle: Startschuss f\u00fcr Milliardenprogramm: Saudi-Arabien weiht erstes Windrad ein","rel":"","context":"In &quot;Presse&quot;","block_context":{"text":"Presse","link":"https:\/\/www.windenergie-politik-gesellschaft.de\/?cat=3"},"img":{"alt_text":"","src":"","width":0,"height":0},"classes":[]},{"id":1112,"url":"https:\/\/www.windenergie-politik-gesellschaft.de\/?p=1112","url_meta":{"origin":1141,"position":1},"title":"Fake News Windkraftgegner &#8211; Darf ich ein Windrad in den Wald stellen?","author":"Joern Woehlk","date":"16. August 2019","format":false,"excerpt":"Fake News der Winkraftgegner? Hier kann sich jeder selbst ein Bild machen. Weiter unten im Beitrag findet sich ein kurzes Gespr\u00e4ch der Gegner und Bef\u00fcrworter. Die Argumente der Gegener sind wie so oft nicht plausibel und zeigen die typische Nimby (not in my backyard) Verweigerungshaltung. Die CO2 Einsparungen sind deutlich\u2026","rel":"","context":"In &quot;Gegenwind&quot;","block_context":{"text":"Gegenwind","link":"https:\/\/www.windenergie-politik-gesellschaft.de\/?cat=161"},"img":{"alt_text":"","src":"","width":0,"height":0},"classes":[]},{"id":846,"url":"https:\/\/www.windenergie-politik-gesellschaft.de\/?p=846","url_meta":{"origin":1141,"position":2},"title":"Ein Stresstrigger &#8211; warum Windenergie nicht laut ist&#8230;","author":"Joern Woehlk","date":"19. September 2017","format":false,"excerpt":"Ein Stresstrigger - Windr\u00e4der bel\u00e4stigen nicht durch ihre Lautst\u00e4rke: Es ist nicht die Lautst\u00e4rke, sondern die Art des Ger\u00e4usches, die Windrad-Gegner auf die Palme bringt, meint die Umweltpsychologin Prof. Gundula H\u00fcbner aus Halle.Quelle: Ein Stresstrigger - 3sat.Mediathek","rel":"","context":"In &quot;TV Beitr\u00e4ge&quot;","block_context":{"text":"TV Beitr\u00e4ge","link":"https:\/\/www.windenergie-politik-gesellschaft.de\/?cat=130"},"img":{"alt_text":"","src":"","width":0,"height":0},"classes":[]},{"id":621,"url":"https:\/\/www.windenergie-politik-gesellschaft.de\/?p=621","url_meta":{"origin":1141,"position":3},"title":"Propaganda f\u00fcr die Braunkohle &#8211; Zwei Systeme f\u00fcr eine Aufgabe: Versorgungssicherheit im Stromsektor","author":"Joern Woehlk","date":"4. September 2016","format":false,"excerpt":"Sonntag ist mal wieder Zeit, um der Propaganda der Kohlelobby zu lauschen. Und schnell wurde ich f\u00fcndig, diesmal mit einem Artikel der m\u00e4chtig ideologisch \"Pro-Braunkohle\" eingef\u00e4rbt ist, was nicht verwunderlich ist, da er von einem f\u00fchrenden Vertreter der Braunkohleindustrie geschrieben wurde. Geschickt suggeriert Herr Milojcic zun\u00e4chst, einen gut reflektierten und\u2026","rel":"","context":"In &quot;Strom - Netze&quot;","block_context":{"text":"Strom - Netze","link":"https:\/\/www.windenergie-politik-gesellschaft.de\/?cat=11"},"img":{"alt_text":"","src":"","width":0,"height":0},"classes":[]},{"id":814,"url":"https:\/\/www.windenergie-politik-gesellschaft.de\/?p=814","url_meta":{"origin":1141,"position":4},"title":"SMARD","author":"Joern Woehlk","date":"10. Juli 2017","format":false,"excerpt":"SMARD, die neue Strommarkt-Plattform, ist online SMARD, die Informationsplattform der Bundesnetzagentur zum Strommarkt, ist online. Sie bietet aktuelle und f\u00fcr jeden verst\u00e4ndliche Strommarktdaten. Der Staatssekret\u00e4r im Bundesministerium f\u00fcr Wirtschaft und Energie, Rainer Baake, dazu: \"\"Die Daten sind anwenderfreundlich aufbereitet, so dass auch Laien damit zurechtkommen. F\u00fcr Experten gibt es umfangreiche\u2026","rel":"","context":"In &quot;Marktdaten&quot;","block_context":{"text":"Marktdaten","link":"https:\/\/www.windenergie-politik-gesellschaft.de\/?cat=22"},"img":{"alt_text":"","src":"","width":0,"height":0},"classes":[]},{"id":799,"url":"https:\/\/www.windenergie-politik-gesellschaft.de\/?p=799","url_meta":{"origin":1141,"position":5},"title":"Eine Lanze brechen f\u00fcr die Akzeptanz der Windenergie in der Bev\u00f6lkerung","author":"Joern Woehlk","date":"27. Juni 2017","format":false,"excerpt":"Je n\u00e4her wir in Deutschland dem \"S\u00e4ttigungsgrad\" kommen - 2% der Landesfl\u00e4che soll f\u00fcr Windenergie nutzbar gemacht werden - desto mehr Gegner finden sich und umso mehr h\u00f6rt man auch den Standardspruch, der landauf landab immer wieder zu h\u00f6ren ist: \"Wir sind nicht gegen Windenergie, aber nicht vor unserer Haust\u00fcr!\"\u2026","rel":"","context":"In &quot;Windenergie allgemein&quot;","block_context":{"text":"Windenergie allgemein","link":"https:\/\/www.windenergie-politik-gesellschaft.de\/?cat=1"},"img":{"alt_text":"","src":"","width":0,"height":0},"classes":[]}],"_links":{"self":[{"href":"https:\/\/www.windenergie-politik-gesellschaft.de\/index.php?rest_route=\/wp\/v2\/posts\/1141","targetHints":{"allow":["GET"]}}],"collection":[{"href":"https:\/\/www.windenergie-politik-gesellschaft.de\/index.php?rest_route=\/wp\/v2\/posts"}],"about":[{"href":"https:\/\/www.windenergie-politik-gesellschaft.de\/index.php?rest_route=\/wp\/v2\/types\/post"}],"author":[{"embeddable":true,"href":"https:\/\/www.windenergie-politik-gesellschaft.de\/index.php?rest_route=\/wp\/v2\/users\/2"}],"replies":[{"embeddable":true,"href":"https:\/\/www.windenergie-politik-gesellschaft.de\/index.php?rest_route=%2Fwp%2Fv2%2Fcomments&post=1141"}],"version-history":[{"count":1,"href":"https:\/\/www.windenergie-politik-gesellschaft.de\/index.php?rest_route=\/wp\/v2\/posts\/1141\/revisions"}],"predecessor-version":[{"id":1142,"href":"https:\/\/www.windenergie-politik-gesellschaft.de\/index.php?rest_route=\/wp\/v2\/posts\/1141\/revisions\/1142"}],"wp:attachment":[{"href":"https:\/\/www.windenergie-politik-gesellschaft.de\/index.php?rest_route=%2Fwp%2Fv2%2Fmedia&parent=1141"}],"wp:term":[{"taxonomy":"category","embeddable":true,"href":"https:\/\/www.windenergie-politik-gesellschaft.de\/index.php?rest_route=%2Fwp%2Fv2%2Fcategories&post=1141"},{"taxonomy":"post_tag","embeddable":true,"href":"https:\/\/www.windenergie-politik-gesellschaft.de\/index.php?rest_route=%2Fwp%2Fv2%2Ftags&post=1141"}],"curies":[{"name":"wp","href":"https:\/\/api.w.org\/{rel}","templated":true}]}}