{"id":1171,"date":"2020-04-21T14:57:38","date_gmt":"2020-04-21T12:57:38","guid":{"rendered":"https:\/\/www.windenergie-politik-gesellschaft.de\/?p=1171"},"modified":"2020-04-21T14:57:38","modified_gmt":"2020-04-21T12:57:38","slug":"akzeptanz-in-der-flaeche-protest-im-lokalen-studie-zur-windenergie-an-land-april-2020","status":"publish","type":"post","link":"https:\/\/www.windenergie-politik-gesellschaft.de\/?p=1171","title":{"rendered":"AKZEPTANZ IN DER FL\u00c4CHE, PROTEST IM LOKALEN? STUDIE ZUR WINDENERGIE AN LAND, April 2020"},"content":{"rendered":"<p>Quelle: <em><a href=\"https:\/\/www.unendlich-viel-energie.de\/media\/file\/3801.AEE_Renews_Spezial_90_Akzeptanz-Wind_Apr20.pdf\">3801.AEE_Renews_Spezial_90_Akzeptanz-Wind_Apr20.pdf<\/a><\/em><\/p>\n","protected":false},"excerpt":{"rendered":"<p>Quelle: 3801.AEE_Renews_Spezial_90_Akzeptanz-Wind_Apr20.pdf<\/p>\n","protected":false},"author":2,"featured_media":0,"comment_status":"open","ping_status":"open","sticky":false,"template":"","format":"standard","meta":{"jetpack_post_was_ever_published":false,"_jetpack_newsletter_access":"","_jetpack_dont_email_post_to_subs":false,"_jetpack_newsletter_tier_id":0,"_jetpack_memberships_contains_paywalled_content":false,"_jetpack_memberships_contains_paid_content":false,"footnotes":"","jetpack_publicize_message":"","jetpack_publicize_feature_enabled":true,"jetpack_social_post_already_shared":true,"jetpack_social_options":{"image_generator_settings":{"template":"highway","default_image_id":0,"font":"","enabled":false},"version":2}},"categories":[19,1],"tags":[13,169],"class_list":["post-1171","post","type-post","status-publish","format-standard","hentry","category-mediation","category-windenergie-allgemein","tag-akzeptanz","tag-gegenwind"],"jetpack_publicize_connections":[],"jetpack_featured_media_url":"","jetpack_sharing_enabled":true,"jetpack_shortlink":"https:\/\/wp.me\/p6ODB3-iT","jetpack-related-posts":[{"id":333,"url":"https:\/\/www.windenergie-politik-gesellschaft.de\/?p=333","url_meta":{"origin":1171,"position":0},"title":"Abstand und Akzeptanz &#8211; eine Untersuchung aus 2015","author":"Joern Woehlk","date":"22. Januar 2016","format":false,"excerpt":"\"Ein bedeutsamer Zusammenhang mit dem Abstand l\u00e4sst sich weder f\u00fcr die Akzeptanz noch f\u00fcr die Stresswirkungen von WEA nachweisen, wenn der geltende Immissionsschutz eingehalten wird. Die Aussage, mit steigendem Abstand n\u00e4hme die Akzeptanz zu oder die Bel\u00e4stigung ab, l\u00e4sst sich empirisch nicht st\u00fctzen.\" Diese und weitere spannende Aussagen finden Sie\u2026","rel":"","context":"In &quot;Mediation&quot;","block_context":{"text":"Mediation","link":"https:\/\/www.windenergie-politik-gesellschaft.de\/?cat=19"},"img":{"alt_text":"","src":"","width":0,"height":0},"classes":[]},{"id":741,"url":"https:\/\/www.windenergie-politik-gesellschaft.de\/?p=741","url_meta":{"origin":1171,"position":1},"title":"airspex sorgt f\u00fcr bedarfsgerechte Beleuchtung von Windenergieanlagen: Anwohner werden vom Dauerblinken befreit","author":"Joern Woehlk","date":"3. Februar 2017","format":false,"excerpt":"Ein echter durchbruch f\u00fcr die Akzeptanz von Windenergieanlagen! Es ist ein immer wiederkehrendes Thema und sorgt f\u00fcr eine abnehmende Akzeptanz bei Windkraft: Das Dauerblinken der Anlagen im Dunkeln. Die Anwohner der Region rund um Marne in Schleswig-Holstein k\u00f6nnenQuelle: airspex sorgt f\u00fcr bedarfsgerechte Beleuchtung von Windenergieanlagen: Anwohner werden vom Dauerblinken befreit","rel":"","context":"In &quot;Mediation&quot;","block_context":{"text":"Mediation","link":"https:\/\/www.windenergie-politik-gesellschaft.de\/?cat=19"},"img":{"alt_text":"","src":"","width":0,"height":0},"classes":[]},{"id":100,"url":"https:\/\/www.windenergie-politik-gesellschaft.de\/?p=100","url_meta":{"origin":1171,"position":2},"title":"Genehmigungsverfahren und Akzeptanz von Vorhaben","author":"Joern Woehlk","date":"24. September 2015","format":false,"excerpt":"ein kosntruktiver Beitrag der IHK Ostbrandenburg und Cottbus... Fazit: ...Jeden zu \u00fcberzeugen wird jedoch nicht gelingen. Deshalb ist auch Konsequenz gefordert. Ist die Genehmigung erteilt, sind alle Einw\u00e4nde ber\u00fccksichtigt und ist die Balance zwischen wirtschaftlichen, sozialen und umweltpolitischen Interessen hergestellt, steht den Investitionen nichts mehr im Weg. Gerade kleine und\u2026","rel":"","context":"In &quot;Windenergie allgemein&quot;","block_context":{"text":"Windenergie allgemein","link":"https:\/\/www.windenergie-politik-gesellschaft.de\/?cat=1"},"img":{"alt_text":"","src":"","width":0,"height":0},"classes":[]},{"id":284,"url":"https:\/\/www.windenergie-politik-gesellschaft.de\/?p=284","url_meta":{"origin":1171,"position":3},"title":"FA Wind Umfrageergebnisse Herbst 2015","author":"Joern Woehlk","date":"2. Dezember 2015","format":false,"excerpt":"Knapp die H\u00e4lfte der Bev\u00f6lkerung lebt nach eigenem Bekunden mit Windenergieanlagen im direkten Wohnumfeld. Die Ergebnisse der Fragen zur Akzeptanz von Windene rgieanlagen im Wohnumfeld best\u00e4tigen die Be- obachtung, dass die Zustimmung f\u00fcr die Windenergien utzung vor Ort mit der individuellen Vorerfah- rung zunimmt. Die Errichtung neuer Anlagen in bisla\u2026","rel":"","context":"In &quot;Mediation&quot;","block_context":{"text":"Mediation","link":"https:\/\/www.windenergie-politik-gesellschaft.de\/?cat=19"},"img":{"alt_text":"","src":"","width":0,"height":0},"classes":[]},{"id":339,"url":"https:\/\/www.windenergie-politik-gesellschaft.de\/?p=339","url_meta":{"origin":1171,"position":4},"title":"Zwischenergebnisse der Studie B\u00fcrgerwind &#8211; Perspektiven aus NRW","author":"Joern Woehlk","date":"28. Januar 2016","format":false,"excerpt":"Quelle: Zwischenergebnisse-der-Studie-B\u00fcrgerwind-Perspektiven-aus-NRW-und-der-Welt_WWEA_LEE-NRW.pdf","rel":"","context":"In &quot;Marktdaten&quot;","block_context":{"text":"Marktdaten","link":"https:\/\/www.windenergie-politik-gesellschaft.de\/?cat=22"},"img":{"alt_text":"","src":"","width":0,"height":0},"classes":[]},{"id":1193,"url":"https:\/\/www.windenergie-politik-gesellschaft.de\/?p=1193","url_meta":{"origin":1171,"position":5},"title":"Der gebremste Windkraft-Ausbau | Panorama 3 | NDR","author":"Joern Woehlk","date":"11. August 2020","format":false,"excerpt":"Guter Beitrag, warum alles stockt im Bereich der Windenergie.","rel":"","context":"In &quot;TV Beitr\u00e4ge&quot;","block_context":{"text":"TV Beitr\u00e4ge","link":"https:\/\/www.windenergie-politik-gesellschaft.de\/?cat=130"},"img":{"alt_text":"","src":"","width":0,"height":0},"classes":[]}],"_links":{"self":[{"href":"https:\/\/www.windenergie-politik-gesellschaft.de\/index.php?rest_route=\/wp\/v2\/posts\/1171","targetHints":{"allow":["GET"]}}],"collection":[{"href":"https:\/\/www.windenergie-politik-gesellschaft.de\/index.php?rest_route=\/wp\/v2\/posts"}],"about":[{"href":"https:\/\/www.windenergie-politik-gesellschaft.de\/index.php?rest_route=\/wp\/v2\/types\/post"}],"author":[{"embeddable":true,"href":"https:\/\/www.windenergie-politik-gesellschaft.de\/index.php?rest_route=\/wp\/v2\/users\/2"}],"replies":[{"embeddable":true,"href":"https:\/\/www.windenergie-politik-gesellschaft.de\/index.php?rest_route=%2Fwp%2Fv2%2Fcomments&post=1171"}],"version-history":[{"count":1,"href":"https:\/\/www.windenergie-politik-gesellschaft.de\/index.php?rest_route=\/wp\/v2\/posts\/1171\/revisions"}],"predecessor-version":[{"id":1172,"href":"https:\/\/www.windenergie-politik-gesellschaft.de\/index.php?rest_route=\/wp\/v2\/posts\/1171\/revisions\/1172"}],"wp:attachment":[{"href":"https:\/\/www.windenergie-politik-gesellschaft.de\/index.php?rest_route=%2Fwp%2Fv2%2Fmedia&parent=1171"}],"wp:term":[{"taxonomy":"category","embeddable":true,"href":"https:\/\/www.windenergie-politik-gesellschaft.de\/index.php?rest_route=%2Fwp%2Fv2%2Fcategories&post=1171"},{"taxonomy":"post_tag","embeddable":true,"href":"https:\/\/www.windenergie-politik-gesellschaft.de\/index.php?rest_route=%2Fwp%2Fv2%2Ftags&post=1171"}],"curies":[{"name":"wp","href":"https:\/\/api.w.org\/{rel}","templated":true}]}}