{"id":1275,"date":"2021-07-14T09:05:56","date_gmt":"2021-07-14T07:05:56","guid":{"rendered":"https:\/\/www.windenergie-politik-gesellschaft.de\/?p=1275"},"modified":"2021-07-14T09:07:08","modified_gmt":"2021-07-14T07:07:08","slug":"die-preise-purzeln-oekostrom-kraftwerke-fast-immer-die-billigere-wahl","status":"publish","type":"post","link":"https:\/\/www.windenergie-politik-gesellschaft.de\/?p=1275","title":{"rendered":"Die Preise purzeln: \u00d6kostrom-Kraftwerke fast immer die billigere Wahl"},"content":{"rendered":"<p>LCOE sinken weiter f\u00fcr Erneuerbare<\/p>\n<p>Quelle: <em><a href=\"https:\/\/winfuture.de\/news,124004.html\">Die Preise purzeln: \u00d6kostrom-Kraftwerke fast immer die billigere Wahl &#8211; WinFuture.de<\/a><\/em><\/p>\n","protected":false},"excerpt":{"rendered":"<p>LCOE sinken weiter f\u00fcr Erneuerbare Quelle: Die Preise purzeln: \u00d6kostrom-Kraftwerke fast immer die billigere Wahl &#8211; WinFuture.de<\/p>\n","protected":false},"author":2,"featured_media":0,"comment_status":"open","ping_status":"open","sticky":false,"template":"","format":"standard","meta":{"jetpack_post_was_ever_published":false,"_jetpack_newsletter_access":"","_jetpack_dont_email_post_to_subs":false,"_jetpack_newsletter_tier_id":0,"_jetpack_memberships_contains_paywalled_content":false,"_jetpack_memberships_contains_paid_content":false,"footnotes":"","jetpack_publicize_message":"","jetpack_publicize_feature_enabled":true,"jetpack_social_post_already_shared":true,"jetpack_social_options":{"image_generator_settings":{"template":"highway","default_image_id":0,"font":"","enabled":false},"version":2}},"categories":[22],"tags":[165],"class_list":["post-1275","post","type-post","status-publish","format-standard","hentry","category-marktdaten","tag-lcoe"],"jetpack_publicize_connections":[],"jetpack_featured_media_url":"","jetpack_sharing_enabled":true,"jetpack_shortlink":"https:\/\/wp.me\/p6ODB3-kz","jetpack-related-posts":[{"id":1191,"url":"https:\/\/www.windenergie-politik-gesellschaft.de\/?p=1191","url_meta":{"origin":1275,"position":0},"title":"Das sind die EU-L\u00e4nder mit dem niedrigsten \u00d6kostrom-Anteil","author":"Joern Woehlk","date":"11. August 2020","format":false,"excerpt":"Sch\u00f6ne Darstellung der L\u00e4nder aus Europa, die v\u00f6llig versagen in Sachen Klimaschutz. Auf den letzten Platz sind ausgerechnet die Niederlande... Quelle: Das sind die EU-L\u00e4nder mit dem niedrigsten \u00d6kostrom-Anteil - Capital.de","rel":"","context":"In &quot;Marktdaten&quot;","block_context":{"text":"Marktdaten","link":"https:\/\/www.windenergie-politik-gesellschaft.de\/?cat=22"},"img":{"alt_text":"","src":"","width":0,"height":0},"classes":[]},{"id":674,"url":"https:\/\/www.windenergie-politik-gesellschaft.de\/?p=674","url_meta":{"origin":1275,"position":1},"title":"Z\u00e4hneknirschend: IEA korrigiert ihre Prognose","author":"Joern Woehlk","date":"26. Oktober 2016","format":false,"excerpt":"\"In Sachen \u00d6kostrom hat die Internationale Energieagentur IEA eine wichtige Kurskorrektur vorgenommen. Wie die Agentur am heutigen Dienstag mitteilte, geht sie nun von einem \"signifikant\" h\u00f6heren weltweiten Ausbau der Erneuerbaren aus als bislang....\" Nach dem viele Jahre die Entwicklung ignoriert und kleingeredet wurde! Kurskorrektur: Die Internationale Energieagentur reagiert auf Kritik\u2026","rel":"","context":"In &quot;Marktdaten&quot;","block_context":{"text":"Marktdaten","link":"https:\/\/www.windenergie-politik-gesellschaft.de\/?cat=22"},"img":{"alt_text":"","src":"","width":0,"height":0},"classes":[]},{"id":665,"url":"https:\/\/www.windenergie-politik-gesellschaft.de\/?p=665","url_meta":{"origin":1275,"position":2},"title":"Naturstrom AG: David gegen Goliath &#8211; 3sat.online &#8211; Mediathek","author":"Joern Woehlk","date":"16. Oktober 2016","format":false,"excerpt":"Vor 20 Jahren erfanden ein paar Energie-Nerds die Naturstrom AG. Heute verkauft das Unternehmen \u00d6kostrom an 240.000 Kunden. Geblieben ist der gef\u00e4hrliche Tanz mit Stromriesen und Politik.Quelle: 3sat.online - Mediathek: Naturstrom: David gegen Goliath","rel":"","context":"In &quot;TV Beitr\u00e4ge&quot;","block_context":{"text":"TV Beitr\u00e4ge","link":"https:\/\/www.windenergie-politik-gesellschaft.de\/?cat=130"},"img":{"alt_text":"","src":"","width":0,"height":0},"classes":[]},{"id":1131,"url":"https:\/\/www.windenergie-politik-gesellschaft.de\/?p=1131","url_meta":{"origin":1275,"position":3},"title":"Strompreiszusammensetzung 2020","author":"Joern Woehlk","date":"11. November 2019","format":false,"excerpt":"Stromkunden m\u00fcssen sich neben h\u00f6heren Stromnetzgeb\u00fchren auch auf steigende Steuern und Abgaben einstellen. Auf Grundlage der bei den \u00dcbertragungsnetzbetreiber vorliegenden Prognosedaten zieht die Abgaben-Belastung im kommenden Jahr um 4,5% an. Die Umlage zur F\u00f6rderung von \u00d6kostrom [EEG Umlage] steigt 2020 um 5,5%. Nach Angaben der Betreiber der gro\u00dfen Stromnetze 50Hertz,\u2026","rel":"","context":"In &quot;Marktdaten&quot;","block_context":{"text":"Marktdaten","link":"https:\/\/www.windenergie-politik-gesellschaft.de\/?cat=22"},"img":{"alt_text":"","src":"","width":0,"height":0},"classes":[]},{"id":844,"url":"https:\/\/www.windenergie-politik-gesellschaft.de\/?p=844","url_meta":{"origin":1275,"position":4},"title":"Billige Braunkohle &#8211; 3sat.Mediathek","author":"Joern Woehlk","date":"19. September 2017","format":false,"excerpt":"Eine paradoxe Situation: Wenn viel Windenergie ins Netz eingespeist wird, werden nur wenige fossile Kraftwerke gebraucht. Das Rennen macht dann die schmutzige Braunkohle.Quelle: Billige Braunkohle - 3sat.Mediathek","rel":"","context":"In &quot;TV Beitr\u00e4ge&quot;","block_context":{"text":"TV Beitr\u00e4ge","link":"https:\/\/www.windenergie-politik-gesellschaft.de\/?cat=130"},"img":{"alt_text":"","src":"","width":0,"height":0},"classes":[]},{"id":888,"url":"https:\/\/www.windenergie-politik-gesellschaft.de\/?p=888","url_meta":{"origin":1275,"position":5},"title":"Energiepolitischer Forderungskatalog SPD &#8211; eine Ente &#8211; Braunkohle Lobby schie\u00dft Eigentor","author":"Joern Woehlk","date":"8. Januar 2018","format":false,"excerpt":"Die Braunkohle-Kraftwerke werden nicht gedrosselt, weil sie sich dank der niedrigen deutschen Stromb\u00f6rsenpreise gegen\u00fcber anderen L\u00e4ndern behaupten. Das Exportgesch\u00e4ft hat ein Volumen von 1,4 Mrd. Euro. Da nehmen die Braunkohle-Verstromer auch ein paar Stunden mit Negativpreisen schonmal in Kauf, bevor ein Kraftwerk gedrosselt wird - zumal, wenn die Erneuerbaren als\u2026","rel":"","context":"In &quot;Presse&quot;","block_context":{"text":"Presse","link":"https:\/\/www.windenergie-politik-gesellschaft.de\/?cat=3"},"img":{"alt_text":"","src":"","width":0,"height":0},"classes":[]}],"_links":{"self":[{"href":"https:\/\/www.windenergie-politik-gesellschaft.de\/index.php?rest_route=\/wp\/v2\/posts\/1275","targetHints":{"allow":["GET"]}}],"collection":[{"href":"https:\/\/www.windenergie-politik-gesellschaft.de\/index.php?rest_route=\/wp\/v2\/posts"}],"about":[{"href":"https:\/\/www.windenergie-politik-gesellschaft.de\/index.php?rest_route=\/wp\/v2\/types\/post"}],"author":[{"embeddable":true,"href":"https:\/\/www.windenergie-politik-gesellschaft.de\/index.php?rest_route=\/wp\/v2\/users\/2"}],"replies":[{"embeddable":true,"href":"https:\/\/www.windenergie-politik-gesellschaft.de\/index.php?rest_route=%2Fwp%2Fv2%2Fcomments&post=1275"}],"version-history":[{"count":2,"href":"https:\/\/www.windenergie-politik-gesellschaft.de\/index.php?rest_route=\/wp\/v2\/posts\/1275\/revisions"}],"predecessor-version":[{"id":1278,"href":"https:\/\/www.windenergie-politik-gesellschaft.de\/index.php?rest_route=\/wp\/v2\/posts\/1275\/revisions\/1278"}],"wp:attachment":[{"href":"https:\/\/www.windenergie-politik-gesellschaft.de\/index.php?rest_route=%2Fwp%2Fv2%2Fmedia&parent=1275"}],"wp:term":[{"taxonomy":"category","embeddable":true,"href":"https:\/\/www.windenergie-politik-gesellschaft.de\/index.php?rest_route=%2Fwp%2Fv2%2Fcategories&post=1275"},{"taxonomy":"post_tag","embeddable":true,"href":"https:\/\/www.windenergie-politik-gesellschaft.de\/index.php?rest_route=%2Fwp%2Fv2%2Ftags&post=1275"}],"curies":[{"name":"wp","href":"https:\/\/api.w.org\/{rel}","templated":true}]}}