{"id":1285,"date":"2021-10-13T09:16:05","date_gmt":"2021-10-13T07:16:05","guid":{"rendered":"https:\/\/www.windenergie-politik-gesellschaft.de\/?p=1285"},"modified":"2021-10-13T09:16:05","modified_gmt":"2021-10-13T07:16:05","slug":"studie-ermittelt-erzeugungs-potenzial-und-bedarf-von-gruenem-wasserstoff-durch-windenergie-auf-see","status":"publish","type":"post","link":"https:\/\/www.windenergie-politik-gesellschaft.de\/?p=1285","title":{"rendered":"Studie ermittelt Erzeugungs-Potenzial und Bedarf von gr\u00fcnem Wasserstoff durch Windenergie auf See"},"content":{"rendered":"<p>Quelle: <em><a href=\"https:\/\/www.energie.de\/et\/news-detailansicht\/nsctrl\/detail\/News\/studie-ermittelt-erzeugungs-potenzial-und-bedarf-von-gruenem-wasserstoff-durch-windenergie-auf-see\">Studie ermittelt Erzeugungs-Potenzial und Bedarf von gr\u00fcnem Wasserstoff durch Windenergie auf See<\/a><\/em><\/p>\n","protected":false},"excerpt":{"rendered":"<p>Quelle: Studie ermittelt Erzeugungs-Potenzial und Bedarf von gr\u00fcnem Wasserstoff durch Windenergie auf See<\/p>\n","protected":false},"author":2,"featured_media":0,"comment_status":"open","ping_status":"open","sticky":false,"template":"","format":"standard","meta":{"jetpack_post_was_ever_published":false,"_jetpack_newsletter_access":"","_jetpack_dont_email_post_to_subs":false,"_jetpack_newsletter_tier_id":0,"_jetpack_memberships_contains_paywalled_content":false,"_jetpack_memberships_contains_paid_content":false,"footnotes":"","jetpack_publicize_message":"","jetpack_publicize_feature_enabled":true,"jetpack_social_post_already_shared":true,"jetpack_social_options":{"image_generator_settings":{"template":"highway","default_image_id":0,"font":"","enabled":false},"version":2}},"categories":[22],"tags":[204],"class_list":["post-1285","post","type-post","status-publish","format-standard","hentry","category-marktdaten","tag-gruener-wasserstoff"],"jetpack_publicize_connections":[],"jetpack_featured_media_url":"","jetpack_sharing_enabled":true,"jetpack_shortlink":"https:\/\/wp.me\/p6ODB3-kJ","jetpack-related-posts":[{"id":1005,"url":"https:\/\/www.windenergie-politik-gesellschaft.de\/?p=1005","url_meta":{"origin":1285,"position":0},"title":"Gr\u00fcner Wasserstoff &#8211; L\u00f6sung f\u00fcr den Strukturwandel?","author":"Joern Woehlk","date":"5. Dezember 2018","format":false,"excerpt":"\"Die strategische Ansiedlung einer Brennstoffzellen- und Elektrolysefertigung sowie einer sektoren\u00fcbergreifenden Wasserstoffwirtschaft in Deutschland ist vor diesem Hintergrund eine bedeutende industriepolitische Ma\u00dfnahme. So k\u00f6nnen durch eine gezielte industriepolitische Steuerung bis 2030 \u00fcber 70.000 Arbeitspl\u00e4tzeneu in diesem Bereich geschaffen werden. Bis 2050 w\u00fcrde sich sogar ein Marktpotential von weit \u00fcber 40 Mrd.\u2026","rel":"","context":"In &quot;Marktdaten&quot;","block_context":{"text":"Marktdaten","link":"https:\/\/www.windenergie-politik-gesellschaft.de\/?cat=22"},"img":{"alt_text":"","src":"","width":0,"height":0},"classes":[]},{"id":944,"url":"https:\/\/www.windenergie-politik-gesellschaft.de\/?p=944","url_meta":{"origin":1285,"position":1},"title":"Bahn mit Brennstoffzelle: Zug um Zug mit Wasserstoff","author":"Joern Woehlk","date":"4. Mai 2018","format":false,"excerpt":"Zwischen Wiesbaden und Frankfurt wird die erste Bahn mit Brennstoffzelle erprobt. Von au\u00dfen betrachtet, schnurrt sie fl\u00fcsterleise vor sich hin. Doch im Innenraum gibt es ein Problem.Quelle: Bahn mit Brennstoffzelle: Zug um Zug mit Wasserstoff","rel":"","context":"In &quot;Windenergie allgemein&quot;","block_context":{"text":"Windenergie allgemein","link":"https:\/\/www.windenergie-politik-gesellschaft.de\/?cat=1"},"img":{"alt_text":"","src":"","width":0,"height":0},"classes":[]},{"id":1143,"url":"https:\/\/www.windenergie-politik-gesellschaft.de\/?p=1143","url_meta":{"origin":1285,"position":2},"title":"ZDFzoom: Das Ende der Energiewende? &#8211;","author":"Joern Woehlk","date":"27. Februar 2020","format":false,"excerpt":"Endlich einmal ein ausgewogener Bericht zu dem Thema. Aus Angst vor der AfD macht CDU Minister Altmaier die Regenerativen Energien in Deutschland kaputt, weil vereinzelte B\u00fcrgerinitiativen Krach machen. Stattdessen baut er auf den Ersatz von Erd\u00f6l und Erdgas durch Wasserstoff. Quelle: ZDFzoom: Das Ende der Energiewende? - ZDFmediathek","rel":"","context":"In &quot;TV Beitr\u00e4ge&quot;","block_context":{"text":"TV Beitr\u00e4ge","link":"https:\/\/www.windenergie-politik-gesellschaft.de\/?cat=130"},"img":{"alt_text":"","src":"","width":0,"height":0},"classes":[]},{"id":187,"url":"https:\/\/www.windenergie-politik-gesellschaft.de\/?p=187","url_meta":{"origin":1285,"position":3},"title":"Wasserstoff &#8211; Energiespeicher der Zukunft?","author":"Joern Woehlk","date":"14. Oktober 2015","format":false,"excerpt":"Was machen wir in Zukunft mit \u00fcbersch\u00fcssigem Strom aus Wind und Sonne? Sachsen-Anhalt, ein Bundesland mit sehr viel Windenergie, setzt auf einen unterirdischen Wasserstoffspeicher. Ist das der Stromspeicher der Zukunft? Quelle: Wasserstoff - Energiespeicher der Zukunft?","rel":"","context":"In &quot;Presse&quot;","block_context":{"text":"Presse","link":"https:\/\/www.windenergie-politik-gesellschaft.de\/?cat=3"},"img":{"alt_text":"","src":"","width":0,"height":0},"classes":[]},{"id":122,"url":"https:\/\/www.windenergie-politik-gesellschaft.de\/?p=122","url_meta":{"origin":1285,"position":4},"title":"Windstromerzeugung 2015 \u00fcbertrifft bereits jetzt das Vorjahresniveau | BDEW | Bundesverband der Energie- und Wasserwirtschaft","author":"Joern Woehlk","date":"5. Oktober 2015","format":false,"excerpt":"Die Stromerzeugung aus Windkraft hat bereits Ende September den Saldo der Winderzeugung aus dem Gesamtjahr 2014 \u00fcbertroffen: Lag die Bilanz des Vorjahres bei 57,4 Milliarden Kilowattstunden ( Mrd. kWh), so wurden bis Ende September 2015 bereits 59 Mrd. kWh Strom durch Windkraft erzeugt. Dabei ist der auf See erzeugte Anteil\u2026","rel":"","context":"In &quot;Windenergie allgemein&quot;","block_context":{"text":"Windenergie allgemein","link":"https:\/\/www.windenergie-politik-gesellschaft.de\/?cat=1"},"img":{"alt_text":"","src":"","width":0,"height":0},"classes":[]},{"id":378,"url":"https:\/\/www.windenergie-politik-gesellschaft.de\/?p=378","url_meta":{"origin":1285,"position":5},"title":"Zweifel an Gef\u00e4hrdung des Rotmilans &#8211; Neue Energie","author":"Joern Woehlk","date":"5. Mai 2016","format":false,"excerpt":"Die neue Studie aus der Schweiz gibt Entwarnung f\u00fcr den als \u201ewindkraftsensibel\u201c eingestuften Raubvogel Rotmilan: Der Bestand sei nicht durch die Windkraft bedroht. Natursch\u00fctzer widersprechen vehement. Der Leser m\u00f6ge sich selbst eine Meinung machen, wie die Fakten liegen. Seeadler, Kranich und Rotmilan leben schon lange in unmittelbarer N\u00e4he von Windparks\u2026","rel":"","context":"In &quot;Mediation&quot;","block_context":{"text":"Mediation","link":"https:\/\/www.windenergie-politik-gesellschaft.de\/?cat=19"},"img":{"alt_text":"","src":"","width":0,"height":0},"classes":[]}],"_links":{"self":[{"href":"https:\/\/www.windenergie-politik-gesellschaft.de\/index.php?rest_route=\/wp\/v2\/posts\/1285","targetHints":{"allow":["GET"]}}],"collection":[{"href":"https:\/\/www.windenergie-politik-gesellschaft.de\/index.php?rest_route=\/wp\/v2\/posts"}],"about":[{"href":"https:\/\/www.windenergie-politik-gesellschaft.de\/index.php?rest_route=\/wp\/v2\/types\/post"}],"author":[{"embeddable":true,"href":"https:\/\/www.windenergie-politik-gesellschaft.de\/index.php?rest_route=\/wp\/v2\/users\/2"}],"replies":[{"embeddable":true,"href":"https:\/\/www.windenergie-politik-gesellschaft.de\/index.php?rest_route=%2Fwp%2Fv2%2Fcomments&post=1285"}],"version-history":[{"count":1,"href":"https:\/\/www.windenergie-politik-gesellschaft.de\/index.php?rest_route=\/wp\/v2\/posts\/1285\/revisions"}],"predecessor-version":[{"id":1286,"href":"https:\/\/www.windenergie-politik-gesellschaft.de\/index.php?rest_route=\/wp\/v2\/posts\/1285\/revisions\/1286"}],"wp:attachment":[{"href":"https:\/\/www.windenergie-politik-gesellschaft.de\/index.php?rest_route=%2Fwp%2Fv2%2Fmedia&parent=1285"}],"wp:term":[{"taxonomy":"category","embeddable":true,"href":"https:\/\/www.windenergie-politik-gesellschaft.de\/index.php?rest_route=%2Fwp%2Fv2%2Fcategories&post=1285"},{"taxonomy":"post_tag","embeddable":true,"href":"https:\/\/www.windenergie-politik-gesellschaft.de\/index.php?rest_route=%2Fwp%2Fv2%2Ftags&post=1285"}],"curies":[{"name":"wp","href":"https:\/\/api.w.org\/{rel}","templated":true}]}}