{"id":1317,"date":"2022-05-10T09:36:51","date_gmt":"2022-05-10T07:36:51","guid":{"rendered":"https:\/\/www.windenergie-politik-gesellschaft.de\/?p=1317"},"modified":"2022-05-10T09:36:51","modified_gmt":"2022-05-10T07:36:51","slug":"vogelkiller-windkraft-ploetzlich-loest-sich-argument-der-windkraft-gegner-auf","status":"publish","type":"post","link":"https:\/\/www.windenergie-politik-gesellschaft.de\/?p=1317","title":{"rendered":"Vogelkiller Windkraft: Pl\u00f6tzlich l\u00f6st sich Argument der Windkraft-Gegner auf"},"content":{"rendered":"<p>Quelle: <em><a href=\"https:\/\/www.focus.de\/perspektiven\/ploetzlich-loest-sich-das-wichtigste-argument-der-windkraft-gegner-in-luft-auf_id_94003678.html\">Vogelkiller Windkraft: Pl\u00f6tzlich l\u00f6st sich Argument der Windkraft-Gegner auf &#8211; FOCUS Online<\/a><\/em><\/p>\n","protected":false},"excerpt":{"rendered":"<p>Quelle: Vogelkiller Windkraft: Pl\u00f6tzlich l\u00f6st sich Argument der Windkraft-Gegner auf &#8211; FOCUS Online<\/p>\n","protected":false},"author":2,"featured_media":0,"comment_status":"open","ping_status":"open","sticky":false,"template":"","format":"standard","meta":{"jetpack_post_was_ever_published":false,"_jetpack_newsletter_access":"","_jetpack_dont_email_post_to_subs":false,"_jetpack_newsletter_tier_id":0,"_jetpack_memberships_contains_paywalled_content":false,"_jetpack_memberships_contains_paid_content":false,"footnotes":"","jetpack_publicize_message":"","jetpack_publicize_feature_enabled":true,"jetpack_social_post_already_shared":true,"jetpack_social_options":{"image_generator_settings":{"template":"highway","default_image_id":0,"font":"","enabled":false},"version":2}},"categories":[161,19,65],"tags":[189],"class_list":["post-1317","post","type-post","status-publish","format-standard","hentry","category-gegenwind","category-mediation","category-natur-und-artenschutz","tag-grossvoegel"],"jetpack_publicize_connections":[],"jetpack_featured_media_url":"","jetpack_sharing_enabled":true,"jetpack_shortlink":"https:\/\/wp.me\/p6ODB3-lf","jetpack-related-posts":[{"id":1151,"url":"https:\/\/www.windenergie-politik-gesellschaft.de\/?p=1151","url_meta":{"origin":1317,"position":0},"title":"Erneuerbare Energie: Wie umweltfreundlich ist Windkraft? | Unkraut | BR","author":"Joern Woehlk","date":"18. M\u00e4rz 2020","format":false,"excerpt":"Kurzer Beitrag, der die diversen Positionen der Bef\u00fcrworter und Gegner erkl\u00e4rt.","rel":"","context":"In &quot;Mediation&quot;","block_context":{"text":"Mediation","link":"https:\/\/www.windenergie-politik-gesellschaft.de\/?cat=19"},"img":{"alt_text":"","src":"","width":0,"height":0},"classes":[]},{"id":1300,"url":"https:\/\/www.windenergie-politik-gesellschaft.de\/?p=1300","url_meta":{"origin":1317,"position":1},"title":"Windkraft: Wo liegen die T\u00fccken beim Ausbau? &#8211; SWR Aktuell","author":"Joern Woehlk","date":"16. Dezember 2021","format":false,"excerpt":"\"Es gibt einen kleinen, aber sehr lauten Teil der Bev\u00f6lkerung, der sich gegen Windkraft-Projekte zur Wehr setzt. Aber es gibt eine gro\u00dfe Mehrheit, die eigentlich nicht wahrgenommen wird, die solche Projekte unterst\u00fctzt. \" Es gibt einen kleinen, aber sehr lauten Teil der Bev\u00f6lkerung, der sich gegen Windkraft-Projekte zur Wehr setzt.\u2026","rel":"","context":"In &quot;Mediation&quot;","block_context":{"text":"Mediation","link":"https:\/\/www.windenergie-politik-gesellschaft.de\/?cat=19"},"img":{"alt_text":"","src":"","width":0,"height":0},"classes":[]},{"id":1187,"url":"https:\/\/www.windenergie-politik-gesellschaft.de\/?p=1187","url_meta":{"origin":1317,"position":2},"title":"Windkraft in Deutschland: Was Gegner bef\u00fcrchten und Experten fordern","author":"Joern Woehlk","date":"11. August 2020","format":false,"excerpt":"Kriegskasse? Gemeinn\u00fctziger Verein? Pastoren, die keine Ahnung haben von Windenergie?","rel":"","context":"In &quot;TV Beitr\u00e4ge&quot;","block_context":{"text":"TV Beitr\u00e4ge","link":"https:\/\/www.windenergie-politik-gesellschaft.de\/?cat=130"},"img":{"alt_text":"","src":"","width":0,"height":0},"classes":[]},{"id":1310,"url":"https:\/\/www.windenergie-politik-gesellschaft.de\/?p=1310","url_meta":{"origin":1317,"position":3},"title":"Wie viel Windkraft passt nach Bayern?","author":"Joern Woehlk","date":"20. Januar 2022","format":false,"excerpt":"Der Druck auf Bayern nimmt zu - wird die 10H Regel abgeschafft? Quelle: Wie viel Windkraft passt nach Bayern? | BR24","rel":"","context":"In &quot;Windenergie allgemein&quot;","block_context":{"text":"Windenergie allgemein","link":"https:\/\/www.windenergie-politik-gesellschaft.de\/?cat=1"},"img":{"alt_text":"","src":"","width":0,"height":0},"classes":[]},{"id":854,"url":"https:\/\/www.windenergie-politik-gesellschaft.de\/?p=854","url_meta":{"origin":1317,"position":4},"title":"Weniger neue Anlagen im Freistaat: Geht der bayerischen Windkraft die Puste aus?","author":"Joern Woehlk","date":"19. September 2017","format":false,"excerpt":"In Deutschland boomt die Windkraft, im Freistaat aber werden immer weniger Windr\u00e4der gebaut. Die Zahl ist im zweiten Jahr in Folge gesunken, so der Landesverband Bayern des Bundesverbands Windenergie. Ist die bayerische Abstandsregelung daran schuld? Von Lorenz StorchQuelle: Weniger neue Anlagen im Freistaat: Geht der bayerischen Windkraft die Puste aus?\u2026","rel":"","context":"In &quot;Marktdaten&quot;","block_context":{"text":"Marktdaten","link":"https:\/\/www.windenergie-politik-gesellschaft.de\/?cat=22"},"img":{"alt_text":"","src":"","width":0,"height":0},"classes":[]},{"id":378,"url":"https:\/\/www.windenergie-politik-gesellschaft.de\/?p=378","url_meta":{"origin":1317,"position":5},"title":"Zweifel an Gef\u00e4hrdung des Rotmilans &#8211; Neue Energie","author":"Joern Woehlk","date":"5. Mai 2016","format":false,"excerpt":"Die neue Studie aus der Schweiz gibt Entwarnung f\u00fcr den als \u201ewindkraftsensibel\u201c eingestuften Raubvogel Rotmilan: Der Bestand sei nicht durch die Windkraft bedroht. Natursch\u00fctzer widersprechen vehement. Der Leser m\u00f6ge sich selbst eine Meinung machen, wie die Fakten liegen. Seeadler, Kranich und Rotmilan leben schon lange in unmittelbarer N\u00e4he von Windparks\u2026","rel":"","context":"In &quot;Mediation&quot;","block_context":{"text":"Mediation","link":"https:\/\/www.windenergie-politik-gesellschaft.de\/?cat=19"},"img":{"alt_text":"","src":"","width":0,"height":0},"classes":[]}],"_links":{"self":[{"href":"https:\/\/www.windenergie-politik-gesellschaft.de\/index.php?rest_route=\/wp\/v2\/posts\/1317","targetHints":{"allow":["GET"]}}],"collection":[{"href":"https:\/\/www.windenergie-politik-gesellschaft.de\/index.php?rest_route=\/wp\/v2\/posts"}],"about":[{"href":"https:\/\/www.windenergie-politik-gesellschaft.de\/index.php?rest_route=\/wp\/v2\/types\/post"}],"author":[{"embeddable":true,"href":"https:\/\/www.windenergie-politik-gesellschaft.de\/index.php?rest_route=\/wp\/v2\/users\/2"}],"replies":[{"embeddable":true,"href":"https:\/\/www.windenergie-politik-gesellschaft.de\/index.php?rest_route=%2Fwp%2Fv2%2Fcomments&post=1317"}],"version-history":[{"count":1,"href":"https:\/\/www.windenergie-politik-gesellschaft.de\/index.php?rest_route=\/wp\/v2\/posts\/1317\/revisions"}],"predecessor-version":[{"id":1318,"href":"https:\/\/www.windenergie-politik-gesellschaft.de\/index.php?rest_route=\/wp\/v2\/posts\/1317\/revisions\/1318"}],"wp:attachment":[{"href":"https:\/\/www.windenergie-politik-gesellschaft.de\/index.php?rest_route=%2Fwp%2Fv2%2Fmedia&parent=1317"}],"wp:term":[{"taxonomy":"category","embeddable":true,"href":"https:\/\/www.windenergie-politik-gesellschaft.de\/index.php?rest_route=%2Fwp%2Fv2%2Fcategories&post=1317"},{"taxonomy":"post_tag","embeddable":true,"href":"https:\/\/www.windenergie-politik-gesellschaft.de\/index.php?rest_route=%2Fwp%2Fv2%2Ftags&post=1317"}],"curies":[{"name":"wp","href":"https:\/\/api.w.org\/{rel}","templated":true}]}}