{"id":1382,"date":"2024-02-24T22:51:06","date_gmt":"2024-02-24T21:51:06","guid":{"rendered":"https:\/\/www.windenergie-politik-gesellschaft.de\/?p=1382"},"modified":"2024-02-24T22:51:06","modified_gmt":"2024-02-24T21:51:06","slug":"bee-stellungnahme-zur-stromspeicherstrategie-des-bmwk-bundesverband-erneuerbare-energie-e-v","status":"publish","type":"post","link":"https:\/\/www.windenergie-politik-gesellschaft.de\/?p=1382","title":{"rendered":"BEE-Stellungnahme zur Stromspeicherstrategie des BMWK: Bundesverband Erneuerbare Energie e.V."},"content":{"rendered":"<blockquote><p>Stromspeicher, Stromspeicherstrategie, Flexibilit\u00e4ten<\/p><\/blockquote>\n<p>Quelle: <em><a href=\"https:\/\/www.bee-ev.de\/service\/publikationen-medien\/beitrag\/bee-stellungnahme-zur-stromspeicherstrategie-des-bmwk\">BEE-Stellungnahme zur Stromspeicherstrategie des BMWK: Bundesverband Erneuerbare Energie e.V.<\/a><\/em><\/p>\n","protected":false},"excerpt":{"rendered":"<p>Stromspeicher, Stromspeicherstrategie, Flexibilit\u00e4ten Quelle: BEE-Stellungnahme zur Stromspeicherstrategie des BMWK: Bundesverband Erneuerbare Energie e.V.<\/p>\n","protected":false},"author":2,"featured_media":0,"comment_status":"open","ping_status":"open","sticky":false,"template":"","format":"standard","meta":{"jetpack_post_was_ever_published":false,"_jetpack_newsletter_access":"","_jetpack_dont_email_post_to_subs":false,"_jetpack_newsletter_tier_id":0,"_jetpack_memberships_contains_paywalled_content":false,"_jetpack_memberships_contains_paid_content":false,"footnotes":"","jetpack_publicize_message":"","jetpack_publicize_feature_enabled":true,"jetpack_social_post_already_shared":true,"jetpack_social_options":{"image_generator_settings":{"template":"highway","default_image_id":0,"font":"","enabled":false},"version":2}},"categories":[10],"tags":[179,219],"class_list":["post-1382","post","type-post","status-publish","format-standard","hentry","category-strom-speicher","tag-stromspeicher","tag-stromspeicherstrategie"],"jetpack_publicize_connections":[],"jetpack_featured_media_url":"","jetpack_sharing_enabled":true,"jetpack_shortlink":"https:\/\/wp.me\/p6ODB3-mi","jetpack-related-posts":[{"id":1359,"url":"https:\/\/www.windenergie-politik-gesellschaft.de\/?p=1359","url_meta":{"origin":1382,"position":0},"title":"BEE Studie Strommarktdesign","author":"Joern Woehlk","date":"14. Oktober 2023","format":false,"excerpt":"Das heutige Strommarktdesign ist nicht in der Lage, den klimapolitisch notwendigen Ausbau Erneuerbarer Energien zu gew\u00e4hrleisten. Daher hat der Bundesverband Erneuerbare Energie e.V. (BEE) eine durch die Fraunhofer Institute f\u00fcr Energiewirtschaft und Netzbetrieb (IEE) und Solare Energiesysteme (ISE) durchgef\u00fchrte und von der Kanzlei Becker B\u00fcttner Held (BBH) juristisch gepr\u00fcfte Studie\u2026","rel":"","context":"In &quot;Windenergie allgemein&quot;","block_context":{"text":"Windenergie allgemein","link":"https:\/\/www.windenergie-politik-gesellschaft.de\/?cat=1"},"img":{"alt_text":"","src":"","width":0,"height":0},"classes":[]},{"id":1384,"url":"https:\/\/www.windenergie-politik-gesellschaft.de\/?p=1384","url_meta":{"origin":1382,"position":1},"title":"BEE Studie Strommarktdesign","author":"Joern Woehlk","date":"24. Februar 2024","format":false,"excerpt":"Das heutige Strommarktdesign ist nicht in der Lage, den klimapolitisch notwendigen Ausbau Erneuerbarer Energien zu gew\u00e4hrleisten. Daher hat der Bundesverband Erneuerbare Energie e.V. (BEE) eine durch die Fraunhofer Institute f\u00fcr Energiewirtschaft und Netzbetrieb (IEE) und Solare Energiesysteme (ISE) durchgef\u00fchrte und von der Kanzlei Becker B\u00fcttner Held (BBH) juristisch gepr\u00fcfte Studie\u2026","rel":"","context":"In &quot;Strom - Netze&quot;","block_context":{"text":"Strom - Netze","link":"https:\/\/www.windenergie-politik-gesellschaft.de\/?cat=11"},"img":{"alt_text":"","src":"","width":0,"height":0},"classes":[]},{"id":1018,"url":"https:\/\/www.windenergie-politik-gesellschaft.de\/?p=1018","url_meta":{"origin":1382,"position":2},"title":"Umlageprivileg f\u00fcr Stromspeicher &#8211; Tool zur Berechnung der reduzierten EEG-Umlage nach \u00a7 61k EEG 2017","author":"Joern Woehlk","date":"4. Februar 2019","format":false,"excerpt":"Zur Ermittlung und als Nachweis der Verringerung der EEG-Umlage f\u00fcr Strom, welcher in einem Stromspeicher nach den Vorgaben des \u00a7 61k Abs. 1 EEG 2017 verbraucht wird, stellen die \u00dcbertragungsnetzbetreiber nachfolgend ein Berechnungstool zum Download zur Verf\u00fcgung. Quelle: Netztransparenz > EEG > Umlageprivileg f\u00fcr Stromspeicher","rel":"","context":"In &quot;Marktdaten&quot;","block_context":{"text":"Marktdaten","link":"https:\/\/www.windenergie-politik-gesellschaft.de\/?cat=22"},"img":{"alt_text":"","src":"","width":0,"height":0},"classes":[]},{"id":1443,"url":"https:\/\/www.windenergie-politik-gesellschaft.de\/?p=1443","url_meta":{"origin":1382,"position":3},"title":"BMWE &#8211; Fragen und Antworten (FAQ) zur Stromspeicher-Strategie","author":"Joern Woehlk","date":"16. August 2025","format":false,"excerpt":"Quelle: BMWE - Fragen und Antworten (FAQ) zur Stromspeicher-Strategie","rel":"","context":"In &quot;Strom-Speicher&quot;","block_context":{"text":"Strom-Speicher","link":"https:\/\/www.windenergie-politik-gesellschaft.de\/?cat=10"},"img":{"alt_text":"","src":"","width":0,"height":0},"classes":[]},{"id":1401,"url":"https:\/\/www.windenergie-politik-gesellschaft.de\/?p=1401","url_meta":{"origin":1382,"position":4},"title":"Studie zeigt: Stromversorgungssicherheit kann marktwirtschaftlich gew\u00e4hrleistet werden &#8211; Bundesverband Neue Energiewirtschaft e.V.","author":"Joern Woehlk","date":"25. Juli 2024","format":false,"excerpt":"Die Studie ist wirklich lesenswert (die kurze Version ist im Fazit zu finden). Endlich werden einmal andere Ans\u00e4tze diskutiert f\u00fcr ein zuk\u00fcnftiges Strommarktdesign, die meiner Meinung nach deutlich zielf\u00fchrender sind. Quelle: Studie zeigt: Stromversorgungssicherheit kann marktwirtschaftlich gew\u00e4hrleistet werden - Bundesverband Neue Energiewirtschaft e.V.","rel":"","context":"In &quot;Strom - Netze&quot;","block_context":{"text":"Strom - Netze","link":"https:\/\/www.windenergie-politik-gesellschaft.de\/?cat=11"},"img":{"alt_text":"","src":"","width":0,"height":0},"classes":[]},{"id":172,"url":"https:\/\/www.windenergie-politik-gesellschaft.de\/?p=172","url_meta":{"origin":1382,"position":5},"title":"Windstromerzeugung 2015 \u00fcbertrifft bereits jetzt das Vorjahresniveau | BDEW | Bundesverband der Energie- und Wasserwirtschaft","author":"Joern Woehlk","date":"13. Oktober 2015","format":false,"excerpt":"Die Stromerzeugung aus Windkraft hat bereits Ende September den Saldo der Winderzeugung aus dem Gesamtjahr 2014 \u00fcbertroffen: Lag die Bilanz des Vorjahres bei 57,4 Milliarden Kilowattstunden ( Mrd. kWh), so wurden bis Ende September 2015 bereits 59 Mrd. kWh Strom durch Windkraft erzeugt. Dabei ist der auf See erzeugte Anteil\u2026","rel":"","context":"In &quot;Marktdaten&quot;","block_context":{"text":"Marktdaten","link":"https:\/\/www.windenergie-politik-gesellschaft.de\/?cat=22"},"img":{"alt_text":"","src":"","width":0,"height":0},"classes":[]}],"_links":{"self":[{"href":"https:\/\/www.windenergie-politik-gesellschaft.de\/index.php?rest_route=\/wp\/v2\/posts\/1382","targetHints":{"allow":["GET"]}}],"collection":[{"href":"https:\/\/www.windenergie-politik-gesellschaft.de\/index.php?rest_route=\/wp\/v2\/posts"}],"about":[{"href":"https:\/\/www.windenergie-politik-gesellschaft.de\/index.php?rest_route=\/wp\/v2\/types\/post"}],"author":[{"embeddable":true,"href":"https:\/\/www.windenergie-politik-gesellschaft.de\/index.php?rest_route=\/wp\/v2\/users\/2"}],"replies":[{"embeddable":true,"href":"https:\/\/www.windenergie-politik-gesellschaft.de\/index.php?rest_route=%2Fwp%2Fv2%2Fcomments&post=1382"}],"version-history":[{"count":1,"href":"https:\/\/www.windenergie-politik-gesellschaft.de\/index.php?rest_route=\/wp\/v2\/posts\/1382\/revisions"}],"predecessor-version":[{"id":1383,"href":"https:\/\/www.windenergie-politik-gesellschaft.de\/index.php?rest_route=\/wp\/v2\/posts\/1382\/revisions\/1383"}],"wp:attachment":[{"href":"https:\/\/www.windenergie-politik-gesellschaft.de\/index.php?rest_route=%2Fwp%2Fv2%2Fmedia&parent=1382"}],"wp:term":[{"taxonomy":"category","embeddable":true,"href":"https:\/\/www.windenergie-politik-gesellschaft.de\/index.php?rest_route=%2Fwp%2Fv2%2Fcategories&post=1382"},{"taxonomy":"post_tag","embeddable":true,"href":"https:\/\/www.windenergie-politik-gesellschaft.de\/index.php?rest_route=%2Fwp%2Fv2%2Ftags&post=1382"}],"curies":[{"name":"wp","href":"https:\/\/api.w.org\/{rel}","templated":true}]}}