{"id":1393,"date":"2024-03-04T14:18:22","date_gmt":"2024-03-04T13:18:22","guid":{"rendered":"https:\/\/www.windenergie-politik-gesellschaft.de\/?p=1393"},"modified":"2024-03-04T14:18:22","modified_gmt":"2024-03-04T13:18:22","slug":"endlich-natur-und-klimaschutz-ruecken-zusammen","status":"publish","type":"post","link":"https:\/\/www.windenergie-politik-gesellschaft.de\/?p=1393","title":{"rendered":"Endlich: Natur- und Klimaschutz r\u00fccken zusammen"},"content":{"rendered":"<blockquote><p>Artenschutz k\u00f6nnte mit Windenergie k\u00fcnftig Hand in Hand gehen. Erste Gesetze sind dazu auf den Weg gebracht worden.<\/p><\/blockquote>\n<p>Quelle: <em><a href=\"https:\/\/www.erneuerbareenergien.de\/technologie\/onshore-wind\/endlich-natur-und-klimaschutz-ruecken-zusammen\">Endlich: Natur- und Klimaschutz r\u00fccken zusammen<\/a><\/em><\/p>\n","protected":false},"excerpt":{"rendered":"<p>Artenschutz k\u00f6nnte mit Windenergie k\u00fcnftig Hand in Hand gehen. Erste Gesetze sind dazu auf den Weg gebracht worden. Quelle: Endlich: Natur- und Klimaschutz r\u00fccken zusammen<\/p>\n","protected":false},"author":2,"featured_media":0,"comment_status":"open","ping_status":"open","sticky":false,"template":"","format":"standard","meta":{"jetpack_post_was_ever_published":false,"_jetpack_newsletter_access":"","_jetpack_dont_email_post_to_subs":false,"_jetpack_newsletter_tier_id":0,"_jetpack_memberships_contains_paywalled_content":false,"_jetpack_memberships_contains_paid_content":false,"footnotes":"","jetpack_publicize_message":"","jetpack_publicize_feature_enabled":true,"jetpack_social_post_already_shared":true,"jetpack_social_options":{"image_generator_settings":{"template":"highway","default_image_id":0,"font":"","enabled":false},"version":2}},"categories":[19,65],"tags":[190],"class_list":["post-1393","post","type-post","status-publish","format-standard","hentry","category-mediation","category-natur-und-artenschutz","tag-populationsschutz"],"jetpack_publicize_connections":[],"jetpack_featured_media_url":"","jetpack_sharing_enabled":true,"jetpack_shortlink":"https:\/\/wp.me\/p6ODB3-mt","jetpack-related-posts":[{"id":1262,"url":"https:\/\/www.windenergie-politik-gesellschaft.de\/?p=1262","url_meta":{"origin":1393,"position":0},"title":"Hessen \u00fcberdenkt T\u00f6tungsverbot: Wie passen Windenergie und Artenschutz zusammen?","author":"Joern Woehlk","date":"25. Mai 2021","format":false,"excerpt":"Quelle: Hessen \u00fcberdenkt T\u00f6tungsverbot: Wie passen Windenergie und Artenschutz zusammen? | hessenschau.de | Wirtschaft","rel":"","context":"In &quot;Mediation&quot;","block_context":{"text":"Mediation","link":"https:\/\/www.windenergie-politik-gesellschaft.de\/?cat=19"},"img":{"alt_text":"","src":"","width":0,"height":0},"classes":[]},{"id":1404,"url":"https:\/\/www.windenergie-politik-gesellschaft.de\/?p=1404","url_meta":{"origin":1393,"position":1},"title":"Schleswig-Holstein: Bundesweit erster Pr\u00fcfrahmen f\u00fcr Antikollisionssysteme an Windkraftanlagen vorgestellt","author":"Joern Woehlk","date":"12. September 2024","format":false,"excerpt":"Das schleswig-holsteinische Ministerium f\u00fcr Energiewende, Klimaschutz, Umwelt und Natur hat am 8. August 2024 einen Einf\u00fchrungserlass f\u00fcr den \"Fachkonventionsvorschlag \u201ePr\u00fcfrahmen f\u00fcr Antikollisionssysteme\u201c (Pr\u00fcfrahmen AKS) - Vollzugshilfe f\u00fcr die Bewertung als fachlich anerkannte Schutzma\u00dfnahme\" ver\u00f6ffentlicht. Der Pr\u00fcfrahmen AKS wurde in einem Forschungsprojekt von einem interdisziplin\u00e4ren Arbeitskreis unter der Leitung des Landesamtes\u2026","rel":"","context":"In &quot;Natur- und Artenschutz&quot;","block_context":{"text":"Natur- und Artenschutz","link":"https:\/\/www.windenergie-politik-gesellschaft.de\/?cat=65"},"img":{"alt_text":"","src":"","width":0,"height":0},"classes":[]},{"id":468,"url":"https:\/\/www.windenergie-politik-gesellschaft.de\/?p=468","url_meta":{"origin":1393,"position":2},"title":"Rotmilan contra Windr\u00e4der: Fell kritisiert \u201eNABU-Faktencheck\u201c","author":"Joern Woehlk","date":"10. Mai 2016","format":false,"excerpt":"Es geht weiter im Kompetenzstreit.... Natursch\u00fctzer m\u00fcssten die Windenergie endlich als Teil der L\u00f6sung begreifen, sagt der Energieexeperte Hans-Josef Fell und kritisiert damit den \u201eFaktencheck\u201c des Naturschutzbundes Deutschland zur k\u00fcrzlich ver\u00f6ffentlichten\u2026Quelle: Rotmilan contra Windr\u00e4der: Fell kritisiert \u201eNABU-Faktencheck\u201c - Energienews - Energie - top agrar online","rel":"","context":"In &quot;Natur- und Artenschutz&quot;","block_context":{"text":"Natur- und Artenschutz","link":"https:\/\/www.windenergie-politik-gesellschaft.de\/?cat=65"},"img":{"alt_text":"","src":"","width":0,"height":0},"classes":[]},{"id":1260,"url":"https:\/\/www.windenergie-politik-gesellschaft.de\/?p=1260","url_meta":{"origin":1393,"position":3},"title":"Artenschutz soll Ausbau von Windenergie nicht mehr behindern","author":"Joern Woehlk","date":"25. Mai 2021","format":false,"excerpt":"Noch vor der Sommerpause neue bundeseinheitliche Regeln f\u00fcr Windenergie in Sachen Artenschutz? Wir sind gespannt! Quelle: Artenschutz soll Ausbau von Windenergie nicht mehr behindern | NDR.de - Nachrichten - Niedersachsen","rel":"","context":"In &quot;Natur- und Artenschutz&quot;","block_context":{"text":"Natur- und Artenschutz","link":"https:\/\/www.windenergie-politik-gesellschaft.de\/?cat=65"},"img":{"alt_text":"","src":"","width":0,"height":0},"classes":[]},{"id":990,"url":"https:\/\/www.windenergie-politik-gesellschaft.de\/?p=990","url_meta":{"origin":1393,"position":4},"title":"BWE Hintergrundpapier Naturschutz","author":"Joern Woehlk","date":"3. September 2018","format":false,"excerpt":"Das Spannungsfeld Windenergie und Naturschutz Quelle: 20180718_BWE_Hintergrundpapier_Naturschutz_Revision_1.pdf","rel":"","context":"In &quot;Mediation&quot;","block_context":{"text":"Mediation","link":"https:\/\/www.windenergie-politik-gesellschaft.de\/?cat=19"},"img":{"alt_text":"","src":"","width":0,"height":0},"classes":[]},{"id":1092,"url":"https:\/\/www.windenergie-politik-gesellschaft.de\/?p=1092","url_meta":{"origin":1393,"position":5},"title":"Fragen und Antworten &#8211; Kompetenzzentrum Naturschutz und Energiewende","author":"Joern Woehlk","date":"15. April 2019","format":false,"excerpt":"Eine sehr n\u00fctzliche Sammlung aktueller Fragenstellungen zum Thema Naturschutz und Windenergie. Das KNE beantwortet Fragen zu allen Themen im Kontext \u201eNaturschutz und Energiewende\u201c. Fragen und Antworten, die \u00fcber den konkreten Einzelfall hinaus gehen oder die von breiterem Interesse sein k\u00f6nnen, werden anonymisiert aufbereitet, hier dokumentiert und damit auffindbar.Quelle: Fragen und\u2026","rel":"","context":"In &quot;Mediation&quot;","block_context":{"text":"Mediation","link":"https:\/\/www.windenergie-politik-gesellschaft.de\/?cat=19"},"img":{"alt_text":"","src":"","width":0,"height":0},"classes":[]}],"_links":{"self":[{"href":"https:\/\/www.windenergie-politik-gesellschaft.de\/index.php?rest_route=\/wp\/v2\/posts\/1393","targetHints":{"allow":["GET"]}}],"collection":[{"href":"https:\/\/www.windenergie-politik-gesellschaft.de\/index.php?rest_route=\/wp\/v2\/posts"}],"about":[{"href":"https:\/\/www.windenergie-politik-gesellschaft.de\/index.php?rest_route=\/wp\/v2\/types\/post"}],"author":[{"embeddable":true,"href":"https:\/\/www.windenergie-politik-gesellschaft.de\/index.php?rest_route=\/wp\/v2\/users\/2"}],"replies":[{"embeddable":true,"href":"https:\/\/www.windenergie-politik-gesellschaft.de\/index.php?rest_route=%2Fwp%2Fv2%2Fcomments&post=1393"}],"version-history":[{"count":1,"href":"https:\/\/www.windenergie-politik-gesellschaft.de\/index.php?rest_route=\/wp\/v2\/posts\/1393\/revisions"}],"predecessor-version":[{"id":1394,"href":"https:\/\/www.windenergie-politik-gesellschaft.de\/index.php?rest_route=\/wp\/v2\/posts\/1393\/revisions\/1394"}],"wp:attachment":[{"href":"https:\/\/www.windenergie-politik-gesellschaft.de\/index.php?rest_route=%2Fwp%2Fv2%2Fmedia&parent=1393"}],"wp:term":[{"taxonomy":"category","embeddable":true,"href":"https:\/\/www.windenergie-politik-gesellschaft.de\/index.php?rest_route=%2Fwp%2Fv2%2Fcategories&post=1393"},{"taxonomy":"post_tag","embeddable":true,"href":"https:\/\/www.windenergie-politik-gesellschaft.de\/index.php?rest_route=%2Fwp%2Fv2%2Ftags&post=1393"}],"curies":[{"name":"wp","href":"https:\/\/api.w.org\/{rel}","templated":true}]}}