{"id":1397,"date":"2024-04-06T10:32:52","date_gmt":"2024-04-06T08:32:52","guid":{"rendered":"https:\/\/www.windenergie-politik-gesellschaft.de\/?p=1397"},"modified":"2024-04-06T10:32:52","modified_gmt":"2024-04-06T08:32:52","slug":"keine-einigung-bwe-distanziert-sich-von-bfn-papier","status":"publish","type":"post","link":"https:\/\/www.windenergie-politik-gesellschaft.de\/?p=1397","title":{"rendered":"Keine Einigung &#8211; BWE distanziert sich von BfN-Papier"},"content":{"rendered":"<p>\u201cDas BfN nimmt hier eine strikt einseitige Bewertung der vorliegenden Literatur vor. Es ignoriert dabei vollst\u00e4ndig Aspekte des Klimaschutzes sowie den im EEG festgeschriebenen Vorrang des Ausbaus der erneuerbaren Energien bei der Schutzg\u00fcterabw\u00e4gung. In der Folge fordert das Papier eine erhebliche Versch\u00e4rfung der Signifikanzschwelle. Wir halten das Papier f\u00fcr tendenzi\u00f6s, handwerklich fragw\u00fcrdig und in der Konsequenz f\u00fcr absolut untragbar. Das BfN sollte das Papier zur\u00fcckziehen\u201d, so Axthelm.<\/p>\n<p>Quelle: <em><a href=\"https:\/\/www.wind-energie.de\/presse\/pressemitteilungen\/detail\/bwe-distanziert-sich-von-bfn-papier\/\">Pressemitteilung: BWE distanziert sich von BfN-Papier<\/a><\/em><\/p>\n","protected":false},"excerpt":{"rendered":"<p>\u201cDas BfN nimmt hier eine strikt einseitige Bewertung der vorliegenden Literatur vor. Es ignoriert dabei vollst\u00e4ndig Aspekte des Klimaschutzes sowie den im EEG festgeschriebenen Vorrang des Ausbaus der erneuerbaren Energien bei der Schutzg\u00fcterabw\u00e4gung. In der Folge fordert das Papier eine erhebliche Versch\u00e4rfung der Signifikanzschwelle. Wir halten das Papier f\u00fcr tendenzi\u00f6s, handwerklich fragw\u00fcrdig und in der &#8230; <a title=\"Keine Einigung &#8211; BWE distanziert sich von BfN-Papier\" class=\"read-more\" href=\"https:\/\/www.windenergie-politik-gesellschaft.de\/?p=1397\" aria-label=\"Mehr Informationen \u00fcber Keine Einigung &#8211; BWE distanziert sich von BfN-Papier\">Weiterlesen<\/a><\/p>\n","protected":false},"author":2,"featured_media":0,"comment_status":"open","ping_status":"open","sticky":false,"template":"","format":"standard","meta":{"jetpack_post_was_ever_published":false,"_jetpack_newsletter_access":"","_jetpack_dont_email_post_to_subs":false,"_jetpack_newsletter_tier_id":0,"_jetpack_memberships_contains_paywalled_content":false,"_jetpack_memberships_contains_paid_content":false,"footnotes":"","jetpack_publicize_message":"","jetpack_publicize_feature_enabled":true,"jetpack_social_post_already_shared":true,"jetpack_social_options":{"image_generator_settings":{"template":"highway","default_image_id":0,"font":"","enabled":false},"version":2}},"categories":[1],"tags":[],"class_list":["post-1397","post","type-post","status-publish","format-standard","hentry","category-windenergie-allgemein"],"jetpack_publicize_connections":[],"jetpack_featured_media_url":"","jetpack_sharing_enabled":true,"jetpack_shortlink":"https:\/\/wp.me\/p6ODB3-mx","jetpack-related-posts":[{"id":458,"url":"https:\/\/www.windenergie-politik-gesellschaft.de\/?p=458","url_meta":{"origin":1397,"position":0},"title":"Landkreis Wunsiedel: Br\u00fctender Seeadler sorgt f\u00fcr Wirbel","author":"Joern Woehlk","date":"8. Mai 2016","format":false,"excerpt":"Ein regelm\u00e4\u00dfiges Ph\u00e4nomen in der Windbranche ist, das nach erfolgter Genehmigung gesch\u00fctzte Vogelarten sich in unmittelbarer N\u00e4he zum neuen Windpark niederlassen. Das birgt Konfliktpotential. Letztlich muss es aber auch Rechtssicherheit geben. Und es w\u00e4re nicht das erste mal, das Rotmilan und Seeadler in einem Windpark gut zurecht kommen - denn\u2026","rel":"","context":"In &quot;Natur- und Artenschutz&quot;","block_context":{"text":"Natur- und Artenschutz","link":"https:\/\/www.windenergie-politik-gesellschaft.de\/?cat=65"},"img":{"alt_text":"","src":"","width":0,"height":0},"classes":[]},{"id":378,"url":"https:\/\/www.windenergie-politik-gesellschaft.de\/?p=378","url_meta":{"origin":1397,"position":1},"title":"Zweifel an Gef\u00e4hrdung des Rotmilans &#8211; Neue Energie","author":"Joern Woehlk","date":"5. Mai 2016","format":false,"excerpt":"Die neue Studie aus der Schweiz gibt Entwarnung f\u00fcr den als \u201ewindkraftsensibel\u201c eingestuften Raubvogel Rotmilan: Der Bestand sei nicht durch die Windkraft bedroht. Natursch\u00fctzer widersprechen vehement. Der Leser m\u00f6ge sich selbst eine Meinung machen, wie die Fakten liegen. Seeadler, Kranich und Rotmilan leben schon lange in unmittelbarer N\u00e4he von Windparks\u2026","rel":"","context":"In &quot;Mediation&quot;","block_context":{"text":"Mediation","link":"https:\/\/www.windenergie-politik-gesellschaft.de\/?cat=19"},"img":{"alt_text":"","src":"","width":0,"height":0},"classes":[]},{"id":799,"url":"https:\/\/www.windenergie-politik-gesellschaft.de\/?p=799","url_meta":{"origin":1397,"position":2},"title":"Eine Lanze brechen f\u00fcr die Akzeptanz der Windenergie in der Bev\u00f6lkerung","author":"Joern Woehlk","date":"27. Juni 2017","format":false,"excerpt":"Je n\u00e4her wir in Deutschland dem \"S\u00e4ttigungsgrad\" kommen - 2% der Landesfl\u00e4che soll f\u00fcr Windenergie nutzbar gemacht werden - desto mehr Gegner finden sich und umso mehr h\u00f6rt man auch den Standardspruch, der landauf landab immer wieder zu h\u00f6ren ist: \"Wir sind nicht gegen Windenergie, aber nicht vor unserer Haust\u00fcr!\"\u2026","rel":"","context":"In &quot;Windenergie allgemein&quot;","block_context":{"text":"Windenergie allgemein","link":"https:\/\/www.windenergie-politik-gesellschaft.de\/?cat=1"},"img":{"alt_text":"","src":"","width":0,"height":0},"classes":[]},{"id":621,"url":"https:\/\/www.windenergie-politik-gesellschaft.de\/?p=621","url_meta":{"origin":1397,"position":3},"title":"Propaganda f\u00fcr die Braunkohle &#8211; Zwei Systeme f\u00fcr eine Aufgabe: Versorgungssicherheit im Stromsektor","author":"Joern Woehlk","date":"4. September 2016","format":false,"excerpt":"Sonntag ist mal wieder Zeit, um der Propaganda der Kohlelobby zu lauschen. Und schnell wurde ich f\u00fcndig, diesmal mit einem Artikel der m\u00e4chtig ideologisch \"Pro-Braunkohle\" eingef\u00e4rbt ist, was nicht verwunderlich ist, da er von einem f\u00fchrenden Vertreter der Braunkohleindustrie geschrieben wurde. Geschickt suggeriert Herr Milojcic zun\u00e4chst, einen gut reflektierten und\u2026","rel":"","context":"In &quot;Strom - Netze&quot;","block_context":{"text":"Strom - Netze","link":"https:\/\/www.windenergie-politik-gesellschaft.de\/?cat=11"},"img":{"alt_text":"","src":"","width":0,"height":0},"classes":[]},{"id":119,"url":"https:\/\/www.windenergie-politik-gesellschaft.de\/?p=119","url_meta":{"origin":1397,"position":4},"title":"Milliarden f\u00fcr die regionale Wirtschaft, Gewinn f\u00fcr das Gemeinwesen &#8211; Nutzeneffekte von B\u00fcrgerenergie","author":"Joern Woehlk","date":"1. Oktober 2015","format":false,"excerpt":"Immer wieder stellt sich die Frage, wie hoch der Nutzen von B\u00fcrgerenergie ist. In dieser brandneuen Studie von Greenpeace wird erstmals detailliert erfasst, was da alles zusammen kommt. Nicht so sch\u00f6n ist der dunkel Horizont, der sich durch das Ausschreibungsmodell auftut - denn hier sind B\u00fcrgerenergieprojekte quasi Chancenlos. \u00a0","rel":"","context":"In &quot;Windenergie allgemein&quot;","block_context":{"text":"Windenergie allgemein","link":"https:\/\/www.windenergie-politik-gesellschaft.de\/?cat=1"},"img":{"alt_text":"","src":"","width":0,"height":0},"classes":[]},{"id":826,"url":"https:\/\/www.windenergie-politik-gesellschaft.de\/?p=826","url_meta":{"origin":1397,"position":5},"title":"Bundesnetzagentur &#8211; Gebotstermin 1. August 2017","author":"Joern Woehlk","date":"16. August 2017","format":false,"excerpt":"Gesetzlich definierte B\u00fcrgerenergie dominiert wieder fast vollst\u00e4ndig 2. Ausschreibungsrunde. Erwartungsgem\u00e4\u00df wird auch die zweite Ausschreibungsrunde Wind an Land durch Akteure, die die Voraussetzungen der nach dem EEG definierten B\u00fcrgerenergie erf\u00fcllen, mit 95% der bezuschlagten Menge dominiert. Damit erh\u00f6ht sich weiter die Unsicherheit, ob der Zubaukorridor in den Jahren nach 2018\u2026","rel":"","context":"In &quot;Marktdaten&quot;","block_context":{"text":"Marktdaten","link":"https:\/\/www.windenergie-politik-gesellschaft.de\/?cat=22"},"img":{"alt_text":"","src":"","width":0,"height":0},"classes":[]}],"_links":{"self":[{"href":"https:\/\/www.windenergie-politik-gesellschaft.de\/index.php?rest_route=\/wp\/v2\/posts\/1397","targetHints":{"allow":["GET"]}}],"collection":[{"href":"https:\/\/www.windenergie-politik-gesellschaft.de\/index.php?rest_route=\/wp\/v2\/posts"}],"about":[{"href":"https:\/\/www.windenergie-politik-gesellschaft.de\/index.php?rest_route=\/wp\/v2\/types\/post"}],"author":[{"embeddable":true,"href":"https:\/\/www.windenergie-politik-gesellschaft.de\/index.php?rest_route=\/wp\/v2\/users\/2"}],"replies":[{"embeddable":true,"href":"https:\/\/www.windenergie-politik-gesellschaft.de\/index.php?rest_route=%2Fwp%2Fv2%2Fcomments&post=1397"}],"version-history":[{"count":1,"href":"https:\/\/www.windenergie-politik-gesellschaft.de\/index.php?rest_route=\/wp\/v2\/posts\/1397\/revisions"}],"predecessor-version":[{"id":1398,"href":"https:\/\/www.windenergie-politik-gesellschaft.de\/index.php?rest_route=\/wp\/v2\/posts\/1397\/revisions\/1398"}],"wp:attachment":[{"href":"https:\/\/www.windenergie-politik-gesellschaft.de\/index.php?rest_route=%2Fwp%2Fv2%2Fmedia&parent=1397"}],"wp:term":[{"taxonomy":"category","embeddable":true,"href":"https:\/\/www.windenergie-politik-gesellschaft.de\/index.php?rest_route=%2Fwp%2Fv2%2Fcategories&post=1397"},{"taxonomy":"post_tag","embeddable":true,"href":"https:\/\/www.windenergie-politik-gesellschaft.de\/index.php?rest_route=%2Fwp%2Fv2%2Ftags&post=1397"}],"curies":[{"name":"wp","href":"https:\/\/api.w.org\/{rel}","templated":true}]}}