{"id":14,"date":"2015-09-21T13:30:07","date_gmt":"2015-09-21T11:30:07","guid":{"rendered":"http:\/\/www.windenergie-politik-gesellschaft.de\/?p=14"},"modified":"2015-09-22T16:48:16","modified_gmt":"2015-09-22T14:48:16","slug":"entwurf-eines-gesetzes-zur-weiterentwicklung-des-strommarktes","status":"publish","type":"post","link":"https:\/\/www.windenergie-politik-gesellschaft.de\/?p=14","title":{"rendered":"Entwurf eines Gesetzes zur Weiterentwicklung des Strommarktes"},"content":{"rendered":"<p>viele Seiten zum lesen..<br \/>\nerste Berichte folgen in K\u00fcrze<\/p>\n<p>hier geht es zum <a href=\"http:\/\/www.bmwi.de\/BMWi\/Redaktion\/PDF\/E\/entwurf-eines-gesetzes-zur-weiterentwicklung-des-strommarktes,property=pdf,bereich=bmwi2012,sprache=de,rwb=true.pdf\">Entwurf<\/a><\/p>\n","protected":false},"excerpt":{"rendered":"<p>viele Seiten zum lesen.. erste Berichte folgen in K\u00fcrze hier geht es zum Entwurf<\/p>\n","protected":false},"author":2,"featured_media":0,"comment_status":"open","ping_status":"open","sticky":false,"template":"","format":"standard","meta":{"jetpack_post_was_ever_published":false,"_jetpack_newsletter_access":"","_jetpack_dont_email_post_to_subs":false,"_jetpack_newsletter_tier_id":0,"_jetpack_memberships_contains_paywalled_content":false,"_jetpack_memberships_contains_paid_content":false,"footnotes":"","jetpack_publicize_message":"","jetpack_publicize_feature_enabled":true,"jetpack_social_post_already_shared":false,"jetpack_social_options":{"image_generator_settings":{"template":"highway","default_image_id":0,"font":"","enabled":false},"version":2}},"categories":[1],"tags":[5,4],"class_list":["post-14","post","type-post","status-publish","format-standard","hentry","category-windenergie-allgemein","tag-eeg-2014","tag-strommarkt"],"jetpack_publicize_connections":[],"jetpack_featured_media_url":"","jetpack_sharing_enabled":true,"jetpack_shortlink":"https:\/\/wp.me\/p6ODB3-e","jetpack-related-posts":[{"id":905,"url":"https:\/\/www.windenergie-politik-gesellschaft.de\/?p=905","url_meta":{"origin":14,"position":0},"title":"Bundesnetzagentur &#8211; Einspeisemanagement","author":"Joern Woehlk","date":"19. Februar 2018","format":false,"excerpt":"Erg\u00e4nzende Konsultation des Textteils zur Direktvermarktung Die Bundesnetzagentur stellte einen Entwurf des Einspeisemanagement-Leitfadens 3.0 bis zum 31. August 2017 zur Konsultation. Im Anschluss daran fand am 30. November 2017 ein Workshop statt. Im Rahmen dieser Konsultation wurde insbesondere das Kapitel zur Direktvermarktung (Kapitel 2.4.2) teilweise kontrovers diskutiert. Au\u00dferdem gab es\u2026","rel":"","context":"In &quot;Windenergie allgemein&quot;","block_context":{"text":"Windenergie allgemein","link":"https:\/\/www.windenergie-politik-gesellschaft.de\/?cat=1"},"img":{"alt_text":"","src":"","width":0,"height":0},"classes":[]},{"id":1225,"url":"https:\/\/www.windenergie-politik-gesellschaft.de\/?p=1225","url_meta":{"origin":14,"position":1},"title":"Gesetzentwurf zum Steuerbare-Verbrauchseinrichtungen-Gesetz (SteuVerG)| Windkraft-Journal","author":"Joern Woehlk","date":"21. Januar 2021","format":false,"excerpt":"Das BMWi hat den Gesetzentwurf zum Steuerbare-Verbrauchseinrichtungen-Gesetz (SteuVerG) zur\u00fcckgezogen. Der Entwurf wurde kurz vor Weihnachten noch herausgegeben, mit einer unglaublich kurzen Frist zur Kommentierung durch Verb\u00e4nde und Firmen; eine Kernkomponente der zuk\u00fcnftigen Enregieversorgung. Quelle: SteuVerG | Windkraft-Journal","rel":"","context":"In &quot;Aktuelle Rechtsprechung&quot;","block_context":{"text":"Aktuelle Rechtsprechung","link":"https:\/\/www.windenergie-politik-gesellschaft.de\/?cat=12"},"img":{"alt_text":"","src":"","width":0,"height":0},"classes":[]},{"id":181,"url":"https:\/\/www.windenergie-politik-gesellschaft.de\/?p=181","url_meta":{"origin":14,"position":2},"title":"Windkraft: B\u00fcrgerbeteiligung in MV kommt | NDR.de &#8211; Nachrichten &#8211; Mecklenburg-Vorpommern","author":"Joern Woehlk","date":"14. Oktober 2015","format":false,"excerpt":"Kommunen und Hausbesitzer in der N\u00e4he von Windparks sollen k\u00fcnftig einen Nachteilsausgleich bekommen. Die Landesregierung in Mecklenburg-Vorpommern hat den Entwurf f\u00fcr das B\u00fcrgerbeteiligungsgesetz gebilligt. Quelle: Windkraft: B\u00fcrgerbeteiligung in MV kommt | NDR.de - Nachrichten - Mecklenburg-Vorpommern","rel":"","context":"In &quot;Aktuelle Rechtsprechung&quot;","block_context":{"text":"Aktuelle Rechtsprechung","link":"https:\/\/www.windenergie-politik-gesellschaft.de\/?cat=12"},"img":{"alt_text":"","src":"","width":0,"height":0},"classes":[]},{"id":1327,"url":"https:\/\/www.windenergie-politik-gesellschaft.de\/?p=1327","url_meta":{"origin":14,"position":3},"title":"Deutscher Bundestag &#8211; Gesetz zum Windkraftausbau, Lesungen und Anh\u00f6rungen","author":"Joern Woehlk","date":"24. Juli 2022","format":false,"excerpt":"Wer tief in die Materie zum Windkarftausbau in Deutschland einsteigen will, findet hier diverse Stellungnahmen und Argumente zum neuen Gesetz. Quelle: Deutscher Bundestag - Nachbesserungsbedarf bei Gesetz zum Windkraftausbau angemahnt","rel":"","context":"In &quot;Aktuelle Rechtsprechung&quot;","block_context":{"text":"Aktuelle Rechtsprechung","link":"https:\/\/www.windenergie-politik-gesellschaft.de\/?cat=12"},"img":{"alt_text":"","src":"","width":0,"height":0},"classes":[]},{"id":681,"url":"https:\/\/www.windenergie-politik-gesellschaft.de\/?p=681","url_meta":{"origin":14,"position":4},"title":"FA Wind EEG-2017 &#8211; Erl\u00e4uterungen zum Ausschreibungsverfahren &#8211; November 2016","author":"Joern Woehlk","date":"7. November 2016","format":false,"excerpt":"Ein paar n\u00fctzliche Informationen zur Ausgestaltung und zum Ablauf der Ausschreibungen ab 2017. Quelle: FA Wind Zubauanalyse Wind an Land 2015 - FA_Wind_EEG-2017_Ausschreibungen_11-2016.pdf","rel":"","context":"In &quot;Windenergie allgemein&quot;","block_context":{"text":"Windenergie allgemein","link":"https:\/\/www.windenergie-politik-gesellschaft.de\/?cat=1"},"img":{"alt_text":"","src":"","width":0,"height":0},"classes":[]},{"id":926,"url":"https:\/\/www.windenergie-politik-gesellschaft.de\/?p=926","url_meta":{"origin":14,"position":5},"title":"Windstrom zum Heizen und Auto fahren","author":"Joern Woehlk","date":"24. April 2018","format":false,"excerpt":"BWE-Pr\u00e4sident Hermann Albers auf dem Windbranchentag in Schleswig-Holstein: \"Eine erfolgreiche Kopplung der Sektoren Strom, W\u00e4rme und Verkehr ist nicht nur Vision, sondern bereits gelebte Praxis in St\u00e4dten und Gemeinden. Schleswig-Holstein war und ist beim Netzausbau Vorreiter. Parallel brauchen wir aber auch fortschrittliche Impulse um Windstrom vor Ort nutzen zu k\u00f6nnen.\"\u2026","rel":"","context":"In &quot;Presse&quot;","block_context":{"text":"Presse","link":"https:\/\/www.windenergie-politik-gesellschaft.de\/?cat=3"},"img":{"alt_text":"","src":"","width":0,"height":0},"classes":[]}],"_links":{"self":[{"href":"https:\/\/www.windenergie-politik-gesellschaft.de\/index.php?rest_route=\/wp\/v2\/posts\/14","targetHints":{"allow":["GET"]}}],"collection":[{"href":"https:\/\/www.windenergie-politik-gesellschaft.de\/index.php?rest_route=\/wp\/v2\/posts"}],"about":[{"href":"https:\/\/www.windenergie-politik-gesellschaft.de\/index.php?rest_route=\/wp\/v2\/types\/post"}],"author":[{"embeddable":true,"href":"https:\/\/www.windenergie-politik-gesellschaft.de\/index.php?rest_route=\/wp\/v2\/users\/2"}],"replies":[{"embeddable":true,"href":"https:\/\/www.windenergie-politik-gesellschaft.de\/index.php?rest_route=%2Fwp%2Fv2%2Fcomments&post=14"}],"version-history":[{"count":2,"href":"https:\/\/www.windenergie-politik-gesellschaft.de\/index.php?rest_route=\/wp\/v2\/posts\/14\/revisions"}],"predecessor-version":[{"id":41,"href":"https:\/\/www.windenergie-politik-gesellschaft.de\/index.php?rest_route=\/wp\/v2\/posts\/14\/revisions\/41"}],"wp:attachment":[{"href":"https:\/\/www.windenergie-politik-gesellschaft.de\/index.php?rest_route=%2Fwp%2Fv2%2Fmedia&parent=14"}],"wp:term":[{"taxonomy":"category","embeddable":true,"href":"https:\/\/www.windenergie-politik-gesellschaft.de\/index.php?rest_route=%2Fwp%2Fv2%2Fcategories&post=14"},{"taxonomy":"post_tag","embeddable":true,"href":"https:\/\/www.windenergie-politik-gesellschaft.de\/index.php?rest_route=%2Fwp%2Fv2%2Ftags&post=14"}],"curies":[{"name":"wp","href":"https:\/\/api.w.org\/{rel}","templated":true}]}}