{"id":181,"date":"2015-10-14T09:09:01","date_gmt":"2015-10-14T07:09:01","guid":{"rendered":"http:\/\/www.windenergie-politik-gesellschaft.de\/?p=181"},"modified":"2015-10-14T09:09:01","modified_gmt":"2015-10-14T07:09:01","slug":"windkraft-buergerbeteiligung-in-mv-kommt-ndr-de-nachrichten-mecklenburg-vorpommern","status":"publish","type":"post","link":"https:\/\/www.windenergie-politik-gesellschaft.de\/?p=181","title":{"rendered":"Windkraft: B\u00fcrgerbeteiligung in MV kommt | NDR.de &#8211; Nachrichten &#8211; Mecklenburg-Vorpommern"},"content":{"rendered":"<blockquote><p>Kommunen und Hausbesitzer in der N\u00e4he von Windparks sollen k\u00fcnftig einen Nachteilsausgleich bekommen. Die Landesregierung in Mecklenburg-Vorpommern hat den Entwurf f\u00fcr das B\u00fcrgerbeteiligungsgesetz gebilligt.<\/p><\/blockquote>\n<p>Quelle: <em><a href=\"https:\/\/www.ndr.de\/nachrichten\/mecklenburg-vorpommern\/Windkraft-Anteile-oder-Preisnachlaesse-vor-Ort,windkraft660.html\">Windkraft: B\u00fcrgerbeteiligung in MV kommt | NDR.de &#8211; Nachrichten &#8211; Mecklenburg-Vorpommern<\/a><\/em><\/p>\n","protected":false},"excerpt":{"rendered":"<p>Kommunen und Hausbesitzer in der N\u00e4he von Windparks sollen k\u00fcnftig einen Nachteilsausgleich bekommen. Die Landesregierung in Mecklenburg-Vorpommern hat den Entwurf f\u00fcr das B\u00fcrgerbeteiligungsgesetz gebilligt. Quelle: Windkraft: B\u00fcrgerbeteiligung in MV kommt | NDR.de &#8211; Nachrichten &#8211; Mecklenburg-Vorpommern<\/p>\n","protected":false},"author":2,"featured_media":0,"comment_status":"open","ping_status":"open","sticky":false,"template":"","format":"standard","meta":{"jetpack_post_was_ever_published":false,"_jetpack_newsletter_access":"","_jetpack_dont_email_post_to_subs":false,"_jetpack_newsletter_tier_id":0,"_jetpack_memberships_contains_paywalled_content":false,"_jetpack_memberships_contains_paid_content":false,"footnotes":"","jetpack_publicize_message":"","jetpack_publicize_feature_enabled":true,"jetpack_social_post_already_shared":true,"jetpack_social_options":{"image_generator_settings":{"template":"highway","default_image_id":0,"font":"","enabled":false},"version":2}},"categories":[12,3,1],"tags":[],"class_list":["post-181","post","type-post","status-publish","format-standard","hentry","category-aktuelle-rechtsprechung","category-presse","category-windenergie-allgemein"],"jetpack_publicize_connections":[],"jetpack_featured_media_url":"","jetpack_sharing_enabled":true,"jetpack_shortlink":"https:\/\/wp.me\/p6ODB3-2V","jetpack-related-posts":[{"id":1094,"url":"https:\/\/www.windenergie-politik-gesellschaft.de\/?p=1094","url_meta":{"origin":181,"position":0},"title":"Erbitterter Streit: Adler gegen Windkraft | NDR.de &#8211; Fernsehen &#8211; Sendungen A-Z &#8211; Panorama 3","author":"Joern Woehlk","date":"23. April 2019","format":false,"excerpt":"kein versp\u00e4teter Aprilscherz,sondern der mittlerweile \u00fcbliche Auswuchs an Streiterei. Quelle: Erbitterter Streit: Adler gegen Windkraft | NDR.de - Fernsehen - Sendungen A-Z - Panorama 3","rel":"","context":"In &quot;Gegenwind&quot;","block_context":{"text":"Gegenwind","link":"https:\/\/www.windenergie-politik-gesellschaft.de\/?cat=161"},"img":{"alt_text":"","src":"","width":0,"height":0},"classes":[]},{"id":1241,"url":"https:\/\/www.windenergie-politik-gesellschaft.de\/?p=1241","url_meta":{"origin":181,"position":1},"title":"B\u00fcrgerinitiativen gegen Windkraft in Deutschland","author":"Joern Woehlk","date":"25. Februar 2021","format":false,"excerpt":"Quelle: B\u00fcrgerinitiativen gegen Windkraft in Deutschland","rel":"","context":"In &quot;Gegenwind&quot;","block_context":{"text":"Gegenwind","link":"https:\/\/www.windenergie-politik-gesellschaft.de\/?cat=161"},"img":{"alt_text":"","src":"","width":0,"height":0},"classes":[]},{"id":1298,"url":"https:\/\/www.windenergie-politik-gesellschaft.de\/?p=1298","url_meta":{"origin":181,"position":2},"title":"Protest gegen Windkraft: Was ist dran an der Kritik? | Wissen &#038; Umwelt | DW | 15.12.2021","author":"Joern Woehlk","date":"16. Dezember 2021","format":false,"excerpt":"Quelle: Protest gegen Windkraft: Was ist dran an der Kritik? | Wissen & Umwelt | DW | 15.12.2021","rel":"","context":"In &quot;Mediation&quot;","block_context":{"text":"Mediation","link":"https:\/\/www.windenergie-politik-gesellschaft.de\/?cat=19"},"img":{"alt_text":"","src":"","width":0,"height":0},"classes":[]},{"id":826,"url":"https:\/\/www.windenergie-politik-gesellschaft.de\/?p=826","url_meta":{"origin":181,"position":3},"title":"Bundesnetzagentur &#8211; Gebotstermin 1. August 2017","author":"Joern Woehlk","date":"16. August 2017","format":false,"excerpt":"Gesetzlich definierte B\u00fcrgerenergie dominiert wieder fast vollst\u00e4ndig 2. Ausschreibungsrunde. Erwartungsgem\u00e4\u00df wird auch die zweite Ausschreibungsrunde Wind an Land durch Akteure, die die Voraussetzungen der nach dem EEG definierten B\u00fcrgerenergie erf\u00fcllen, mit 95% der bezuschlagten Menge dominiert. Damit erh\u00f6ht sich weiter die Unsicherheit, ob der Zubaukorridor in den Jahren nach 2018\u2026","rel":"","context":"In &quot;Marktdaten&quot;","block_context":{"text":"Marktdaten","link":"https:\/\/www.windenergie-politik-gesellschaft.de\/?cat=22"},"img":{"alt_text":"","src":"","width":0,"height":0},"classes":[]},{"id":854,"url":"https:\/\/www.windenergie-politik-gesellschaft.de\/?p=854","url_meta":{"origin":181,"position":4},"title":"Weniger neue Anlagen im Freistaat: Geht der bayerischen Windkraft die Puste aus?","author":"Joern Woehlk","date":"19. September 2017","format":false,"excerpt":"In Deutschland boomt die Windkraft, im Freistaat aber werden immer weniger Windr\u00e4der gebaut. Die Zahl ist im zweiten Jahr in Folge gesunken, so der Landesverband Bayern des Bundesverbands Windenergie. Ist die bayerische Abstandsregelung daran schuld? Von Lorenz StorchQuelle: Weniger neue Anlagen im Freistaat: Geht der bayerischen Windkraft die Puste aus?\u2026","rel":"","context":"In &quot;Marktdaten&quot;","block_context":{"text":"Marktdaten","link":"https:\/\/www.windenergie-politik-gesellschaft.de\/?cat=22"},"img":{"alt_text":"","src":"","width":0,"height":0},"classes":[]},{"id":1260,"url":"https:\/\/www.windenergie-politik-gesellschaft.de\/?p=1260","url_meta":{"origin":181,"position":5},"title":"Artenschutz soll Ausbau von Windenergie nicht mehr behindern","author":"Joern Woehlk","date":"25. Mai 2021","format":false,"excerpt":"Noch vor der Sommerpause neue bundeseinheitliche Regeln f\u00fcr Windenergie in Sachen Artenschutz? Wir sind gespannt! Quelle: Artenschutz soll Ausbau von Windenergie nicht mehr behindern | NDR.de - Nachrichten - Niedersachsen","rel":"","context":"In &quot;Natur- und Artenschutz&quot;","block_context":{"text":"Natur- und Artenschutz","link":"https:\/\/www.windenergie-politik-gesellschaft.de\/?cat=65"},"img":{"alt_text":"","src":"","width":0,"height":0},"classes":[]}],"_links":{"self":[{"href":"https:\/\/www.windenergie-politik-gesellschaft.de\/index.php?rest_route=\/wp\/v2\/posts\/181","targetHints":{"allow":["GET"]}}],"collection":[{"href":"https:\/\/www.windenergie-politik-gesellschaft.de\/index.php?rest_route=\/wp\/v2\/posts"}],"about":[{"href":"https:\/\/www.windenergie-politik-gesellschaft.de\/index.php?rest_route=\/wp\/v2\/types\/post"}],"author":[{"embeddable":true,"href":"https:\/\/www.windenergie-politik-gesellschaft.de\/index.php?rest_route=\/wp\/v2\/users\/2"}],"replies":[{"embeddable":true,"href":"https:\/\/www.windenergie-politik-gesellschaft.de\/index.php?rest_route=%2Fwp%2Fv2%2Fcomments&post=181"}],"version-history":[{"count":1,"href":"https:\/\/www.windenergie-politik-gesellschaft.de\/index.php?rest_route=\/wp\/v2\/posts\/181\/revisions"}],"predecessor-version":[{"id":182,"href":"https:\/\/www.windenergie-politik-gesellschaft.de\/index.php?rest_route=\/wp\/v2\/posts\/181\/revisions\/182"}],"wp:attachment":[{"href":"https:\/\/www.windenergie-politik-gesellschaft.de\/index.php?rest_route=%2Fwp%2Fv2%2Fmedia&parent=181"}],"wp:term":[{"taxonomy":"category","embeddable":true,"href":"https:\/\/www.windenergie-politik-gesellschaft.de\/index.php?rest_route=%2Fwp%2Fv2%2Fcategories&post=181"},{"taxonomy":"post_tag","embeddable":true,"href":"https:\/\/www.windenergie-politik-gesellschaft.de\/index.php?rest_route=%2Fwp%2Fv2%2Ftags&post=181"}],"curies":[{"name":"wp","href":"https:\/\/api.w.org\/{rel}","templated":true}]}}