{"id":194,"date":"2015-10-14T10:44:58","date_gmt":"2015-10-14T08:44:58","guid":{"rendered":"http:\/\/www.windenergie-politik-gesellschaft.de\/?p=194"},"modified":"2015-10-14T10:44:58","modified_gmt":"2015-10-14T08:44:58","slug":"netzausbau-netzentwicklungsplaene-2024-und-umweltbericht","status":"publish","type":"post","link":"https:\/\/www.windenergie-politik-gesellschaft.de\/?p=194","title":{"rendered":"Netzausbau &#8211; Netzentwicklungspl\u00e4ne 2024 und Umweltbericht"},"content":{"rendered":"<blockquote><p>Die Bundesnetzagentur hat den Netzentwicklungsplan Strom 2024 und den Offshore-Netzentwicklungsplan 2024 best\u00e4tigt. gepr\u00fcft. Die Pl\u00e4ne wurden zusammen mit dem \u00fcberarbeiteten Umweltbericht ver\u00f6ffentlicht.<\/p><\/blockquote>\n<p>Quelle: <em><a href=\"http:\/\/www.netzausbau.de\/DE\/Bedarfsermittlung\/Charlie\/NEP-UB_Charlie\/NEP-UB_Charlie-node.html\">Netzausbau &#8211; Netzentwicklungspl\u00e4ne 2024 und Umweltbericht<\/a><\/em><\/p>\n","protected":false},"excerpt":{"rendered":"<p>Die Bundesnetzagentur hat den Netzentwicklungsplan Strom 2024 und den Offshore-Netzentwicklungsplan 2024 best\u00e4tigt. gepr\u00fcft. Die Pl\u00e4ne wurden zusammen mit dem \u00fcberarbeiteten Umweltbericht ver\u00f6ffentlicht. Quelle: Netzausbau &#8211; Netzentwicklungspl\u00e4ne 2024 und Umweltbericht<\/p>\n","protected":false},"author":2,"featured_media":0,"comment_status":"open","ping_status":"open","sticky":false,"template":"","format":"standard","meta":{"jetpack_post_was_ever_published":false,"_jetpack_newsletter_access":"","_jetpack_dont_email_post_to_subs":false,"_jetpack_newsletter_tier_id":0,"_jetpack_memberships_contains_paywalled_content":false,"_jetpack_memberships_contains_paid_content":false,"footnotes":"","jetpack_publicize_message":"","jetpack_publicize_feature_enabled":true,"jetpack_social_post_already_shared":true,"jetpack_social_options":{"image_generator_settings":{"template":"highway","default_image_id":0,"font":"","enabled":false},"version":2}},"categories":[11],"tags":[26],"class_list":["post-194","post","type-post","status-publish","format-standard","hentry","category-strom-netze","tag-netzausbau"],"jetpack_publicize_connections":[],"jetpack_featured_media_url":"","jetpack_sharing_enabled":true,"jetpack_shortlink":"https:\/\/wp.me\/p6ODB3-38","jetpack-related-posts":[{"id":1020,"url":"https:\/\/www.windenergie-politik-gesellschaft.de\/?p=1020","url_meta":{"origin":194,"position":0},"title":"Netzausbau &#8211; Szenariorahmen 2019-2030","author":"Joern Woehlk","date":"6. Februar 2019","format":false,"excerpt":"\"Der Szenariorahmen 2019-2030 beschreibt die wahr\u00adscheinliche Entwicklung der Strom\u00aderzeugungs\u00adkapazit\u00e4ten und des Stromverbrauchs in den Zieljahren 2030 und 2035. Erstmalig wird zudem ein Zwischen\u00adszenario (f\u00fcr das Zieljahr 2025) betrachtet.\" Quelle: Netzausbau - Szenariorahmen 2019-2030","rel":"","context":"In &quot;Strom - Netze&quot;","block_context":{"text":"Strom - Netze","link":"https:\/\/www.windenergie-politik-gesellschaft.de\/?cat=11"},"img":{"alt_text":"","src":"","width":0,"height":0},"classes":[]},{"id":342,"url":"https:\/\/www.windenergie-politik-gesellschaft.de\/?p=342","url_meta":{"origin":194,"position":1},"title":"Umweltminister Wenzel weist Kritik des Bundes zum Netzausbau in Niedersachsen zur\u00fcck","author":"Joern Woehlk","date":"4. Februar 2016","format":false,"excerpt":"Der Nieders\u00e4chsische Minister f\u00fcr Umwelt, Energie und Klimaschutz Stefan Wenzel hat die Kritik der Bundesregierung am Beitrag der L\u00e4nder zum Ausbau der Stromtrassen zur\u00fcckgewiesen.Quelle: Umweltminister Wenzel weist Kritik des Bundes zum Netzausbau in Niedersachsen zur\u00fcck","rel":"","context":"In &quot;Strom - Netze&quot;","block_context":{"text":"Strom - Netze","link":"https:\/\/www.windenergie-politik-gesellschaft.de\/?cat=11"},"img":{"alt_text":"","src":"","width":0,"height":0},"classes":[]},{"id":770,"url":"https:\/\/www.windenergie-politik-gesellschaft.de\/?p=770","url_meta":{"origin":194,"position":2},"title":"Netze? &#8220;Gut im Zeitplan&#8221; &#8211; klimaretter.info","author":"Joern Woehlk","date":"9. Mai 2017","format":false,"excerpt":"\"Die Energie\u00f6konomin Claudia Kemfert vom Deutschen Institut f\u00fcr Wirtschaftsforschung (DIW) bezeichnet es als \"Mythos\", dass erst Stromleitungen gebaut werden m\u00fcssten, um erneuerbare Energien ins Netz zu integrieren. Der Netzausbau diene in erster Linie dem Transport von Fossilstrom, so Kemfert im klimaretter.info-Interview. \"Je mehr Stromtrassen, desto mehr Kohlestrom\", fasst die Expertin\u2026","rel":"","context":"In &quot;Presse&quot;","block_context":{"text":"Presse","link":"https:\/\/www.windenergie-politik-gesellschaft.de\/?cat=3"},"img":{"alt_text":"","src":"","width":0,"height":0},"classes":[]},{"id":1121,"url":"https:\/\/www.windenergie-politik-gesellschaft.de\/?p=1121","url_meta":{"origin":194,"position":3},"title":"Netzausbau &#8211; Mediathek","author":"Joern Woehlk","date":"26. August 2019","format":false,"excerpt":"Quelle: Netzausbau - Mediathek","rel":"","context":"In &quot;Strom - Netze&quot;","block_context":{"text":"Strom - Netze","link":"https:\/\/www.windenergie-politik-gesellschaft.de\/?cat=11"},"img":{"alt_text":"","src":"","width":0,"height":0},"classes":[]},{"id":703,"url":"https:\/\/www.windenergie-politik-gesellschaft.de\/?p=703","url_meta":{"origin":194,"position":4},"title":"Batteriespeicher werden f\u00fcr Verteilnetzbetreiber attraktiver","author":"Joern Woehlk","date":"5. Dezember 2016","format":false,"excerpt":"Mit Blick auf die Kosten f\u00fcr Systemdienstleistungen und den Netzausbau werden die Batteriespeicher im Vergleich zu konventionellen Kraftwerken immer mehr zur willkommenen Alternative. Verteilnetzbetreiber werden auf diese Technologien immer mehr zur\u00fcckgreifen und k\u00f6nnen so viel Geld sparen.. Mit ERNEUERBARE ENERGIEN erhalten Sie stets aktuelle Meldungen und Berichte aus dem Bereich\u2026","rel":"","context":"In &quot;Presse&quot;","block_context":{"text":"Presse","link":"https:\/\/www.windenergie-politik-gesellschaft.de\/?cat=3"},"img":{"alt_text":"","src":"","width":0,"height":0},"classes":[]},{"id":1439,"url":"https:\/\/www.windenergie-politik-gesellschaft.de\/?p=1439","url_meta":{"origin":194,"position":5},"title":"BNetzA best\u00e4tigt Netzreserve f\u00fcr 2025\/2026 \u2013 Fortschritte im Netzausbau zeigen Wirkung","author":"Joern Woehlk","date":"4. Mai 2025","format":false,"excerpt":"Quelle: BNetzA best\u00e4tigt Netzreserve f\u00fcr 2025\/2026 \u2013 Fortschritte im Netzausbau zeigen Wirkung","rel":"","context":"In &quot;Strom - Netze&quot;","block_context":{"text":"Strom - Netze","link":"https:\/\/www.windenergie-politik-gesellschaft.de\/?cat=11"},"img":{"alt_text":"","src":"","width":0,"height":0},"classes":[]}],"_links":{"self":[{"href":"https:\/\/www.windenergie-politik-gesellschaft.de\/index.php?rest_route=\/wp\/v2\/posts\/194","targetHints":{"allow":["GET"]}}],"collection":[{"href":"https:\/\/www.windenergie-politik-gesellschaft.de\/index.php?rest_route=\/wp\/v2\/posts"}],"about":[{"href":"https:\/\/www.windenergie-politik-gesellschaft.de\/index.php?rest_route=\/wp\/v2\/types\/post"}],"author":[{"embeddable":true,"href":"https:\/\/www.windenergie-politik-gesellschaft.de\/index.php?rest_route=\/wp\/v2\/users\/2"}],"replies":[{"embeddable":true,"href":"https:\/\/www.windenergie-politik-gesellschaft.de\/index.php?rest_route=%2Fwp%2Fv2%2Fcomments&post=194"}],"version-history":[{"count":1,"href":"https:\/\/www.windenergie-politik-gesellschaft.de\/index.php?rest_route=\/wp\/v2\/posts\/194\/revisions"}],"predecessor-version":[{"id":195,"href":"https:\/\/www.windenergie-politik-gesellschaft.de\/index.php?rest_route=\/wp\/v2\/posts\/194\/revisions\/195"}],"wp:attachment":[{"href":"https:\/\/www.windenergie-politik-gesellschaft.de\/index.php?rest_route=%2Fwp%2Fv2%2Fmedia&parent=194"}],"wp:term":[{"taxonomy":"category","embeddable":true,"href":"https:\/\/www.windenergie-politik-gesellschaft.de\/index.php?rest_route=%2Fwp%2Fv2%2Fcategories&post=194"},{"taxonomy":"post_tag","embeddable":true,"href":"https:\/\/www.windenergie-politik-gesellschaft.de\/index.php?rest_route=%2Fwp%2Fv2%2Ftags&post=194"}],"curies":[{"name":"wp","href":"https:\/\/api.w.org\/{rel}","templated":true}]}}