{"id":199,"date":"2015-10-14T12:01:57","date_gmt":"2015-10-14T10:01:57","guid":{"rendered":"http:\/\/www.windenergie-politik-gesellschaft.de\/?p=199"},"modified":"2016-05-07T09:12:23","modified_gmt":"2016-05-07T07:12:23","slug":"kurzstudie-frauenhofer_iwesabschaetzung-der-oekonomischen-wirkung-einer-verteilung-von-wind-und-pv-anlagen-ueber-deutschland-im-rahmen-der-selbstvermarktung","status":"publish","type":"post","link":"https:\/\/www.windenergie-politik-gesellschaft.de\/?p=199","title":{"rendered":"Kurzstudie Frauenhofer IWES ABSCH\u00c4TZUNG DER \u00d6KONOMISCHEN WIRKUNG EINER VERTEILUNG VON WIND &#8211; UND PV &#8211; ANLAGEN \u00dcBER DEUTSCHLAND IM RAHMEN DER \u201eSELBSTVERMARKTUNG\u201c"},"content":{"rendered":"<blockquote><p>Sehr interessant ist die Marktwertfaktorenanlyse auf seite 20ff f\u00fcr Windenergieanlagen:<\/p>\n<p>&#8220;Jene Windenergieanlagen, die im S\u00fcden positioniert wurden, speisen h\u00e4ufig zu anderen Zeiten ein als die im Norden und erzielen somit h\u00f6here durchschnittliche Vermarktungserl\u00f6se&#8221;<\/p>\n<div><\/div>\n<\/blockquote>\n<p>Quelle: <em><a href=\"http:\/\/www.bundesnetzagentur.de\/SharedDocs\/Downloads\/DE\/Sachgebiete\/Energie\/Unternehmen_Institutionen\/ErneuerbareEnergien\/ZahlenDatenInformationen\/KurzStud_Frauenhofer_IWES_Verteilung_EEG-Anlagen.pdf?__blob=publicationFile&amp;v=2\">KurzStud_Frauenhofer_IWES_Verteilung_EEG-Anlagen.pdf<\/a><\/em><\/p>\n","protected":false},"excerpt":{"rendered":"<p>Sehr interessant ist die Marktwertfaktorenanlyse auf seite 20ff f\u00fcr Windenergieanlagen: &#8220;Jene Windenergieanlagen, die im S\u00fcden positioniert wurden, speisen h\u00e4ufig zu anderen Zeiten ein als die im Norden und erzielen somit h\u00f6here durchschnittliche Vermarktungserl\u00f6se&#8221; Quelle: KurzStud_Frauenhofer_IWES_Verteilung_EEG-Anlagen.pdf<\/p>\n","protected":false},"author":2,"featured_media":0,"comment_status":"open","ping_status":"open","sticky":false,"template":"","format":"standard","meta":{"jetpack_post_was_ever_published":false,"_jetpack_newsletter_access":"","_jetpack_dont_email_post_to_subs":false,"_jetpack_newsletter_tier_id":0,"_jetpack_memberships_contains_paywalled_content":false,"_jetpack_memberships_contains_paid_content":false,"footnotes":"","jetpack_publicize_message":"","jetpack_publicize_feature_enabled":true,"jetpack_social_post_already_shared":true,"jetpack_social_options":{"image_generator_settings":{"template":"highway","default_image_id":0,"font":"","enabled":false},"version":2}},"categories":[22,3,1],"tags":[76],"class_list":["post-199","post","type-post","status-publish","format-standard","hentry","category-marktdaten","category-presse","category-windenergie-allgemein","tag-stromkosten"],"jetpack_publicize_connections":[],"jetpack_featured_media_url":"","jetpack_sharing_enabled":true,"jetpack_shortlink":"https:\/\/wp.me\/p6ODB3-3d","jetpack-related-posts":[{"id":741,"url":"https:\/\/www.windenergie-politik-gesellschaft.de\/?p=741","url_meta":{"origin":199,"position":0},"title":"airspex sorgt f\u00fcr bedarfsgerechte Beleuchtung von Windenergieanlagen: Anwohner werden vom Dauerblinken befreit","author":"Joern Woehlk","date":"3. Februar 2017","format":false,"excerpt":"Ein echter durchbruch f\u00fcr die Akzeptanz von Windenergieanlagen! Es ist ein immer wiederkehrendes Thema und sorgt f\u00fcr eine abnehmende Akzeptanz bei Windkraft: Das Dauerblinken der Anlagen im Dunkeln. Die Anwohner der Region rund um Marne in Schleswig-Holstein k\u00f6nnenQuelle: airspex sorgt f\u00fcr bedarfsgerechte Beleuchtung von Windenergieanlagen: Anwohner werden vom Dauerblinken befreit","rel":"","context":"In &quot;Mediation&quot;","block_context":{"text":"Mediation","link":"https:\/\/www.windenergie-politik-gesellschaft.de\/?cat=19"},"img":{"alt_text":"","src":"","width":0,"height":0},"classes":[]},{"id":1302,"url":"https:\/\/www.windenergie-politik-gesellschaft.de\/?p=1302","url_meta":{"origin":199,"position":1},"title":"Publikationen \/ LEA &#8211; LandesEnergieAgentur Fakten-Update Windenergie und Infraschall","author":"Joern Woehlk","date":"27. Dezember 2021","format":false,"excerpt":"Fakten-Update Windenergie und Infraschall B\u00dcRGERFORUM ENERGIEWENDE HESSEN Stand: Oktober 2021 Der von Windenergieanlagen erzeugte Infraschall unterschreitet in wissenschaftlichen Studien die menschliche H\u00f6r- und Wahrnehmungsschwelle im Nah- und Fernbereich. Gesundheitliche Auswirkungen von Infraschall durch Windenergieanlagen k\u00f6nnen in den dargestellten Studien wissenschaftlich nicht nachgewiesen werden. Ge\u00e4u\u00dferte Symptome und Beschwerden von Anwohnenden k\u00f6nnen\u2026","rel":"","context":"In &quot;Mediation&quot;","block_context":{"text":"Mediation","link":"https:\/\/www.windenergie-politik-gesellschaft.de\/?cat=19"},"img":{"alt_text":"","src":"","width":0,"height":0},"classes":[]},{"id":284,"url":"https:\/\/www.windenergie-politik-gesellschaft.de\/?p=284","url_meta":{"origin":199,"position":2},"title":"FA Wind Umfrageergebnisse Herbst 2015","author":"Joern Woehlk","date":"2. Dezember 2015","format":false,"excerpt":"Knapp die H\u00e4lfte der Bev\u00f6lkerung lebt nach eigenem Bekunden mit Windenergieanlagen im direkten Wohnumfeld. Die Ergebnisse der Fragen zur Akzeptanz von Windene rgieanlagen im Wohnumfeld best\u00e4tigen die Be- obachtung, dass die Zustimmung f\u00fcr die Windenergien utzung vor Ort mit der individuellen Vorerfah- rung zunimmt. Die Errichtung neuer Anlagen in bisla\u2026","rel":"","context":"In &quot;Mediation&quot;","block_context":{"text":"Mediation","link":"https:\/\/www.windenergie-politik-gesellschaft.de\/?cat=19"},"img":{"alt_text":"","src":"","width":0,"height":0},"classes":[]},{"id":1372,"url":"https:\/\/www.windenergie-politik-gesellschaft.de\/?p=1372","url_meta":{"origin":199,"position":3},"title":"Paradoxe Klimawende: Windr\u00e4der statt B\u00e4ume | SPIEGEL TV &#8211; YouTube","author":"Joern Woehlk","date":"2. Januar 2024","format":false,"excerpt":"Leider kein Wort dar\u00fcber, das Waldfl\u00e4chen, die gerodet werden f\u00fcr Windenergieanlagen, mit der doppelten Fl\u00e4che wieder aufgefordtet werden.","rel":"","context":"In &quot;Mediation&quot;","block_context":{"text":"Mediation","link":"https:\/\/www.windenergie-politik-gesellschaft.de\/?cat=19"},"img":{"alt_text":"","src":"","width":0,"height":0},"classes":[]},{"id":799,"url":"https:\/\/www.windenergie-politik-gesellschaft.de\/?p=799","url_meta":{"origin":199,"position":4},"title":"Eine Lanze brechen f\u00fcr die Akzeptanz der Windenergie in der Bev\u00f6lkerung","author":"Joern Woehlk","date":"27. Juni 2017","format":false,"excerpt":"Je n\u00e4her wir in Deutschland dem \"S\u00e4ttigungsgrad\" kommen - 2% der Landesfl\u00e4che soll f\u00fcr Windenergie nutzbar gemacht werden - desto mehr Gegner finden sich und umso mehr h\u00f6rt man auch den Standardspruch, der landauf landab immer wieder zu h\u00f6ren ist: \"Wir sind nicht gegen Windenergie, aber nicht vor unserer Haust\u00fcr!\"\u2026","rel":"","context":"In &quot;Windenergie allgemein&quot;","block_context":{"text":"Windenergie allgemein","link":"https:\/\/www.windenergie-politik-gesellschaft.de\/?cat=1"},"img":{"alt_text":"","src":"","width":0,"height":0},"classes":[]},{"id":621,"url":"https:\/\/www.windenergie-politik-gesellschaft.de\/?p=621","url_meta":{"origin":199,"position":5},"title":"Propaganda f\u00fcr die Braunkohle &#8211; Zwei Systeme f\u00fcr eine Aufgabe: Versorgungssicherheit im Stromsektor","author":"Joern Woehlk","date":"4. September 2016","format":false,"excerpt":"Sonntag ist mal wieder Zeit, um der Propaganda der Kohlelobby zu lauschen. Und schnell wurde ich f\u00fcndig, diesmal mit einem Artikel der m\u00e4chtig ideologisch \"Pro-Braunkohle\" eingef\u00e4rbt ist, was nicht verwunderlich ist, da er von einem f\u00fchrenden Vertreter der Braunkohleindustrie geschrieben wurde. Geschickt suggeriert Herr Milojcic zun\u00e4chst, einen gut reflektierten und\u2026","rel":"","context":"In &quot;Strom - Netze&quot;","block_context":{"text":"Strom - Netze","link":"https:\/\/www.windenergie-politik-gesellschaft.de\/?cat=11"},"img":{"alt_text":"","src":"","width":0,"height":0},"classes":[]}],"_links":{"self":[{"href":"https:\/\/www.windenergie-politik-gesellschaft.de\/index.php?rest_route=\/wp\/v2\/posts\/199","targetHints":{"allow":["GET"]}}],"collection":[{"href":"https:\/\/www.windenergie-politik-gesellschaft.de\/index.php?rest_route=\/wp\/v2\/posts"}],"about":[{"href":"https:\/\/www.windenergie-politik-gesellschaft.de\/index.php?rest_route=\/wp\/v2\/types\/post"}],"author":[{"embeddable":true,"href":"https:\/\/www.windenergie-politik-gesellschaft.de\/index.php?rest_route=\/wp\/v2\/users\/2"}],"replies":[{"embeddable":true,"href":"https:\/\/www.windenergie-politik-gesellschaft.de\/index.php?rest_route=%2Fwp%2Fv2%2Fcomments&post=199"}],"version-history":[{"count":2,"href":"https:\/\/www.windenergie-politik-gesellschaft.de\/index.php?rest_route=\/wp\/v2\/posts\/199\/revisions"}],"predecessor-version":[{"id":450,"href":"https:\/\/www.windenergie-politik-gesellschaft.de\/index.php?rest_route=\/wp\/v2\/posts\/199\/revisions\/450"}],"wp:attachment":[{"href":"https:\/\/www.windenergie-politik-gesellschaft.de\/index.php?rest_route=%2Fwp%2Fv2%2Fmedia&parent=199"}],"wp:term":[{"taxonomy":"category","embeddable":true,"href":"https:\/\/www.windenergie-politik-gesellschaft.de\/index.php?rest_route=%2Fwp%2Fv2%2Fcategories&post=199"},{"taxonomy":"post_tag","embeddable":true,"href":"https:\/\/www.windenergie-politik-gesellschaft.de\/index.php?rest_route=%2Fwp%2Fv2%2Ftags&post=199"}],"curies":[{"name":"wp","href":"https:\/\/api.w.org\/{rel}","templated":true}]}}