{"id":202,"date":"2015-10-14T12:15:17","date_gmt":"2015-10-14T10:15:17","guid":{"rendered":"http:\/\/www.windenergie-politik-gesellschaft.de\/?p=202"},"modified":"2015-10-14T12:15:17","modified_gmt":"2015-10-14T10:15:17","slug":"ecofys-fraunhofer-isi-2015stromkosten-der-energieintensiven-industrie","status":"publish","type":"post","link":"https:\/\/www.windenergie-politik-gesellschaft.de\/?p=202","title":{"rendered":"Ecofys-Fraunhofer-ISI-2015Stromkosten der energieintensiven Industrie"},"content":{"rendered":"<blockquote><p>Stromkosten der energieintensiven Industrie Ein internationaler Vergleich<\/p><\/blockquote>\n<p>Quelle: <em><a href=\"http:\/\/www.ecofys.com\/files\/files\/ecofys-fraunhoferisi-2015-stromkosten-der-energieintensiven-industrie.pdf\">ecofys-fraunhoferisi-2015-stromkosten-der-energieintensiven-industrie.pdf<\/a><\/em><\/p>\n","protected":false},"excerpt":{"rendered":"<p>Stromkosten der energieintensiven Industrie Ein internationaler Vergleich Quelle: ecofys-fraunhoferisi-2015-stromkosten-der-energieintensiven-industrie.pdf<\/p>\n","protected":false},"author":2,"featured_media":0,"comment_status":"open","ping_status":"open","sticky":false,"template":"","format":"standard","meta":{"jetpack_post_was_ever_published":false,"_jetpack_newsletter_access":"","_jetpack_dont_email_post_to_subs":false,"_jetpack_newsletter_tier_id":0,"_jetpack_memberships_contains_paywalled_content":false,"_jetpack_memberships_contains_paid_content":false,"footnotes":"","jetpack_publicize_message":"","jetpack_publicize_feature_enabled":true,"jetpack_social_post_already_shared":true,"jetpack_social_options":{"image_generator_settings":{"template":"highway","default_image_id":0,"font":"","enabled":false},"version":2}},"categories":[22],"tags":[],"class_list":["post-202","post","type-post","status-publish","format-standard","hentry","category-marktdaten"],"jetpack_publicize_connections":[],"jetpack_featured_media_url":"","jetpack_sharing_enabled":true,"jetpack_shortlink":"https:\/\/wp.me\/p6ODB3-3g","jetpack-related-posts":[{"id":199,"url":"https:\/\/www.windenergie-politik-gesellschaft.de\/?p=199","url_meta":{"origin":202,"position":0},"title":"Kurzstudie Frauenhofer IWES ABSCH\u00c4TZUNG DER \u00d6KONOMISCHEN WIRKUNG EINER VERTEILUNG VON WIND &#8211; UND PV &#8211; ANLAGEN \u00dcBER DEUTSCHLAND IM RAHMEN DER \u201eSELBSTVERMARKTUNG\u201c","author":"Joern Woehlk","date":"14. Oktober 2015","format":false,"excerpt":"Sehr interessant ist die Marktwertfaktorenanlyse auf seite 20ff f\u00fcr Windenergieanlagen: \"Jene Windenergieanlagen, die im S\u00fcden positioniert wurden, speisen h\u00e4ufig zu anderen Zeiten ein als die im Norden und erzielen somit h\u00f6here durchschnittliche Vermarktungserl\u00f6se\" Quelle: KurzStud_Frauenhofer_IWES_Verteilung_EEG-Anlagen.pdf","rel":"","context":"In &quot;Marktdaten&quot;","block_context":{"text":"Marktdaten","link":"https:\/\/www.windenergie-politik-gesellschaft.de\/?cat=22"},"img":{"alt_text":"","src":"","width":0,"height":0},"classes":[]},{"id":1367,"url":"https:\/\/www.windenergie-politik-gesellschaft.de\/?p=1367","url_meta":{"origin":202,"position":1},"title":"Autohaus: drastische Stromkosten-Ersparnis durch rund 75 Prozent Eigenverbrauch","author":"Joern Woehlk","date":"2. Januar 2024","format":false,"excerpt":"Ein sch\u00f6nes Beispiel, wie einfach es gehen kann, einen wesentlichen Beitrag zu leisten. Tarmstedt gilt als ein Kompetenzzentrum f\u00fcr Elektromobilit\u00e4t. Seit 2014 bietet das \u00f6rtliche Autohaus Elektrofahrzeuge an. 2007 wurde dort die erste PVQuelle: Autohaus: drastische Stromkosten-Ersparnis durch rund 75 Prozent Eigenverbrauch","rel":"","context":"In &quot;Presse&quot;","block_context":{"text":"Presse","link":"https:\/\/www.windenergie-politik-gesellschaft.de\/?cat=3"},"img":{"alt_text":"","src":"","width":0,"height":0},"classes":[]},{"id":960,"url":"https:\/\/www.windenergie-politik-gesellschaft.de\/?p=960","url_meta":{"origin":202,"position":2},"title":"storagelab &#8211; a research hub for electrical energy storage","author":"Joern Woehlk","date":"22. Mai 2018","format":false,"excerpt":"Storage Lab is a research hub for electrical energy storage. We investigate the future cost of storage and the value it can deliver to low-carbon energy systems. These economic insights are complemented with analyses of the environmental impact of storage technologies and the policy landscape for storage business models. Storage\u2026","rel":"","context":"In &quot;Strom-Speicher&quot;","block_context":{"text":"Strom-Speicher","link":"https:\/\/www.windenergie-politik-gesellschaft.de\/?cat=10"},"img":{"alt_text":"","src":"","width":0,"height":0},"classes":[]},{"id":1414,"url":"https:\/\/www.windenergie-politik-gesellschaft.de\/?p=1414","url_meta":{"origin":202,"position":3},"title":"Strompreis Entwicklung in Deutschland f\u00fcr Haushalte und Industrie | BDEW","author":"Joern Woehlk","date":"27. Dezember 2024","format":false,"excerpt":"Quelle: Strompreis Entwicklung in Deutschland f\u00fcr Haushalte und Industrie | BDEW Die Strompreise sind lange nicht mehr so hoch, wie uns einige politische Vertreter in Deutschland wei\u00df machen wollen.","rel":"","context":"In &quot;Strom - Netze&quot;","block_context":{"text":"Strom - Netze","link":"https:\/\/www.windenergie-politik-gesellschaft.de\/?cat=11"},"img":{"alt_text":"","src":"","width":0,"height":0},"classes":[]},{"id":766,"url":"https:\/\/www.windenergie-politik-gesellschaft.de\/?p=766","url_meta":{"origin":202,"position":4},"title":"Der Klimaschutzbeitrag der deutschen Energiewende","author":"Joern Woehlk","date":"5. April 2017","format":false,"excerpt":"\"Der Autor dieses Beitrags ist der Auffassung, dass eine unvoreingenommene Man\u00f6verkritik f\u00fcr die erfolgreiche Fortsetzung der Energiewende dringend notwendig ist. Als langj\u00e4hriges Mitglied der unabh\u00e4ngigen Expertenkommission \u201eEnergie der Zukunft\u201c war er u. a. an der Formulierung der j\u00fcngsten Stellungnahme zum f\u00fcnften Monitoring-Bericht der Bundesregierung f\u00fcr das Berichtsjahr 2015 beteiligt.\" Quelle:\u2026","rel":"","context":"In &quot;Marktdaten&quot;","block_context":{"text":"Marktdaten","link":"https:\/\/www.windenergie-politik-gesellschaft.de\/?cat=22"},"img":{"alt_text":"","src":"","width":0,"height":0},"classes":[]},{"id":977,"url":"https:\/\/www.windenergie-politik-gesellschaft.de\/?p=977","url_meta":{"origin":202,"position":5},"title":"Bilanz des weltweiten Ausbaus der erneuerbaren Energien in der Stromerzeugung","author":"Joern Woehlk","date":"4. August 2018","format":false,"excerpt":"Quelle: Bilanz des weltweiten Ausbaus der erneuerbaren Energien in der Stromerzeugung","rel":"","context":"In &quot;Marktdaten&quot;","block_context":{"text":"Marktdaten","link":"https:\/\/www.windenergie-politik-gesellschaft.de\/?cat=22"},"img":{"alt_text":"","src":"","width":0,"height":0},"classes":[]}],"_links":{"self":[{"href":"https:\/\/www.windenergie-politik-gesellschaft.de\/index.php?rest_route=\/wp\/v2\/posts\/202","targetHints":{"allow":["GET"]}}],"collection":[{"href":"https:\/\/www.windenergie-politik-gesellschaft.de\/index.php?rest_route=\/wp\/v2\/posts"}],"about":[{"href":"https:\/\/www.windenergie-politik-gesellschaft.de\/index.php?rest_route=\/wp\/v2\/types\/post"}],"author":[{"embeddable":true,"href":"https:\/\/www.windenergie-politik-gesellschaft.de\/index.php?rest_route=\/wp\/v2\/users\/2"}],"replies":[{"embeddable":true,"href":"https:\/\/www.windenergie-politik-gesellschaft.de\/index.php?rest_route=%2Fwp%2Fv2%2Fcomments&post=202"}],"version-history":[{"count":1,"href":"https:\/\/www.windenergie-politik-gesellschaft.de\/index.php?rest_route=\/wp\/v2\/posts\/202\/revisions"}],"predecessor-version":[{"id":203,"href":"https:\/\/www.windenergie-politik-gesellschaft.de\/index.php?rest_route=\/wp\/v2\/posts\/202\/revisions\/203"}],"wp:attachment":[{"href":"https:\/\/www.windenergie-politik-gesellschaft.de\/index.php?rest_route=%2Fwp%2Fv2%2Fmedia&parent=202"}],"wp:term":[{"taxonomy":"category","embeddable":true,"href":"https:\/\/www.windenergie-politik-gesellschaft.de\/index.php?rest_route=%2Fwp%2Fv2%2Fcategories&post=202"},{"taxonomy":"post_tag","embeddable":true,"href":"https:\/\/www.windenergie-politik-gesellschaft.de\/index.php?rest_route=%2Fwp%2Fv2%2Ftags&post=202"}],"curies":[{"name":"wp","href":"https:\/\/api.w.org\/{rel}","templated":true}]}}