{"id":248,"date":"2015-11-05T12:42:42","date_gmt":"2015-11-05T11:42:42","guid":{"rendered":"http:\/\/www.windenergie-politik-gesellschaft.de\/?p=248"},"modified":"2015-11-05T12:42:42","modified_gmt":"2015-11-05T11:42:42","slug":"niederlage-vor-dem-vgh-muenchen-dwd-wird-in-schranken-gewiesen","status":"publish","type":"post","link":"https:\/\/www.windenergie-politik-gesellschaft.de\/?p=248","title":{"rendered":"Niederlage vor dem VGH M\u00fcnchen: DWD wird in Schranken gewiesen"},"content":{"rendered":"<p>Quelle: <em><a href=\"http:\/\/www.maslaton.de\/news\/Niederlage-vor-dem-VGH-Muenchen-DWD-wird-in-Schranken-gewiesen--n398?utm_source=Newsletter+MASLATON+Rechtsanwaltsgesellschaft+mbH&amp;utm_campaign=7c00b37c57-Newsletter_05_11_201511_5_2015&amp;utm_medium=email&amp;utm_term=0_922375bcad-7c00b37c57-181695493&amp;ct=t(Newsletter_05_11_201511_5_2015)\">Niederlage vor dem VGH M\u00fcnchen: DWD wird in Schranken gewiesen<\/a><\/em><\/p>\n","protected":false},"excerpt":{"rendered":"<p>Quelle: Niederlage vor dem VGH M\u00fcnchen: DWD wird in Schranken gewiesen<\/p>\n","protected":false},"author":2,"featured_media":0,"comment_status":"open","ping_status":"open","sticky":false,"template":"","format":"standard","meta":{"jetpack_post_was_ever_published":false,"_jetpack_newsletter_access":"","_jetpack_dont_email_post_to_subs":false,"_jetpack_newsletter_tier_id":0,"_jetpack_memberships_contains_paywalled_content":false,"_jetpack_memberships_contains_paid_content":false,"footnotes":"","jetpack_publicize_message":"","jetpack_publicize_feature_enabled":true,"jetpack_social_post_already_shared":true,"jetpack_social_options":{"image_generator_settings":{"template":"highway","default_image_id":0,"font":"","enabled":false},"version":2}},"categories":[12,3],"tags":[],"class_list":["post-248","post","type-post","status-publish","format-standard","hentry","category-aktuelle-rechtsprechung","category-presse"],"jetpack_publicize_connections":[],"jetpack_featured_media_url":"","jetpack_sharing_enabled":true,"jetpack_shortlink":"https:\/\/wp.me\/p6ODB3-40","jetpack-related-posts":[{"id":92,"url":"https:\/\/www.windenergie-politik-gesellschaft.de\/?p=92","url_meta":{"origin":248,"position":0},"title":"VGH Kassel: 1000 Meter Mindestabstand in Hessen ist ok","author":"Joern Woehlk","date":"24. September 2015","format":false,"excerpt":"Artikel","rel":"","context":"In &quot;Aktuelle Rechtsprechung&quot;","block_context":{"text":"Aktuelle Rechtsprechung","link":"https:\/\/www.windenergie-politik-gesellschaft.de\/?cat=12"},"img":{"alt_text":"","src":"","width":0,"height":0},"classes":[]},{"id":799,"url":"https:\/\/www.windenergie-politik-gesellschaft.de\/?p=799","url_meta":{"origin":248,"position":1},"title":"Eine Lanze brechen f\u00fcr die Akzeptanz der Windenergie in der Bev\u00f6lkerung","author":"Joern Woehlk","date":"27. Juni 2017","format":false,"excerpt":"Je n\u00e4her wir in Deutschland dem \"S\u00e4ttigungsgrad\" kommen - 2% der Landesfl\u00e4che soll f\u00fcr Windenergie nutzbar gemacht werden - desto mehr Gegner finden sich und umso mehr h\u00f6rt man auch den Standardspruch, der landauf landab immer wieder zu h\u00f6ren ist: \"Wir sind nicht gegen Windenergie, aber nicht vor unserer Haust\u00fcr!\"\u2026","rel":"","context":"In &quot;Windenergie allgemein&quot;","block_context":{"text":"Windenergie allgemein","link":"https:\/\/www.windenergie-politik-gesellschaft.de\/?cat=1"},"img":{"alt_text":"","src":"","width":0,"height":0},"classes":[]},{"id":1329,"url":"https:\/\/www.windenergie-politik-gesellschaft.de\/?p=1329","url_meta":{"origin":248,"position":2},"title":"Viel \u00c4rger um Windkraft \u2013 In Mitteldeutschland stockt Ausbau der Windenergie","author":"Joern Woehlk","date":"18. August 2022","format":false,"excerpt":"Dierser Beitrag zeigt wie die Verhinderungspolitik in Sachen Windenergie funktioniert. Sie dient dem Schutz von politischen Mehrheiten und wird getrieben durch die Angst vor Wutb\u00fcrgern. Die neue Hoffnung f\u00fcr den Ausbau der regenerativen ist, dass ein \"\u00fcberragendes \u00f6ffentliches Interesse\" in vielen Gerichtsurteilen den Weg frei machen wird. Quelle: Viel \u00c4rger\u2026","rel":"","context":"In &quot;TV Beitr\u00e4ge&quot;","block_context":{"text":"TV Beitr\u00e4ge","link":"https:\/\/www.windenergie-politik-gesellschaft.de\/?cat=130"},"img":{"alt_text":"","src":"","width":0,"height":0},"classes":[]},{"id":378,"url":"https:\/\/www.windenergie-politik-gesellschaft.de\/?p=378","url_meta":{"origin":248,"position":3},"title":"Zweifel an Gef\u00e4hrdung des Rotmilans &#8211; Neue Energie","author":"Joern Woehlk","date":"5. Mai 2016","format":false,"excerpt":"Die neue Studie aus der Schweiz gibt Entwarnung f\u00fcr den als \u201ewindkraftsensibel\u201c eingestuften Raubvogel Rotmilan: Der Bestand sei nicht durch die Windkraft bedroht. Natursch\u00fctzer widersprechen vehement. Der Leser m\u00f6ge sich selbst eine Meinung machen, wie die Fakten liegen. Seeadler, Kranich und Rotmilan leben schon lange in unmittelbarer N\u00e4he von Windparks\u2026","rel":"","context":"In &quot;Mediation&quot;","block_context":{"text":"Mediation","link":"https:\/\/www.windenergie-politik-gesellschaft.de\/?cat=19"},"img":{"alt_text":"","src":"","width":0,"height":0},"classes":[]},{"id":826,"url":"https:\/\/www.windenergie-politik-gesellschaft.de\/?p=826","url_meta":{"origin":248,"position":4},"title":"Bundesnetzagentur &#8211; Gebotstermin 1. August 2017","author":"Joern Woehlk","date":"16. August 2017","format":false,"excerpt":"Gesetzlich definierte B\u00fcrgerenergie dominiert wieder fast vollst\u00e4ndig 2. Ausschreibungsrunde. Erwartungsgem\u00e4\u00df wird auch die zweite Ausschreibungsrunde Wind an Land durch Akteure, die die Voraussetzungen der nach dem EEG definierten B\u00fcrgerenergie erf\u00fcllen, mit 95% der bezuschlagten Menge dominiert. Damit erh\u00f6ht sich weiter die Unsicherheit, ob der Zubaukorridor in den Jahren nach 2018\u2026","rel":"","context":"In &quot;Marktdaten&quot;","block_context":{"text":"Marktdaten","link":"https:\/\/www.windenergie-politik-gesellschaft.de\/?cat=22"},"img":{"alt_text":"","src":"","width":0,"height":0},"classes":[]},{"id":1255,"url":"https:\/\/www.windenergie-politik-gesellschaft.de\/?p=1255","url_meta":{"origin":248,"position":5},"title":"Koalitionsvertrag f\u00fcr Baden-W\u00fcrttemberg &#8211; was soll f\u00fcr die Windkraft getan werden?","author":"Joern Woehlk","date":"11. Mai 2021","format":false,"excerpt":"Ein kurzer Blick in den Koalitionsvertrag zum Thema Windenergie: Auf Seite 25 findet sich einiges zum neuen Klimaschutzgesetz. Es soll eine rechtliche Verankerung und Regionalisierung eines 2 % Fl\u00e4chenziels sicherstellen. Immerhin wird klargestellt, dass sich bestimmt Regionen hier nicht mehr so einfach herausreden k\u00f6nnen, Stichwort NIMBY Politik. Windkraftstandort im Staatswald\u2026","rel":"","context":"In &quot;Natur- und Artenschutz&quot;","block_context":{"text":"Natur- und Artenschutz","link":"https:\/\/www.windenergie-politik-gesellschaft.de\/?cat=65"},"img":{"alt_text":"","src":"","width":0,"height":0},"classes":[]}],"_links":{"self":[{"href":"https:\/\/www.windenergie-politik-gesellschaft.de\/index.php?rest_route=\/wp\/v2\/posts\/248","targetHints":{"allow":["GET"]}}],"collection":[{"href":"https:\/\/www.windenergie-politik-gesellschaft.de\/index.php?rest_route=\/wp\/v2\/posts"}],"about":[{"href":"https:\/\/www.windenergie-politik-gesellschaft.de\/index.php?rest_route=\/wp\/v2\/types\/post"}],"author":[{"embeddable":true,"href":"https:\/\/www.windenergie-politik-gesellschaft.de\/index.php?rest_route=\/wp\/v2\/users\/2"}],"replies":[{"embeddable":true,"href":"https:\/\/www.windenergie-politik-gesellschaft.de\/index.php?rest_route=%2Fwp%2Fv2%2Fcomments&post=248"}],"version-history":[{"count":1,"href":"https:\/\/www.windenergie-politik-gesellschaft.de\/index.php?rest_route=\/wp\/v2\/posts\/248\/revisions"}],"predecessor-version":[{"id":249,"href":"https:\/\/www.windenergie-politik-gesellschaft.de\/index.php?rest_route=\/wp\/v2\/posts\/248\/revisions\/249"}],"wp:attachment":[{"href":"https:\/\/www.windenergie-politik-gesellschaft.de\/index.php?rest_route=%2Fwp%2Fv2%2Fmedia&parent=248"}],"wp:term":[{"taxonomy":"category","embeddable":true,"href":"https:\/\/www.windenergie-politik-gesellschaft.de\/index.php?rest_route=%2Fwp%2Fv2%2Fcategories&post=248"},{"taxonomy":"post_tag","embeddable":true,"href":"https:\/\/www.windenergie-politik-gesellschaft.de\/index.php?rest_route=%2Fwp%2Fv2%2Ftags&post=248"}],"curies":[{"name":"wp","href":"https:\/\/api.w.org\/{rel}","templated":true}]}}