{"id":510,"date":"2016-05-22T15:29:08","date_gmt":"2016-05-22T13:29:08","guid":{"rendered":"http:\/\/www.windenergie-politik-gesellschaft.de\/?p=510"},"modified":"2016-05-22T15:33:34","modified_gmt":"2016-05-22T13:33:34","slug":"potenzialanalyse-fuer-pumpspeicher-an-bundeswasserstrassen-in-deutschland","status":"publish","type":"post","link":"https:\/\/www.windenergie-politik-gesellschaft.de\/?p=510","title":{"rendered":"Potenzialanalyse f\u00fcr Pumpspeicher an Bundeswasserstra\u00dfen in Deutschland"},"content":{"rendered":"<p>Ein weiters Glied in einer Kette von Speicheralternativen.<\/p>\n<p>Quelle: <em><a href=\"http:\/\/www.et-energie-online.de\/Zukunftsfragen\/tabid\/63\/NewsId\/464\/Potenzialanalyse-fur-Pumpspeicher-an-Bundeswasserstraen-in-Deutschland.aspx\">Potenzialanalyse f\u00fcr Pumpspeicher an Bundeswasserstra\u00dfen in Deutschland<\/a><\/em><\/p>\n","protected":false},"excerpt":{"rendered":"<p>Ein weiters Glied in einer Kette von Speicheralternativen. Quelle: Potenzialanalyse f\u00fcr Pumpspeicher an Bundeswasserstra\u00dfen in Deutschland<\/p>\n","protected":false},"author":2,"featured_media":0,"comment_status":"open","ping_status":"open","sticky":false,"template":"","format":"standard","meta":{"jetpack_post_was_ever_published":false,"_jetpack_newsletter_access":"","_jetpack_dont_email_post_to_subs":false,"_jetpack_newsletter_tier_id":0,"_jetpack_memberships_contains_paywalled_content":false,"_jetpack_memberships_contains_paid_content":false,"footnotes":"","jetpack_publicize_message":"","jetpack_publicize_feature_enabled":true,"jetpack_social_post_already_shared":true,"jetpack_social_options":{"image_generator_settings":{"template":"highway","default_image_id":0,"font":"","enabled":false},"version":2}},"categories":[22,10],"tags":[100],"class_list":["post-510","post","type-post","status-publish","format-standard","hentry","category-marktdaten","category-strom-speicher","tag-pumpspeicher"],"jetpack_publicize_connections":[],"jetpack_featured_media_url":"","jetpack_sharing_enabled":true,"jetpack_shortlink":"https:\/\/wp.me\/p6ODB3-8e","jetpack-related-posts":[{"id":167,"url":"https:\/\/www.windenergie-politik-gesellschaft.de\/?p=167","url_meta":{"origin":510,"position":0},"title":"Nationaler Aktionsplan erneuerbaren Energien f\u00fcr Deutschland gem\u00e4\u00df der Richtlinie 2009\/28\/EG","author":"Joern Woehlk","date":"13. Oktober 2015","format":false,"excerpt":"Quelle: Nationaler Aktionsplan erneuerbaren Energien f\u00fcr Deutschland gem\u00e4\u00df der Richtlinie 2009\/28\/EG sowie der Entscheidung K(2009) 5174 der Kommission vom 30 - Nationaler_Aktionsplan_100804.pdf","rel":"","context":"In &quot;Marktdaten&quot;","block_context":{"text":"Marktdaten","link":"https:\/\/www.windenergie-politik-gesellschaft.de\/?cat=22"},"img":{"alt_text":"","src":"","width":0,"height":0},"classes":[]},{"id":1414,"url":"https:\/\/www.windenergie-politik-gesellschaft.de\/?p=1414","url_meta":{"origin":510,"position":1},"title":"Strompreis Entwicklung in Deutschland f\u00fcr Haushalte und Industrie | BDEW","author":"Joern Woehlk","date":"27. Dezember 2024","format":false,"excerpt":"Quelle: Strompreis Entwicklung in Deutschland f\u00fcr Haushalte und Industrie | BDEW Die Strompreise sind lange nicht mehr so hoch, wie uns einige politische Vertreter in Deutschland wei\u00df machen wollen.","rel":"","context":"In &quot;Strom - Netze&quot;","block_context":{"text":"Strom - Netze","link":"https:\/\/www.windenergie-politik-gesellschaft.de\/?cat=11"},"img":{"alt_text":"","src":"","width":0,"height":0},"classes":[]},{"id":643,"url":"https:\/\/www.windenergie-politik-gesellschaft.de\/?p=643","url_meta":{"origin":510,"position":2},"title":"Status des Windenergieausbaus in Deutschland 1. Halbjahr 2016","author":"Joern Woehlk","date":"21. September 2016","format":"aside","excerpt":"\"Qualitativ gute Auswertung der Firma windguard f\u00fcr den deutschen Windenergiemarkt.\" Quelle: Status des Windenergieausbaus in Deutschland - Factsheet-Status-Windenergieausbau-an-Land-1.-Halbjahr-2016.pdf","rel":"","context":"In &quot;Marktdaten&quot;","block_context":{"text":"Marktdaten","link":"https:\/\/www.windenergie-politik-gesellschaft.de\/?cat=22"},"img":{"alt_text":"","src":"","width":0,"height":0},"classes":[]},{"id":1138,"url":"https:\/\/www.windenergie-politik-gesellschaft.de\/?p=1138","url_meta":{"origin":510,"position":3},"title":"Strommix Deutschland: Stromerzeugung nach Energietr\u00e4ger in 2019","author":"Joern Woehlk","date":"2. Januar 2020","format":false,"excerpt":"Aktuelle Daten zum deutschen Energiemarkt f\u00fcr das jahr 2019, sehr gut aufbereitet. Quelle: Strommix Deutschland: Stromerzeugung nach Energietr\u00e4ger","rel":"","context":"In &quot;Marktdaten&quot;","block_context":{"text":"Marktdaten","link":"https:\/\/www.windenergie-politik-gesellschaft.de\/?cat=22"},"img":{"alt_text":"","src":"","width":0,"height":0},"classes":[]},{"id":1102,"url":"https:\/\/www.windenergie-politik-gesellschaft.de\/?p=1102","url_meta":{"origin":510,"position":4},"title":"SIP-\u00dcbersicht &#8211; Zahlungspflichten f\u00fcr staatlich induzierte und regulierte Strompreisbestandteile","author":"Joern Woehlk","date":"31. Juli 2019","format":false,"excerpt":"Erstaunlich, wie detailreich Deutschland regulieren kann... Quelle: SIP-\u00dcbersicht - Zahlungspflichten f\u00fcr staatlich induzierte und regulierte Strompreisbestandteile","rel":"","context":"In &quot;Strom - Netze&quot;","block_context":{"text":"Strom - Netze","link":"https:\/\/www.windenergie-politik-gesellschaft.de\/?cat=11"},"img":{"alt_text":"","src":"","width":0,"height":0},"classes":[]},{"id":806,"url":"https:\/\/www.windenergie-politik-gesellschaft.de\/?p=806","url_meta":{"origin":510,"position":5},"title":"Aggreko \u00fcbernimmt Younicos f\u00fcr 46 Millionen","author":"Joern Woehlk","date":"6. Juli 2017","format":false,"excerpt":"Die \u00dcbernahme- und Konzentrationswelle in der Energiebranche nimmt ihren Lauf... Quelle: Aggreko \u00fcbernimmt Younicos f\u00fcr 46 Millionen Euro \u2013 pv magazine Deutschland","rel":"","context":"In &quot;Presse&quot;","block_context":{"text":"Presse","link":"https:\/\/www.windenergie-politik-gesellschaft.de\/?cat=3"},"img":{"alt_text":"","src":"","width":0,"height":0},"classes":[]}],"_links":{"self":[{"href":"https:\/\/www.windenergie-politik-gesellschaft.de\/index.php?rest_route=\/wp\/v2\/posts\/510","targetHints":{"allow":["GET"]}}],"collection":[{"href":"https:\/\/www.windenergie-politik-gesellschaft.de\/index.php?rest_route=\/wp\/v2\/posts"}],"about":[{"href":"https:\/\/www.windenergie-politik-gesellschaft.de\/index.php?rest_route=\/wp\/v2\/types\/post"}],"author":[{"embeddable":true,"href":"https:\/\/www.windenergie-politik-gesellschaft.de\/index.php?rest_route=\/wp\/v2\/users\/2"}],"replies":[{"embeddable":true,"href":"https:\/\/www.windenergie-politik-gesellschaft.de\/index.php?rest_route=%2Fwp%2Fv2%2Fcomments&post=510"}],"version-history":[{"count":1,"href":"https:\/\/www.windenergie-politik-gesellschaft.de\/index.php?rest_route=\/wp\/v2\/posts\/510\/revisions"}],"predecessor-version":[{"id":511,"href":"https:\/\/www.windenergie-politik-gesellschaft.de\/index.php?rest_route=\/wp\/v2\/posts\/510\/revisions\/511"}],"wp:attachment":[{"href":"https:\/\/www.windenergie-politik-gesellschaft.de\/index.php?rest_route=%2Fwp%2Fv2%2Fmedia&parent=510"}],"wp:term":[{"taxonomy":"category","embeddable":true,"href":"https:\/\/www.windenergie-politik-gesellschaft.de\/index.php?rest_route=%2Fwp%2Fv2%2Fcategories&post=510"},{"taxonomy":"post_tag","embeddable":true,"href":"https:\/\/www.windenergie-politik-gesellschaft.de\/index.php?rest_route=%2Fwp%2Fv2%2Ftags&post=510"}],"curies":[{"name":"wp","href":"https:\/\/api.w.org\/{rel}","templated":true}]}}