{"id":515,"date":"2016-05-22T16:51:24","date_gmt":"2016-05-22T14:51:24","guid":{"rendered":"http:\/\/www.windenergie-politik-gesellschaft.de\/?p=515"},"modified":"2016-05-22T16:51:24","modified_gmt":"2016-05-22T14:51:24","slug":"pumpspeicher-oekonomischer-teil-trilaterale-studie-zu-pumpspeicherkraftwerken","status":"publish","type":"post","link":"https:\/\/www.windenergie-politik-gesellschaft.de\/?p=515","title":{"rendered":"Pumpspeicher -\u00f6konomischer Teil &#8211; trilaterale Studie zu Pumpspeicherkraftwerken"},"content":{"rendered":"<p>Quelle: <em><a href=\"http:\/\/www.bmwi.de\/BMWi\/Redaktion\/PDF\/Publikationen\/Studien\/trilaterale-studie-zu-pumpspeicherkraftwerken-deutschland-oesterreich-schweiz-gutachten,property=pdf,bereich=bmwi2012,sprache=de,rwb=true.pdf\">Microsoft Word &#8211; CHAD_Pumpspeicher_\u00f6konomischer_Teil_v57_aw_final_19062014.docx &#8211; trilaterale-studie-zu-pumpspeicherkraftwerken-deutschland-oesterreich-schweiz-gutachten,property=pdf,bereich=bmwi2012,sprache=de,rwb=true.pdf<\/a><\/em><\/p>\n","protected":false},"excerpt":{"rendered":"<p>Quelle: Microsoft Word &#8211; CHAD_Pumpspeicher_\u00f6konomischer_Teil_v57_aw_final_19062014.docx &#8211; trilaterale-studie-zu-pumpspeicherkraftwerken-deutschland-oesterreich-schweiz-gutachten,property=pdf,bereich=bmwi2012,sprache=de,rwb=true.pdf<\/p>\n","protected":false},"author":2,"featured_media":0,"comment_status":"open","ping_status":"open","sticky":false,"template":"","format":"standard","meta":{"jetpack_post_was_ever_published":false,"_jetpack_newsletter_access":"","_jetpack_dont_email_post_to_subs":false,"_jetpack_newsletter_tier_id":0,"_jetpack_memberships_contains_paywalled_content":false,"_jetpack_memberships_contains_paid_content":false,"footnotes":"","jetpack_publicize_message":"","jetpack_publicize_feature_enabled":true,"jetpack_social_post_already_shared":true,"jetpack_social_options":{"image_generator_settings":{"template":"highway","default_image_id":0,"font":"","enabled":false},"version":2}},"categories":[22,10],"tags":[100],"class_list":["post-515","post","type-post","status-publish","format-standard","hentry","category-marktdaten","category-strom-speicher","tag-pumpspeicher"],"jetpack_publicize_connections":[],"jetpack_featured_media_url":"","jetpack_sharing_enabled":true,"jetpack_shortlink":"https:\/\/wp.me\/p6ODB3-8j","jetpack-related-posts":[{"id":512,"url":"https:\/\/www.windenergie-politik-gesellschaft.de\/?p=512","url_meta":{"origin":515,"position":0},"title":"Studie zu Pumpspeicherkraftwerken Zusammenfassung","author":"Joern Woehlk","date":"22. Mai 2016","format":false,"excerpt":"Quelle: ESC_Bericht_DACH_PSKW_20140814_cs_clean - trilaterale-studie-zu-pumpspeicherkraftwerken-deutschland-oesterreich-schweiz-zusammenfassung,property=pdf,bereich=bmwi2012,sprache=de,rwb=true.pdf","rel":"","context":"In &quot;Marktdaten&quot;","block_context":{"text":"Marktdaten","link":"https:\/\/www.windenergie-politik-gesellschaft.de\/?cat=22"},"img":{"alt_text":"","src":"","width":0,"height":0},"classes":[]},{"id":700,"url":"https:\/\/www.windenergie-politik-gesellschaft.de\/?p=700","url_meta":{"origin":515,"position":1},"title":"Zugv\u00f6gel und Windenergie: Weltweit erste kombinierte Studie zu Schlagopfern und Vogelzugintensit\u00e4t","author":"Joern Woehlk","date":"1. Dezember 2016","format":false,"excerpt":"Zugv\u00f6gel und Windenergie: Weltweit erste kombinierte Studie zu Schlagopfern und Vogelzugintensit\u00e4tQuelle: Zugv\u00f6gel und Windenergie: Weltweit erste kombinierte Studie zu Schlagopfern und Vogelzugintensit\u00e4t (ee-news.ch)","rel":"","context":"In &quot;Natur- und Artenschutz&quot;","block_context":{"text":"Natur- und Artenschutz","link":"https:\/\/www.windenergie-politik-gesellschaft.de\/?cat=65"},"img":{"alt_text":"","src":"","width":0,"height":0},"classes":[]},{"id":994,"url":"https:\/\/www.windenergie-politik-gesellschaft.de\/?p=994","url_meta":{"origin":515,"position":2},"title":"Netztransparenz >Studie zur Konventionellen Mindesterzeugung","author":"Joern Woehlk","date":"17. Oktober 2018","format":false,"excerpt":"Diese Studie ist schon etwas \u00e4lter, liefert jedoch sehr interessante Daten. Demnach ist ein gro\u00dfer Teil der im Netz befindlichen Leistung bei negativen Strompreisen keinem zuzuordnen: \"Schlie\u00dflich weisen die Daten einen derzeit nicht weiter aufschl\u00fcsselbaren Wert \u2013 in der Studie als \u201ePROD_min\u201c dargestellt \u2013 auf, der an allen analysierten Tagen\u2026","rel":"","context":"In &quot;Strom - Netze&quot;","block_context":{"text":"Strom - Netze","link":"https:\/\/www.windenergie-politik-gesellschaft.de\/?cat=11"},"img":{"alt_text":"","src":"","width":0,"height":0},"classes":[]},{"id":762,"url":"https:\/\/www.windenergie-politik-gesellschaft.de\/?p=762","url_meta":{"origin":515,"position":3},"title":"Studie: Klimaschutz durch Sektorenkopplung","author":"Joern Woehlk","date":"22. M\u00e4rz 2017","format":false,"excerpt":"[22.3.2017] Die Gasbranche hat jetzt eine Studie zum Thema Klimaschutz durch Sektorenkopplung in Berlin vorgestellt. Diese zeigt, dass eine Sektorenkopplung via Strom zu Gas kosteng\u00fcnstiger als eine Vollelektrifizierung ausfallen kann. Quelle: Meldung | stadt+werk - Kommunale Klimaschutz- und Energiepolitik","rel":"","context":"In &quot;Windenergie allgemein&quot;","block_context":{"text":"Windenergie allgemein","link":"https:\/\/www.windenergie-politik-gesellschaft.de\/?cat=1"},"img":{"alt_text":"","src":"","width":0,"height":0},"classes":[]},{"id":1359,"url":"https:\/\/www.windenergie-politik-gesellschaft.de\/?p=1359","url_meta":{"origin":515,"position":4},"title":"BEE Studie Strommarktdesign","author":"Joern Woehlk","date":"14. Oktober 2023","format":false,"excerpt":"Das heutige Strommarktdesign ist nicht in der Lage, den klimapolitisch notwendigen Ausbau Erneuerbarer Energien zu gew\u00e4hrleisten. Daher hat der Bundesverband Erneuerbare Energie e.V. (BEE) eine durch die Fraunhofer Institute f\u00fcr Energiewirtschaft und Netzbetrieb (IEE) und Solare Energiesysteme (ISE) durchgef\u00fchrte und von der Kanzlei Becker B\u00fcttner Held (BBH) juristisch gepr\u00fcfte Studie\u2026","rel":"","context":"In &quot;Windenergie allgemein&quot;","block_context":{"text":"Windenergie allgemein","link":"https:\/\/www.windenergie-politik-gesellschaft.de\/?cat=1"},"img":{"alt_text":"","src":"","width":0,"height":0},"classes":[]},{"id":1384,"url":"https:\/\/www.windenergie-politik-gesellschaft.de\/?p=1384","url_meta":{"origin":515,"position":5},"title":"BEE Studie Strommarktdesign","author":"Joern Woehlk","date":"24. Februar 2024","format":false,"excerpt":"Das heutige Strommarktdesign ist nicht in der Lage, den klimapolitisch notwendigen Ausbau Erneuerbarer Energien zu gew\u00e4hrleisten. Daher hat der Bundesverband Erneuerbare Energie e.V. (BEE) eine durch die Fraunhofer Institute f\u00fcr Energiewirtschaft und Netzbetrieb (IEE) und Solare Energiesysteme (ISE) durchgef\u00fchrte und von der Kanzlei Becker B\u00fcttner Held (BBH) juristisch gepr\u00fcfte Studie\u2026","rel":"","context":"In &quot;Strom - Netze&quot;","block_context":{"text":"Strom - Netze","link":"https:\/\/www.windenergie-politik-gesellschaft.de\/?cat=11"},"img":{"alt_text":"","src":"","width":0,"height":0},"classes":[]}],"_links":{"self":[{"href":"https:\/\/www.windenergie-politik-gesellschaft.de\/index.php?rest_route=\/wp\/v2\/posts\/515","targetHints":{"allow":["GET"]}}],"collection":[{"href":"https:\/\/www.windenergie-politik-gesellschaft.de\/index.php?rest_route=\/wp\/v2\/posts"}],"about":[{"href":"https:\/\/www.windenergie-politik-gesellschaft.de\/index.php?rest_route=\/wp\/v2\/types\/post"}],"author":[{"embeddable":true,"href":"https:\/\/www.windenergie-politik-gesellschaft.de\/index.php?rest_route=\/wp\/v2\/users\/2"}],"replies":[{"embeddable":true,"href":"https:\/\/www.windenergie-politik-gesellschaft.de\/index.php?rest_route=%2Fwp%2Fv2%2Fcomments&post=515"}],"version-history":[{"count":1,"href":"https:\/\/www.windenergie-politik-gesellschaft.de\/index.php?rest_route=\/wp\/v2\/posts\/515\/revisions"}],"predecessor-version":[{"id":516,"href":"https:\/\/www.windenergie-politik-gesellschaft.de\/index.php?rest_route=\/wp\/v2\/posts\/515\/revisions\/516"}],"wp:attachment":[{"href":"https:\/\/www.windenergie-politik-gesellschaft.de\/index.php?rest_route=%2Fwp%2Fv2%2Fmedia&parent=515"}],"wp:term":[{"taxonomy":"category","embeddable":true,"href":"https:\/\/www.windenergie-politik-gesellschaft.de\/index.php?rest_route=%2Fwp%2Fv2%2Fcategories&post=515"},{"taxonomy":"post_tag","embeddable":true,"href":"https:\/\/www.windenergie-politik-gesellschaft.de\/index.php?rest_route=%2Fwp%2Fv2%2Ftags&post=515"}],"curies":[{"name":"wp","href":"https:\/\/api.w.org\/{rel}","templated":true}]}}