{"id":517,"date":"2016-05-23T09:11:59","date_gmt":"2016-05-23T07:11:59","guid":{"rendered":"http:\/\/www.windenergie-politik-gesellschaft.de\/?p=517"},"modified":"2016-05-23T09:11:59","modified_gmt":"2016-05-23T07:11:59","slug":"optisch-bedraengende-wirkung-von-windkraftanlagen-auf-wohngrundstuecke-im-aussenbereich","status":"publish","type":"post","link":"https:\/\/www.windenergie-politik-gesellschaft.de\/?p=517","title":{"rendered":"Optisch bedr\u00e4ngende Wirkung von Windkraftanlagen auf Wohngrundst\u00fccke im Au\u00dfenbereich"},"content":{"rendered":"<p>Quelle: <em><a href=\"https:\/\/www.haufe.de\/recht\/deutsches-anwalt-office-premium\/optisch-bedraengende-wirkung-von-windkraftanlagen-auf-wohngrundstuecke-im-aussenbereich_idesk_PI17574_HI2648330.html\">Optisch bedr\u00e4ngende Wirkung von Windkraftanlagen auf Wohngrundst\u00fccke im Au\u00dfenbereich | Deutsches Anwalt Office Premium | Recht | Haufe<\/a><\/em><\/p>\n","protected":false},"excerpt":{"rendered":"<p>Quelle: Optisch bedr\u00e4ngende Wirkung von Windkraftanlagen auf Wohngrundst\u00fccke im Au\u00dfenbereich | Deutsches Anwalt Office Premium | Recht | Haufe<\/p>\n","protected":false},"author":2,"featured_media":0,"comment_status":"open","ping_status":"open","sticky":false,"template":"","format":"standard","meta":{"jetpack_post_was_ever_published":false,"_jetpack_newsletter_access":"","_jetpack_dont_email_post_to_subs":false,"_jetpack_newsletter_tier_id":0,"_jetpack_memberships_contains_paywalled_content":false,"_jetpack_memberships_contains_paid_content":false,"footnotes":"","jetpack_publicize_message":"","jetpack_publicize_feature_enabled":true,"jetpack_social_post_already_shared":true,"jetpack_social_options":{"image_generator_settings":{"template":"highway","default_image_id":0,"font":"","enabled":false},"version":2}},"categories":[12],"tags":[101],"class_list":["post-517","post","type-post","status-publish","format-standard","hentry","category-aktuelle-rechtsprechung","tag-optisch-bedraengende-wirkung"],"jetpack_publicize_connections":[],"jetpack_featured_media_url":"","jetpack_sharing_enabled":true,"jetpack_shortlink":"https:\/\/wp.me\/p6ODB3-8l","jetpack-related-posts":[{"id":321,"url":"https:\/\/www.windenergie-politik-gesellschaft.de\/?p=321","url_meta":{"origin":517,"position":0},"title":"OVG Rheinland-Pfalz &#8211; Keine Unzul\u00e4ssigkeit von Windkraftanlagen wegen St\u00f6rung des Wetterradars","author":"Joern Woehlk","date":"13. Januar 2016","format":false,"excerpt":"\"Nach \u00dcberzeugung der Koblenzer Richter sind indessen die Auswirkungen dieser St\u00f6rungen auf die Aufgabenerf\u00fcllung des Deutschen Wetterdienstes nicht so gravierend, dass sie der Genehmigung der im Au\u00dfenbereich privilegiert zul\u00e4ssigen und zudem in Vorranggebieten f\u00fcr die Windenergie gelegenen Windkraftanlagen entgegenst\u00fcnden.\" RLPQuelle: mjv.rlp.de | Gerichte\u00a0>\u00a0Fachgerichte\u00a0>\u00a0Verwaltungsgerichte\u00a0>\u00a0OVG Rheinland-Pfalz\u00a0>\u00a0Aktuell\u00a0>\u00a0Pressemitteilung Nr. 3\/2016","rel":"","context":"In &quot;Aktuelle Rechtsprechung&quot;","block_context":{"text":"Aktuelle Rechtsprechung","link":"https:\/\/www.windenergie-politik-gesellschaft.de\/?cat=12"},"img":{"alt_text":"","src":"","width":0,"height":0},"classes":[]},{"id":1404,"url":"https:\/\/www.windenergie-politik-gesellschaft.de\/?p=1404","url_meta":{"origin":517,"position":1},"title":"Schleswig-Holstein: Bundesweit erster Pr\u00fcfrahmen f\u00fcr Antikollisionssysteme an Windkraftanlagen vorgestellt","author":"Joern Woehlk","date":"12. September 2024","format":false,"excerpt":"Das schleswig-holsteinische Ministerium f\u00fcr Energiewende, Klimaschutz, Umwelt und Natur hat am 8. August 2024 einen Einf\u00fchrungserlass f\u00fcr den \"Fachkonventionsvorschlag \u201ePr\u00fcfrahmen f\u00fcr Antikollisionssysteme\u201c (Pr\u00fcfrahmen AKS) - Vollzugshilfe f\u00fcr die Bewertung als fachlich anerkannte Schutzma\u00dfnahme\" ver\u00f6ffentlicht. Der Pr\u00fcfrahmen AKS wurde in einem Forschungsprojekt von einem interdisziplin\u00e4ren Arbeitskreis unter der Leitung des Landesamtes\u2026","rel":"","context":"In &quot;Natur- und Artenschutz&quot;","block_context":{"text":"Natur- und Artenschutz","link":"https:\/\/www.windenergie-politik-gesellschaft.de\/?cat=65"},"img":{"alt_text":"","src":"","width":0,"height":0},"classes":[]},{"id":979,"url":"https:\/\/www.windenergie-politik-gesellschaft.de\/?p=979","url_meta":{"origin":517,"position":2},"title":"Widerstand gegen Windkraftanlagen in Nordhessen | ARD Mediathek","author":"Joern Woehlk","date":"4. August 2018","format":false,"excerpt":"Quelle: Widerstand gegen Windkraftanlagen in Nordhessen | alles wissen Video | ARD Mediathek","rel":"","context":"In &quot;TV Beitr\u00e4ge&quot;","block_context":{"text":"TV Beitr\u00e4ge","link":"https:\/\/www.windenergie-politik-gesellschaft.de\/?cat=130"},"img":{"alt_text":"","src":"","width":0,"height":0},"classes":[]},{"id":183,"url":"https:\/\/www.windenergie-politik-gesellschaft.de\/?p=183","url_meta":{"origin":517,"position":3},"title":"Infraschall bei Windkraftanlagen | IG Windkraft \u00d6sterreich, 07.10.2015 | APA-OTS","author":"Joern Woehlk","date":"14. Oktober 2015","format":false,"excerpt":"Untersuchungen best\u00e4tigen: keine gesundheitlich nachteiligen Auswirkungen feststellbar Quelle: Infraschall bei Windkraftanlagen | IG Windkraft \u00d6sterreich, 07.10.2015 | APA-OTS","rel":"","context":"In &quot;Mediation&quot;","block_context":{"text":"Mediation","link":"https:\/\/www.windenergie-politik-gesellschaft.de\/?cat=19"},"img":{"alt_text":"","src":"","width":0,"height":0},"classes":[]},{"id":199,"url":"https:\/\/www.windenergie-politik-gesellschaft.de\/?p=199","url_meta":{"origin":517,"position":4},"title":"Kurzstudie Frauenhofer IWES ABSCH\u00c4TZUNG DER \u00d6KONOMISCHEN WIRKUNG EINER VERTEILUNG VON WIND &#8211; UND PV &#8211; ANLAGEN \u00dcBER DEUTSCHLAND IM RAHMEN DER \u201eSELBSTVERMARKTUNG\u201c","author":"Joern Woehlk","date":"14. Oktober 2015","format":false,"excerpt":"Sehr interessant ist die Marktwertfaktorenanlyse auf seite 20ff f\u00fcr Windenergieanlagen: \"Jene Windenergieanlagen, die im S\u00fcden positioniert wurden, speisen h\u00e4ufig zu anderen Zeiten ein als die im Norden und erzielen somit h\u00f6here durchschnittliche Vermarktungserl\u00f6se\" Quelle: KurzStud_Frauenhofer_IWES_Verteilung_EEG-Anlagen.pdf","rel":"","context":"In &quot;Marktdaten&quot;","block_context":{"text":"Marktdaten","link":"https:\/\/www.windenergie-politik-gesellschaft.de\/?cat=22"},"img":{"alt_text":"","src":"","width":0,"height":0},"classes":[]},{"id":1105,"url":"https:\/\/www.windenergie-politik-gesellschaft.de\/?p=1105","url_meta":{"origin":517,"position":5},"title":"Neuer Streit um Windkraftanlagen in Niedersachsen","author":"Joern Woehlk","date":"12. August 2019","format":false,"excerpt":"Irgendwie v\u00f6llig logisch - wenn ein handwerklicher Fehler auftritt, muss der behoben werden. So ist das auch hier bei der Schallproblematik. Das immer alles \u00fcber Klagen laufen muss, ist schade. Quelle: Neuer Streit um Windkraftanlagen in Niedersachsen | NDR.de - Fernsehen - Sendungen A-Z - Panorama 3","rel":"","context":"In &quot;TV Beitr\u00e4ge&quot;","block_context":{"text":"TV Beitr\u00e4ge","link":"https:\/\/www.windenergie-politik-gesellschaft.de\/?cat=130"},"img":{"alt_text":"","src":"","width":0,"height":0},"classes":[]}],"_links":{"self":[{"href":"https:\/\/www.windenergie-politik-gesellschaft.de\/index.php?rest_route=\/wp\/v2\/posts\/517","targetHints":{"allow":["GET"]}}],"collection":[{"href":"https:\/\/www.windenergie-politik-gesellschaft.de\/index.php?rest_route=\/wp\/v2\/posts"}],"about":[{"href":"https:\/\/www.windenergie-politik-gesellschaft.de\/index.php?rest_route=\/wp\/v2\/types\/post"}],"author":[{"embeddable":true,"href":"https:\/\/www.windenergie-politik-gesellschaft.de\/index.php?rest_route=\/wp\/v2\/users\/2"}],"replies":[{"embeddable":true,"href":"https:\/\/www.windenergie-politik-gesellschaft.de\/index.php?rest_route=%2Fwp%2Fv2%2Fcomments&post=517"}],"version-history":[{"count":1,"href":"https:\/\/www.windenergie-politik-gesellschaft.de\/index.php?rest_route=\/wp\/v2\/posts\/517\/revisions"}],"predecessor-version":[{"id":518,"href":"https:\/\/www.windenergie-politik-gesellschaft.de\/index.php?rest_route=\/wp\/v2\/posts\/517\/revisions\/518"}],"wp:attachment":[{"href":"https:\/\/www.windenergie-politik-gesellschaft.de\/index.php?rest_route=%2Fwp%2Fv2%2Fmedia&parent=517"}],"wp:term":[{"taxonomy":"category","embeddable":true,"href":"https:\/\/www.windenergie-politik-gesellschaft.de\/index.php?rest_route=%2Fwp%2Fv2%2Fcategories&post=517"},{"taxonomy":"post_tag","embeddable":true,"href":"https:\/\/www.windenergie-politik-gesellschaft.de\/index.php?rest_route=%2Fwp%2Fv2%2Ftags&post=517"}],"curies":[{"name":"wp","href":"https:\/\/api.w.org\/{rel}","templated":true}]}}