{"id":524,"date":"2016-05-26T10:19:55","date_gmt":"2016-05-26T08:19:55","guid":{"rendered":"http:\/\/www.windenergie-politik-gesellschaft.de\/?p=524"},"modified":"2016-05-26T10:19:55","modified_gmt":"2016-05-26T08:19:55","slug":"fachvortrag-prof-dr-ing-volker-quaschning-energiewende-im-mobilitaetssektor","status":"publish","type":"post","link":"https:\/\/www.windenergie-politik-gesellschaft.de\/?p=524","title":{"rendered":"Fachvortrag: Prof. Dr.-Ing. Volker Quaschning \u2013 Energiewende im Mobilit\u00e4tssektor"},"content":{"rendered":"<p>Hier gibt es Futter f\u00fcr die Klimaskeptiker und Klimaleugner \ud83d\ude42<br \/>\nF\u00fcr alle anderen: eine plakative Pr\u00e4sentation  &#8211; der Klimawandel wird immer realer und wir wissen sehr wohl, was auf uns zukommt.<\/p>\n<p>Quelle: <em><a href=\"http:\/\/sh-gruene-partei.de\/sites\/sh-gruene-partei.de\/files\/2016-05-20_gruenstrom-enge-sande_quaschning.pdf\">Microsoft PowerPoint &#8211; Gr\u00fcnstrom-Enge-Sande-2016_Quaschning &#8211; Handout.pptx &#8211; 2016-05-20_gruenstrom-enge-sande_quaschning.pdf<\/a><\/em><\/p>\n","protected":false},"excerpt":{"rendered":"<p>Hier gibt es Futter f\u00fcr die Klimaskeptiker und Klimaleugner \ud83d\ude42 F\u00fcr alle anderen: eine plakative Pr\u00e4sentation &#8211; der Klimawandel wird immer realer und wir wissen sehr wohl, was auf uns zukommt. Quelle: Microsoft PowerPoint &#8211; Gr\u00fcnstrom-Enge-Sande-2016_Quaschning &#8211; Handout.pptx &#8211; 2016-05-20_gruenstrom-enge-sande_quaschning.pdf<\/p>\n","protected":false},"author":2,"featured_media":0,"comment_status":"open","ping_status":"open","sticky":false,"template":"","format":"standard","meta":{"jetpack_post_was_ever_published":false,"_jetpack_newsletter_access":"","_jetpack_dont_email_post_to_subs":false,"_jetpack_newsletter_tier_id":0,"_jetpack_memberships_contains_paywalled_content":false,"_jetpack_memberships_contains_paid_content":false,"footnotes":"","jetpack_publicize_message":"","jetpack_publicize_feature_enabled":true,"jetpack_social_post_already_shared":true,"jetpack_social_options":{"image_generator_settings":{"template":"highway","default_image_id":0,"font":"","enabled":false},"version":2}},"categories":[3],"tags":[94,78],"class_list":["post-524","post","type-post","status-publish","format-standard","hentry","category-presse","tag-elektromobilitaet","tag-sektorenkopplung"],"jetpack_publicize_connections":[],"jetpack_featured_media_url":"","jetpack_sharing_enabled":true,"jetpack_shortlink":"https:\/\/wp.me\/p6ODB3-8s","jetpack-related-posts":[{"id":814,"url":"https:\/\/www.windenergie-politik-gesellschaft.de\/?p=814","url_meta":{"origin":524,"position":0},"title":"SMARD","author":"Joern Woehlk","date":"10. Juli 2017","format":false,"excerpt":"SMARD, die neue Strommarkt-Plattform, ist online SMARD, die Informationsplattform der Bundesnetzagentur zum Strommarkt, ist online. Sie bietet aktuelle und f\u00fcr jeden verst\u00e4ndliche Strommarktdaten. Der Staatssekret\u00e4r im Bundesministerium f\u00fcr Wirtschaft und Energie, Rainer Baake, dazu: \"\"Die Daten sind anwenderfreundlich aufbereitet, so dass auch Laien damit zurechtkommen. F\u00fcr Experten gibt es umfangreiche\u2026","rel":"","context":"In &quot;Marktdaten&quot;","block_context":{"text":"Marktdaten","link":"https:\/\/www.windenergie-politik-gesellschaft.de\/?cat=22"},"img":{"alt_text":"","src":"","width":0,"height":0},"classes":[]},{"id":1404,"url":"https:\/\/www.windenergie-politik-gesellschaft.de\/?p=1404","url_meta":{"origin":524,"position":1},"title":"Schleswig-Holstein: Bundesweit erster Pr\u00fcfrahmen f\u00fcr Antikollisionssysteme an Windkraftanlagen vorgestellt","author":"Joern Woehlk","date":"12. September 2024","format":false,"excerpt":"Das schleswig-holsteinische Ministerium f\u00fcr Energiewende, Klimaschutz, Umwelt und Natur hat am 8. August 2024 einen Einf\u00fchrungserlass f\u00fcr den \"Fachkonventionsvorschlag \u201ePr\u00fcfrahmen f\u00fcr Antikollisionssysteme\u201c (Pr\u00fcfrahmen AKS) - Vollzugshilfe f\u00fcr die Bewertung als fachlich anerkannte Schutzma\u00dfnahme\" ver\u00f6ffentlicht. Der Pr\u00fcfrahmen AKS wurde in einem Forschungsprojekt von einem interdisziplin\u00e4ren Arbeitskreis unter der Leitung des Landesamtes\u2026","rel":"","context":"In &quot;Natur- und Artenschutz&quot;","block_context":{"text":"Natur- und Artenschutz","link":"https:\/\/www.windenergie-politik-gesellschaft.de\/?cat=65"},"img":{"alt_text":"","src":"","width":0,"height":0},"classes":[]},{"id":1009,"url":"https:\/\/www.windenergie-politik-gesellschaft.de\/?p=1009","url_meta":{"origin":524,"position":2},"title":"Billionen-Markt f\u00fcr Photovoltaik und Speicher","author":"Joern Woehlk","date":"14. Dezember 2018","format":false,"excerpt":"Quelle: KW50\u00a0|\u00a0Billionen-Markt f\u00fcr Photovoltaik und Speicher\u00a0-\u00a0SolarServer","rel":"","context":"In &quot;Strom-Speicher&quot;","block_context":{"text":"Strom-Speicher","link":"https:\/\/www.windenergie-politik-gesellschaft.de\/?cat=10"},"img":{"alt_text":"","src":"","width":0,"height":0},"classes":[]},{"id":1255,"url":"https:\/\/www.windenergie-politik-gesellschaft.de\/?p=1255","url_meta":{"origin":524,"position":3},"title":"Koalitionsvertrag f\u00fcr Baden-W\u00fcrttemberg &#8211; was soll f\u00fcr die Windkraft getan werden?","author":"Joern Woehlk","date":"11. Mai 2021","format":false,"excerpt":"Ein kurzer Blick in den Koalitionsvertrag zum Thema Windenergie: Auf Seite 25 findet sich einiges zum neuen Klimaschutzgesetz. Es soll eine rechtliche Verankerung und Regionalisierung eines 2 % Fl\u00e4chenziels sicherstellen. Immerhin wird klargestellt, dass sich bestimmt Regionen hier nicht mehr so einfach herausreden k\u00f6nnen, Stichwort NIMBY Politik. Windkraftstandort im Staatswald\u2026","rel":"","context":"In &quot;Natur- und Artenschutz&quot;","block_context":{"text":"Natur- und Artenschutz","link":"https:\/\/www.windenergie-politik-gesellschaft.de\/?cat=65"},"img":{"alt_text":"","src":"","width":0,"height":0},"classes":[]},{"id":703,"url":"https:\/\/www.windenergie-politik-gesellschaft.de\/?p=703","url_meta":{"origin":524,"position":4},"title":"Batteriespeicher werden f\u00fcr Verteilnetzbetreiber attraktiver","author":"Joern Woehlk","date":"5. Dezember 2016","format":false,"excerpt":"Mit Blick auf die Kosten f\u00fcr Systemdienstleistungen und den Netzausbau werden die Batteriespeicher im Vergleich zu konventionellen Kraftwerken immer mehr zur willkommenen Alternative. Verteilnetzbetreiber werden auf diese Technologien immer mehr zur\u00fcckgreifen und k\u00f6nnen so viel Geld sparen.. Mit ERNEUERBARE ENERGIEN erhalten Sie stets aktuelle Meldungen und Berichte aus dem Bereich\u2026","rel":"","context":"In &quot;Presse&quot;","block_context":{"text":"Presse","link":"https:\/\/www.windenergie-politik-gesellschaft.de\/?cat=3"},"img":{"alt_text":"","src":"","width":0,"height":0},"classes":[]},{"id":1279,"url":"https:\/\/www.windenergie-politik-gesellschaft.de\/?p=1279","url_meta":{"origin":524,"position":5},"title":"Ausgleichs- und Ersatzma\u00dfnahmen f\u00fcr Windenergievorhaben \u2013 FA Wind","author":"Joern Woehlk","date":"1. September 2021","format":false,"excerpt":"Meiner Meinung nach wird viel zu wenig \u00fcber das Thema gesprochen. Sch\u00f6ne Zusammenstellung. Quelle: Ausgleichs- und Ersatzma\u00dfnahmen f\u00fcr Windenergievorhaben \u2013 FA Wind","rel":"","context":"In &quot;Mediation&quot;","block_context":{"text":"Mediation","link":"https:\/\/www.windenergie-politik-gesellschaft.de\/?cat=19"},"img":{"alt_text":"","src":"","width":0,"height":0},"classes":[]}],"_links":{"self":[{"href":"https:\/\/www.windenergie-politik-gesellschaft.de\/index.php?rest_route=\/wp\/v2\/posts\/524","targetHints":{"allow":["GET"]}}],"collection":[{"href":"https:\/\/www.windenergie-politik-gesellschaft.de\/index.php?rest_route=\/wp\/v2\/posts"}],"about":[{"href":"https:\/\/www.windenergie-politik-gesellschaft.de\/index.php?rest_route=\/wp\/v2\/types\/post"}],"author":[{"embeddable":true,"href":"https:\/\/www.windenergie-politik-gesellschaft.de\/index.php?rest_route=\/wp\/v2\/users\/2"}],"replies":[{"embeddable":true,"href":"https:\/\/www.windenergie-politik-gesellschaft.de\/index.php?rest_route=%2Fwp%2Fv2%2Fcomments&post=524"}],"version-history":[{"count":1,"href":"https:\/\/www.windenergie-politik-gesellschaft.de\/index.php?rest_route=\/wp\/v2\/posts\/524\/revisions"}],"predecessor-version":[{"id":525,"href":"https:\/\/www.windenergie-politik-gesellschaft.de\/index.php?rest_route=\/wp\/v2\/posts\/524\/revisions\/525"}],"wp:attachment":[{"href":"https:\/\/www.windenergie-politik-gesellschaft.de\/index.php?rest_route=%2Fwp%2Fv2%2Fmedia&parent=524"}],"wp:term":[{"taxonomy":"category","embeddable":true,"href":"https:\/\/www.windenergie-politik-gesellschaft.de\/index.php?rest_route=%2Fwp%2Fv2%2Fcategories&post=524"},{"taxonomy":"post_tag","embeddable":true,"href":"https:\/\/www.windenergie-politik-gesellschaft.de\/index.php?rest_route=%2Fwp%2Fv2%2Ftags&post=524"}],"curies":[{"name":"wp","href":"https:\/\/api.w.org\/{rel}","templated":true}]}}