{"id":526,"date":"2016-05-28T06:17:17","date_gmt":"2016-05-28T04:17:17","guid":{"rendered":"http:\/\/www.windenergie-politik-gesellschaft.de\/?p=526"},"modified":"2016-05-28T06:17:17","modified_gmt":"2016-05-28T04:17:17","slug":"umweltministerium-nrw-11-01-2016-windenergie-bisher-keine-gesundheitsgefahren-durch-infraschall-von-windenergieanlagen-festgestellt","status":"publish","type":"post","link":"https:\/\/www.windenergie-politik-gesellschaft.de\/?p=526","title":{"rendered":"Umweltministerium NRW: 11.01.2016 Windenergie: Bisher keine Gesundheitsgefahren durch Infraschall von Windenergieanlagen festgestellt"},"content":{"rendered":"<p>Quelle: <em><a href=\"https:\/\/www.umwelt.nrw.de\/pressebereich\/detail\/news\/2016-01-11-windenergieanlagen-bisher-keine-gesundheitsgefahren-durch-infraschall-festgestellt\/\">Umweltministerium NRW: Detail<\/a><\/em><\/p>\n","protected":false},"excerpt":{"rendered":"<p>Quelle: Umweltministerium NRW: Detail<\/p>\n","protected":false},"author":2,"featured_media":0,"comment_status":"open","ping_status":"open","sticky":false,"template":"","format":"standard","meta":{"jetpack_post_was_ever_published":false,"_jetpack_newsletter_access":"","_jetpack_dont_email_post_to_subs":false,"_jetpack_newsletter_tier_id":0,"_jetpack_memberships_contains_paywalled_content":false,"_jetpack_memberships_contains_paid_content":false,"footnotes":"","jetpack_publicize_message":"","jetpack_publicize_feature_enabled":true,"jetpack_social_post_already_shared":true,"jetpack_social_options":{"image_generator_settings":{"template":"highway","default_image_id":0,"font":"","enabled":false},"version":2}},"categories":[19,3,1],"tags":[25],"class_list":["post-526","post","type-post","status-publish","format-standard","hentry","category-mediation","category-presse","category-windenergie-allgemein","tag-infraschall"],"jetpack_publicize_connections":[],"jetpack_featured_media_url":"","jetpack_sharing_enabled":true,"jetpack_shortlink":"https:\/\/wp.me\/p6ODB3-8u","jetpack-related-posts":[{"id":1281,"url":"https:\/\/www.windenergie-politik-gesellschaft.de\/?p=1281","url_meta":{"origin":526,"position":0},"title":"Infraschall &#8211; Messung und Auswertung: Windenergie: Faktencheck: Vernunftkraft \u00fcber Infraschall","author":"Joern Woehlk","date":"13. Oktober 2021","format":false,"excerpt":"Fazit: Der Artikel von Vernunftkraft zu Infraschall und Windenergie ist hochgradiger Unsinn. Es werden viele falsche Behauptungen aufgestellt, Studien falsch zitiert, \u00c4pfel mit Birnen verglichen und der Schalldruckpegel von Windenergieanlagen konsequent verschwiegen. Allein dieser Artikel macht klar, wie Vernunftkraft einzuordnen ist. Dieser Artikel ist kein Einzelfall bei Vernunftkraft. Auch andere\u2026","rel":"","context":"In &quot;Gegenwind&quot;","block_context":{"text":"Gegenwind","link":"https:\/\/www.windenergie-politik-gesellschaft.de\/?cat=161"},"img":{"alt_text":"","src":"","width":0,"height":0},"classes":[]},{"id":1258,"url":"https:\/\/www.windenergie-politik-gesellschaft.de\/?p=1258","url_meta":{"origin":526,"position":1},"title":"Infraschall aus Windkraft \u00fcbersch\u00e4tzt","author":"Joern Woehlk","date":"11. Mai 2021","format":false,"excerpt":"Quelle: Infraschall aus Windkraft \u00fcbersch\u00e4tzt: Gr\u00fcne wollen Konsequenzen | BR24","rel":"","context":"In &quot;Gegenwind&quot;","block_context":{"text":"Gegenwind","link":"https:\/\/www.windenergie-politik-gesellschaft.de\/?cat=161"},"img":{"alt_text":"","src":"","width":0,"height":0},"classes":[]},{"id":1302,"url":"https:\/\/www.windenergie-politik-gesellschaft.de\/?p=1302","url_meta":{"origin":526,"position":2},"title":"Publikationen \/ LEA &#8211; LandesEnergieAgentur Fakten-Update Windenergie und Infraschall","author":"Joern Woehlk","date":"27. Dezember 2021","format":false,"excerpt":"Fakten-Update Windenergie und Infraschall B\u00dcRGERFORUM ENERGIEWENDE HESSEN Stand: Oktober 2021 Der von Windenergieanlagen erzeugte Infraschall unterschreitet in wissenschaftlichen Studien die menschliche H\u00f6r- und Wahrnehmungsschwelle im Nah- und Fernbereich. Gesundheitliche Auswirkungen von Infraschall durch Windenergieanlagen k\u00f6nnen in den dargestellten Studien wissenschaftlich nicht nachgewiesen werden. Ge\u00e4u\u00dferte Symptome und Beschwerden von Anwohnenden k\u00f6nnen\u2026","rel":"","context":"In &quot;Mediation&quot;","block_context":{"text":"Mediation","link":"https:\/\/www.windenergie-politik-gesellschaft.de\/?cat=19"},"img":{"alt_text":"","src":"","width":0,"height":0},"classes":[]},{"id":1321,"url":"https:\/\/www.windenergie-politik-gesellschaft.de\/?p=1321","url_meta":{"origin":526,"position":3},"title":"Infraschall von Windenergieanlagen Urteil OLG Hamm","author":"Joern Woehlk","date":"11. Mai 2022","format":false,"excerpt":"Endlich eine klare Antwort. Damit sollte sich der Dauerbrenner erledigt haben. Quelle: Infraschall von Windenergieanlagen Urteil OLG Hamm - Solarserver","rel":"","context":"In &quot;Aktuelle Rechtsprechung&quot;","block_context":{"text":"Aktuelle Rechtsprechung","link":"https:\/\/www.windenergie-politik-gesellschaft.de\/?cat=12"},"img":{"alt_text":"","src":"","width":0,"height":0},"classes":[]},{"id":183,"url":"https:\/\/www.windenergie-politik-gesellschaft.de\/?p=183","url_meta":{"origin":526,"position":4},"title":"Infraschall bei Windkraftanlagen | IG Windkraft \u00d6sterreich, 07.10.2015 | APA-OTS","author":"Joern Woehlk","date":"14. Oktober 2015","format":false,"excerpt":"Untersuchungen best\u00e4tigen: keine gesundheitlich nachteiligen Auswirkungen feststellbar Quelle: Infraschall bei Windkraftanlagen | IG Windkraft \u00d6sterreich, 07.10.2015 | APA-OTS","rel":"","context":"In &quot;Mediation&quot;","block_context":{"text":"Mediation","link":"https:\/\/www.windenergie-politik-gesellschaft.de\/?cat=19"},"img":{"alt_text":"","src":"","width":0,"height":0},"classes":[]},{"id":981,"url":"https:\/\/www.windenergie-politik-gesellschaft.de\/?p=981","url_meta":{"origin":526,"position":5},"title":"Fake Science &#8211; EIKE &#8211; Die billige Masche der Klimaleugner","author":"Joern Woehlk","date":"4. August 2018","format":false,"excerpt":"Immer wieder schafft es EIKE in die Schlagzeilen zu kommen, weil nicht haltbare Studien herangezogen werden, die vor allem Windkraftgegner ungefiltert \u00fcbernehmen in ihrer Arumentation. Sie verweigern sich beharrlich zuzugeben, dass es keine Anzeichen f\u00fcr die Sch\u00e4dlichkeit von Infraschall gibt. Quelle: Die billige Masche der Klimaleugner - Energiewende - Erneuerbare\u2026","rel":"","context":"In &quot;Gegenwind&quot;","block_context":{"text":"Gegenwind","link":"https:\/\/www.windenergie-politik-gesellschaft.de\/?cat=161"},"img":{"alt_text":"","src":"","width":0,"height":0},"classes":[]}],"_links":{"self":[{"href":"https:\/\/www.windenergie-politik-gesellschaft.de\/index.php?rest_route=\/wp\/v2\/posts\/526","targetHints":{"allow":["GET"]}}],"collection":[{"href":"https:\/\/www.windenergie-politik-gesellschaft.de\/index.php?rest_route=\/wp\/v2\/posts"}],"about":[{"href":"https:\/\/www.windenergie-politik-gesellschaft.de\/index.php?rest_route=\/wp\/v2\/types\/post"}],"author":[{"embeddable":true,"href":"https:\/\/www.windenergie-politik-gesellschaft.de\/index.php?rest_route=\/wp\/v2\/users\/2"}],"replies":[{"embeddable":true,"href":"https:\/\/www.windenergie-politik-gesellschaft.de\/index.php?rest_route=%2Fwp%2Fv2%2Fcomments&post=526"}],"version-history":[{"count":1,"href":"https:\/\/www.windenergie-politik-gesellschaft.de\/index.php?rest_route=\/wp\/v2\/posts\/526\/revisions"}],"predecessor-version":[{"id":527,"href":"https:\/\/www.windenergie-politik-gesellschaft.de\/index.php?rest_route=\/wp\/v2\/posts\/526\/revisions\/527"}],"wp:attachment":[{"href":"https:\/\/www.windenergie-politik-gesellschaft.de\/index.php?rest_route=%2Fwp%2Fv2%2Fmedia&parent=526"}],"wp:term":[{"taxonomy":"category","embeddable":true,"href":"https:\/\/www.windenergie-politik-gesellschaft.de\/index.php?rest_route=%2Fwp%2Fv2%2Fcategories&post=526"},{"taxonomy":"post_tag","embeddable":true,"href":"https:\/\/www.windenergie-politik-gesellschaft.de\/index.php?rest_route=%2Fwp%2Fv2%2Ftags&post=526"}],"curies":[{"name":"wp","href":"https:\/\/api.w.org\/{rel}","templated":true}]}}