{"id":528,"date":"2016-05-28T07:04:59","date_gmt":"2016-05-28T05:04:59","guid":{"rendered":"http:\/\/www.windenergie-politik-gesellschaft.de\/?p=528"},"modified":"2016-05-28T07:04:59","modified_gmt":"2016-05-28T05:04:59","slug":"bbsr-zusammenarbeit-von-regionalplanung-und-netzbetreibern-bei-der-planung-regionaler-stromverteilnetze","status":"publish","type":"post","link":"https:\/\/www.windenergie-politik-gesellschaft.de\/?p=528","title":{"rendered":"BBSR &#8211; Zusammenarbeit von Regionalplanung und Netzbetreibern bei der Planung regionaler Stromverteilnetze"},"content":{"rendered":"<p>Warum die Netzbetreiber nicht bzw. sehr schleppend auf den Ausbau der Windenergie reagieren, k\u00f6nnen Sie hier nachlesen.<\/p>\n<p>Quelle: <em><a href=\"http:\/\/www.bbsr.bund.de\/BBSR\/DE\/FP\/MORO\/Studien\/2015\/RegionaleStromverteilnetze\/01_Start.html?nn=1172174\u00acFirst=true&#038;docId=1172180\">BBSR Homepage &#8211; Zusammenarbeit von Regionalplanung und Netzbetreibern bei der Planung regionaler Stromverteilnetze &#8211; Beitrag 2<\/a><\/em><\/p>\n","protected":false},"excerpt":{"rendered":"<p>Warum die Netzbetreiber nicht bzw. sehr schleppend auf den Ausbau der Windenergie reagieren, k\u00f6nnen Sie hier nachlesen. Quelle: BBSR Homepage &#8211; Zusammenarbeit von Regionalplanung und Netzbetreibern bei der Planung regionaler Stromverteilnetze &#8211; Beitrag 2<\/p>\n","protected":false},"author":2,"featured_media":0,"comment_status":"open","ping_status":"open","sticky":false,"template":"","format":"standard","meta":{"jetpack_post_was_ever_published":false,"_jetpack_newsletter_access":"","_jetpack_dont_email_post_to_subs":false,"_jetpack_newsletter_tier_id":0,"_jetpack_memberships_contains_paywalled_content":false,"_jetpack_memberships_contains_paid_content":false,"footnotes":"","jetpack_publicize_message":"","jetpack_publicize_feature_enabled":true,"jetpack_social_post_already_shared":true,"jetpack_social_options":{"image_generator_settings":{"template":"highway","default_image_id":0,"font":"","enabled":false},"version":2}},"categories":[11,1],"tags":[26,78],"class_list":["post-528","post","type-post","status-publish","format-standard","hentry","category-strom-netze","category-windenergie-allgemein","tag-netzausbau","tag-sektorenkopplung"],"jetpack_publicize_connections":[],"jetpack_featured_media_url":"","jetpack_sharing_enabled":true,"jetpack_shortlink":"https:\/\/wp.me\/p6ODB3-8w","jetpack-related-posts":[{"id":95,"url":"https:\/\/www.windenergie-politik-gesellschaft.de\/?p=95","url_meta":{"origin":528,"position":0},"title":"Fehlerquellen von  Windkonzentrationszonenplanungen &#8211; Analyse aktueller Gerichtsentscheidungen","author":"Joern Woehlk","date":"24. September 2015","format":false,"excerpt":"eine aktuelle und interessante Analyse \u00a0 Ein Patentrezept zur Bew\u00e4ltigung der sich stellenden Aufgaben gibt es nicht. F\u00fcr die Regionalplanung hat die Analyse jedoch gezeigt, dass diese nur dann rechtssicher agieren kann, wenn sie weder den partikularen Interessen von Gemeinden und b\u00fcrgerschaftlichen Gruppen noch den Steuerungsversuchen der Landesebene unbesehen nachgibt,\u2026","rel":"","context":"In &quot;Windenergie allgemein&quot;","block_context":{"text":"Windenergie allgemein","link":"https:\/\/www.windenergie-politik-gesellschaft.de\/?cat=1"},"img":{"alt_text":"","src":"","width":0,"height":0},"classes":[]},{"id":1296,"url":"https:\/\/www.windenergie-politik-gesellschaft.de\/?p=1296","url_meta":{"origin":528,"position":1},"title":"Ausbau der Windenergie gesetzgeberisch beschleunigen! &#8211; Stiftung Umweltenergierecht","author":"Joern Woehlk","date":"4. November 2021","format":false,"excerpt":"Ein Beispiel, wie die Planung vorangetrieben werden k\u00f6nnte. Der Ausbau muss sich massiv beschleunigen. Es gibt keine Alternative. Quelle: Ausbau der Windenergie gesetzgeberisch beschleunigen! - Stiftung Umweltenergierecht","rel":"","context":"In &quot;Windenergie allgemein&quot;","block_context":{"text":"Windenergie allgemein","link":"https:\/\/www.windenergie-politik-gesellschaft.de\/?cat=1"},"img":{"alt_text":"","src":"","width":0,"height":0},"classes":[]},{"id":1255,"url":"https:\/\/www.windenergie-politik-gesellschaft.de\/?p=1255","url_meta":{"origin":528,"position":2},"title":"Koalitionsvertrag f\u00fcr Baden-W\u00fcrttemberg &#8211; was soll f\u00fcr die Windkraft getan werden?","author":"Joern Woehlk","date":"11. Mai 2021","format":false,"excerpt":"Ein kurzer Blick in den Koalitionsvertrag zum Thema Windenergie: Auf Seite 25 findet sich einiges zum neuen Klimaschutzgesetz. Es soll eine rechtliche Verankerung und Regionalisierung eines 2 % Fl\u00e4chenziels sicherstellen. Immerhin wird klargestellt, dass sich bestimmt Regionen hier nicht mehr so einfach herausreden k\u00f6nnen, Stichwort NIMBY Politik. Windkraftstandort im Staatswald\u2026","rel":"","context":"In &quot;Natur- und Artenschutz&quot;","block_context":{"text":"Natur- und Artenschutz","link":"https:\/\/www.windenergie-politik-gesellschaft.de\/?cat=65"},"img":{"alt_text":"","src":"","width":0,"height":0},"classes":[]},{"id":1117,"url":"https:\/\/www.windenergie-politik-gesellschaft.de\/?p=1117","url_meta":{"origin":528,"position":3},"title":"44 Klagen wegen Fehlplanungen bei Windenergie in zehn Jahren","author":"Joern Woehlk","date":"18. August 2019","format":false,"excerpt":"Nicht die Naturschutzverb\u00e4nde sind der Grund f\u00fcr schleppende Genehmigungen. Die Verb\u00e4nde bilden ein wichtiges Gegengewicht, das ist gut so f\u00fcr unsere Gesellschaft. Die nicht funktionierende Raumordnung mit der Reginalplanung ist das eigentliche Problem. Regionalpl\u00e4ne werden so gut wie immer gerichtlich gekippt, kein RP hat Bestand, selbst die in aufstellung befindlichen\u2026","rel":"","context":"In &quot;Mediation&quot;","block_context":{"text":"Mediation","link":"https:\/\/www.windenergie-politik-gesellschaft.de\/?cat=19"},"img":{"alt_text":"","src":"","width":0,"height":0},"classes":[]},{"id":1456,"url":"https:\/\/www.windenergie-politik-gesellschaft.de\/?p=1456","url_meta":{"origin":528,"position":4},"title":"Brandenburg beschlie\u00dft \u00a7 2c RegBkPlG \u2013 Windkraft-\u201eBremse\u201c mit erheblichem rechtlichem Risiko? | Blanke Meier Evers\u00a0","author":"Joern Woehlk","date":"22. M\u00e4rz 2026","format":false,"excerpt":"Diese Regelung macht sofort die Runde in anderen Landkreisen und Bundesl\u00e4ndern - wieder einmal versuchen bundesl\u00e4nder sich aus der Verantwortung zu ziehen und agieren gegen Bundeseinheitliche Regelungen. Quelle: Mitteilungen | Blanke Meier Evers Rechtsanw\u00e4lte in Partnerschaft","rel":"","context":"In &quot;Aktuelle Rechtsprechung&quot;","block_context":{"text":"Aktuelle Rechtsprechung","link":"https:\/\/www.windenergie-politik-gesellschaft.de\/?cat=12"},"img":{"alt_text":"","src":"","width":0,"height":0},"classes":[]},{"id":1141,"url":"https:\/\/www.windenergie-politik-gesellschaft.de\/?p=1141","url_meta":{"origin":528,"position":5},"title":"KATAPULT &#8211; Windrad sucht Standort","author":"Joern Woehlk","date":"13. Januar 2020","format":false,"excerpt":"Eine aktuelle Aufarbeitung der Thematik f\u00fcr Deutschland. Leider geht der Artikel nicht sehr in die Tiefe, befasst sich aber mit vielen Problembereichen. So sind alle Regionalplanungen \"mit Ausschlu\u00df\" bisher erfolgreich beklagt worden und gescheitert. regelm\u00e4\u00dfig stehen alle Windakteure vor einem Scherbenhaufen. Landesregierungen versuchen mit dem Ausschlu\u00df die \"Verspragelung\" zu verhindern;\u2026","rel":"","context":"In &quot;Presse&quot;","block_context":{"text":"Presse","link":"https:\/\/www.windenergie-politik-gesellschaft.de\/?cat=3"},"img":{"alt_text":"","src":"","width":0,"height":0},"classes":[]}],"_links":{"self":[{"href":"https:\/\/www.windenergie-politik-gesellschaft.de\/index.php?rest_route=\/wp\/v2\/posts\/528","targetHints":{"allow":["GET"]}}],"collection":[{"href":"https:\/\/www.windenergie-politik-gesellschaft.de\/index.php?rest_route=\/wp\/v2\/posts"}],"about":[{"href":"https:\/\/www.windenergie-politik-gesellschaft.de\/index.php?rest_route=\/wp\/v2\/types\/post"}],"author":[{"embeddable":true,"href":"https:\/\/www.windenergie-politik-gesellschaft.de\/index.php?rest_route=\/wp\/v2\/users\/2"}],"replies":[{"embeddable":true,"href":"https:\/\/www.windenergie-politik-gesellschaft.de\/index.php?rest_route=%2Fwp%2Fv2%2Fcomments&post=528"}],"version-history":[{"count":1,"href":"https:\/\/www.windenergie-politik-gesellschaft.de\/index.php?rest_route=\/wp\/v2\/posts\/528\/revisions"}],"predecessor-version":[{"id":529,"href":"https:\/\/www.windenergie-politik-gesellschaft.de\/index.php?rest_route=\/wp\/v2\/posts\/528\/revisions\/529"}],"wp:attachment":[{"href":"https:\/\/www.windenergie-politik-gesellschaft.de\/index.php?rest_route=%2Fwp%2Fv2%2Fmedia&parent=528"}],"wp:term":[{"taxonomy":"category","embeddable":true,"href":"https:\/\/www.windenergie-politik-gesellschaft.de\/index.php?rest_route=%2Fwp%2Fv2%2Fcategories&post=528"},{"taxonomy":"post_tag","embeddable":true,"href":"https:\/\/www.windenergie-politik-gesellschaft.de\/index.php?rest_route=%2Fwp%2Fv2%2Ftags&post=528"}],"curies":[{"name":"wp","href":"https:\/\/api.w.org\/{rel}","templated":true}]}}