{"id":535,"date":"2016-06-06T08:43:44","date_gmt":"2016-06-06T06:43:44","guid":{"rendered":"http:\/\/www.windenergie-politik-gesellschaft.de\/?p=535"},"modified":"2016-06-06T08:43:44","modified_gmt":"2016-06-06T06:43:44","slug":"fa-wind-bereitstellung-kommunaler-flaechen-fuer-die-windenergienutzung","status":"publish","type":"post","link":"https:\/\/www.windenergie-politik-gesellschaft.de\/?p=535","title":{"rendered":"FA Wind &#8211; Bereitstellung kommunaler Fl\u00e4chen f\u00fcr die Windenergienutzung"},"content":{"rendered":"<p>Was muss eine Gemeinde beachten, damit die Bereitstellung kommunaler Fl\u00e4chen vergabefrei bleibt? Hier finden Sie Antorten.<\/p>\n<p>Quelle: <em><a href=\"http:\/\/www.fachagentur-windenergie.de\/fileadmin\/files\/Veroeffentlichungen\/FA_Wind_Hintergrundpapier_Bereitstellung_kommunaler_Flaechen_fuer_die_Windenergienutzung_2016-05-26.pdf\">FA_Wind_Hintergrundpapier_Bereitstellung_kommunaler_Flaechen_fuer_die_Windenergienutzung_2016-05-26.pdf<\/a><\/em><\/p>\n","protected":false},"excerpt":{"rendered":"<p>Was muss eine Gemeinde beachten, damit die Bereitstellung kommunaler Fl\u00e4chen vergabefrei bleibt? Hier finden Sie Antorten. Quelle: FA_Wind_Hintergrundpapier_Bereitstellung_kommunaler_Flaechen_fuer_die_Windenergienutzung_2016-05-26.pdf<\/p>\n","protected":false},"author":2,"featured_media":0,"comment_status":"open","ping_status":"open","sticky":false,"template":"","format":"standard","meta":{"jetpack_post_was_ever_published":false,"_jetpack_newsletter_access":"","_jetpack_dont_email_post_to_subs":false,"_jetpack_newsletter_tier_id":0,"_jetpack_memberships_contains_paywalled_content":false,"_jetpack_memberships_contains_paid_content":false,"footnotes":"","jetpack_publicize_message":"","jetpack_publicize_feature_enabled":true,"jetpack_social_post_already_shared":true,"jetpack_social_options":{"image_generator_settings":{"template":"highway","default_image_id":0,"font":"","enabled":false},"version":2}},"categories":[1],"tags":[102],"class_list":["post-535","post","type-post","status-publish","format-standard","hentry","category-windenergie-allgemein","tag-flaechensicherung"],"jetpack_publicize_connections":[],"jetpack_featured_media_url":"","jetpack_sharing_enabled":true,"jetpack_shortlink":"https:\/\/wp.me\/p6ODB3-8D","jetpack-related-posts":[{"id":856,"url":"https:\/\/www.windenergie-politik-gesellschaft.de\/?p=856","url_meta":{"origin":535,"position":0},"title":"\u201eIsolierte\u201c Darstellung von Fl\u00e4chen f\u00fcr die Windenergie im Fl\u00e4chennutzungsplan ohne gesamtr\u00e4umliches Planungskonzept","author":"Joern Woehlk","date":"19. September 2017","format":false,"excerpt":"Quelle: \u201eIsolierte\u201c Darstellung von Fl\u00e4chen f\u00fcr die Windenergie im Fl\u00e4chennutzungsplan ohne gesamtr\u00e4umliches Planungskonzept - MASLATON Rechtsanwaltsgesellschaft mbH","rel":"","context":"In &quot;Aktuelle Rechtsprechung&quot;","block_context":{"text":"Aktuelle Rechtsprechung","link":"https:\/\/www.windenergie-politik-gesellschaft.de\/?cat=12"},"img":{"alt_text":"","src":"","width":0,"height":0},"classes":[]},{"id":1267,"url":"https:\/\/www.windenergie-politik-gesellschaft.de\/?p=1267","url_meta":{"origin":535,"position":1},"title":"&#8220;Repowering&#8221;: Neuer Schub f\u00fcr die Windkraft?","author":"Joern Woehlk","date":"23. Juni 2021","format":false,"excerpt":"Immerhin wird dar\u00fcber gesprochen. Die etablierten Hersteller von Windenergieanlagen haben kein Interesse, kleine Anlagen zu verkaufen. Die Politik stellt diese Fl\u00e4chen also auch nicht mehr zur Verf\u00fcgung. Helfen w\u00fcrde also ein Hersteller, der auch mit kleineren Anlagen zufrieden ist. Quelle: \"Repowering\": Neuer Schub f\u00fcr die Windkraft? | tagesschau.de","rel":"","context":"In &quot;Presse&quot;","block_context":{"text":"Presse","link":"https:\/\/www.windenergie-politik-gesellschaft.de\/?cat=3"},"img":{"alt_text":"","src":"","width":0,"height":0},"classes":[]},{"id":1255,"url":"https:\/\/www.windenergie-politik-gesellschaft.de\/?p=1255","url_meta":{"origin":535,"position":2},"title":"Koalitionsvertrag f\u00fcr Baden-W\u00fcrttemberg &#8211; was soll f\u00fcr die Windkraft getan werden?","author":"Joern Woehlk","date":"11. Mai 2021","format":false,"excerpt":"Ein kurzer Blick in den Koalitionsvertrag zum Thema Windenergie: Auf Seite 25 findet sich einiges zum neuen Klimaschutzgesetz. Es soll eine rechtliche Verankerung und Regionalisierung eines 2 % Fl\u00e4chenziels sicherstellen. Immerhin wird klargestellt, dass sich bestimmt Regionen hier nicht mehr so einfach herausreden k\u00f6nnen, Stichwort NIMBY Politik. Windkraftstandort im Staatswald\u2026","rel":"","context":"In &quot;Natur- und Artenschutz&quot;","block_context":{"text":"Natur- und Artenschutz","link":"https:\/\/www.windenergie-politik-gesellschaft.de\/?cat=65"},"img":{"alt_text":"","src":"","width":0,"height":0},"classes":[]},{"id":521,"url":"https:\/\/www.windenergie-politik-gesellschaft.de\/?p=521","url_meta":{"origin":535,"position":3},"title":"Widerstand gegen Windkraft &#8211; Die Energiewende als Soziallabor","author":"Joern Woehlk","date":"25. Mai 2016","format":false,"excerpt":"Ein guter Artikel, der den Nerv dieses Blogs trifft. Klimaschutz und die Energiewende sind unabdingbar miteinander verkn\u00fcpft - die Politiker indes nutzen die Thematik f\u00fcr den kommenden Wahlkampf. Das ist nicht in Ordnung. In den vergangenen 25 Jahren sind in Deutschland 25.000 Windr\u00e4der entstanden. Obwohl die Mehrheit der Deutschen die\u2026","rel":"","context":"In &quot;Presse&quot;","block_context":{"text":"Presse","link":"https:\/\/www.windenergie-politik-gesellschaft.de\/?cat=3"},"img":{"alt_text":"","src":"","width":0,"height":0},"classes":[]},{"id":814,"url":"https:\/\/www.windenergie-politik-gesellschaft.de\/?p=814","url_meta":{"origin":535,"position":4},"title":"SMARD","author":"Joern Woehlk","date":"10. Juli 2017","format":false,"excerpt":"SMARD, die neue Strommarkt-Plattform, ist online SMARD, die Informationsplattform der Bundesnetzagentur zum Strommarkt, ist online. Sie bietet aktuelle und f\u00fcr jeden verst\u00e4ndliche Strommarktdaten. Der Staatssekret\u00e4r im Bundesministerium f\u00fcr Wirtschaft und Energie, Rainer Baake, dazu: \"\"Die Daten sind anwenderfreundlich aufbereitet, so dass auch Laien damit zurechtkommen. F\u00fcr Experten gibt es umfangreiche\u2026","rel":"","context":"In &quot;Marktdaten&quot;","block_context":{"text":"Marktdaten","link":"https:\/\/www.windenergie-politik-gesellschaft.de\/?cat=22"},"img":{"alt_text":"","src":"","width":0,"height":0},"classes":[]},{"id":826,"url":"https:\/\/www.windenergie-politik-gesellschaft.de\/?p=826","url_meta":{"origin":535,"position":5},"title":"Bundesnetzagentur &#8211; Gebotstermin 1. August 2017","author":"Joern Woehlk","date":"16. August 2017","format":false,"excerpt":"Gesetzlich definierte B\u00fcrgerenergie dominiert wieder fast vollst\u00e4ndig 2. Ausschreibungsrunde. Erwartungsgem\u00e4\u00df wird auch die zweite Ausschreibungsrunde Wind an Land durch Akteure, die die Voraussetzungen der nach dem EEG definierten B\u00fcrgerenergie erf\u00fcllen, mit 95% der bezuschlagten Menge dominiert. Damit erh\u00f6ht sich weiter die Unsicherheit, ob der Zubaukorridor in den Jahren nach 2018\u2026","rel":"","context":"In &quot;Marktdaten&quot;","block_context":{"text":"Marktdaten","link":"https:\/\/www.windenergie-politik-gesellschaft.de\/?cat=22"},"img":{"alt_text":"","src":"","width":0,"height":0},"classes":[]}],"_links":{"self":[{"href":"https:\/\/www.windenergie-politik-gesellschaft.de\/index.php?rest_route=\/wp\/v2\/posts\/535","targetHints":{"allow":["GET"]}}],"collection":[{"href":"https:\/\/www.windenergie-politik-gesellschaft.de\/index.php?rest_route=\/wp\/v2\/posts"}],"about":[{"href":"https:\/\/www.windenergie-politik-gesellschaft.de\/index.php?rest_route=\/wp\/v2\/types\/post"}],"author":[{"embeddable":true,"href":"https:\/\/www.windenergie-politik-gesellschaft.de\/index.php?rest_route=\/wp\/v2\/users\/2"}],"replies":[{"embeddable":true,"href":"https:\/\/www.windenergie-politik-gesellschaft.de\/index.php?rest_route=%2Fwp%2Fv2%2Fcomments&post=535"}],"version-history":[{"count":1,"href":"https:\/\/www.windenergie-politik-gesellschaft.de\/index.php?rest_route=\/wp\/v2\/posts\/535\/revisions"}],"predecessor-version":[{"id":536,"href":"https:\/\/www.windenergie-politik-gesellschaft.de\/index.php?rest_route=\/wp\/v2\/posts\/535\/revisions\/536"}],"wp:attachment":[{"href":"https:\/\/www.windenergie-politik-gesellschaft.de\/index.php?rest_route=%2Fwp%2Fv2%2Fmedia&parent=535"}],"wp:term":[{"taxonomy":"category","embeddable":true,"href":"https:\/\/www.windenergie-politik-gesellschaft.de\/index.php?rest_route=%2Fwp%2Fv2%2Fcategories&post=535"},{"taxonomy":"post_tag","embeddable":true,"href":"https:\/\/www.windenergie-politik-gesellschaft.de\/index.php?rest_route=%2Fwp%2Fv2%2Ftags&post=535"}],"curies":[{"name":"wp","href":"https:\/\/api.w.org\/{rel}","templated":true}]}}