{"id":537,"date":"2016-06-06T20:30:42","date_gmt":"2016-06-06T18:30:42","guid":{"rendered":"http:\/\/www.windenergie-politik-gesellschaft.de\/?p=537"},"modified":"2016-06-06T20:30:42","modified_gmt":"2016-06-06T18:30:42","slug":"marktanalyse-windenergie-an-land","status":"publish","type":"post","link":"https:\/\/www.windenergie-politik-gesellschaft.de\/?p=537","title":{"rendered":"Marktanalyse \u2013 Windenergie an Land"},"content":{"rendered":"<p>Gute und ausf\u00fchrliche Marktanalyse der Windenergie in Deustchland<\/p>\n<p>Quelle: <em><a href=\"https:\/\/www.bmwi.de\/BMWi\/Redaktion\/PDF\/S-T\/studie-windernergie-an-land,property=pdf,bereich=bmwi2012,sprache=de,rwb=true.pdf\">Marktanalyse \u2013 Windenergie an Land &#8211; studie-windernergie-an-land,property=pdf,bereich=bmwi2012,sprache=de,rwb=true.pdf<\/a><\/em><\/p>\n","protected":false},"excerpt":{"rendered":"<p>Gute und ausf\u00fchrliche Marktanalyse der Windenergie in Deustchland Quelle: Marktanalyse \u2013 Windenergie an Land &#8211; studie-windernergie-an-land,property=pdf,bereich=bmwi2012,sprache=de,rwb=true.pdf<\/p>\n","protected":false},"author":2,"featured_media":0,"comment_status":"open","ping_status":"open","sticky":false,"template":"","format":"standard","meta":{"jetpack_post_was_ever_published":false,"_jetpack_newsletter_access":"","_jetpack_dont_email_post_to_subs":false,"_jetpack_newsletter_tier_id":0,"_jetpack_memberships_contains_paywalled_content":false,"_jetpack_memberships_contains_paid_content":false,"footnotes":"","jetpack_publicize_message":"","jetpack_publicize_feature_enabled":true,"jetpack_social_post_already_shared":true,"jetpack_social_options":{"image_generator_settings":{"template":"highway","default_image_id":0,"font":"","enabled":false},"version":2}},"categories":[22],"tags":[103],"class_list":["post-537","post","type-post","status-publish","format-standard","hentry","category-marktdaten","tag-marktanalyse"],"jetpack_publicize_connections":[],"jetpack_featured_media_url":"","jetpack_sharing_enabled":true,"jetpack_shortlink":"https:\/\/wp.me\/p6ODB3-8F","jetpack-related-posts":[{"id":1001,"url":"https:\/\/www.windenergie-politik-gesellschaft.de\/?p=1001","url_meta":{"origin":537,"position":0},"title":"Dem Ph\u00e4nomen auf der Spur: Warum so viele republikanische Staaten in den USA auf Windenergie setzen","author":"Joern Woehlk","date":"8. November 2018","format":false,"excerpt":"Republikaner mit wirtschaftlichen Sachverstand Quelle: Dem Ph\u00e4nomen auf der Spur: Warum so viele republikanische Staaten in den USA auf Windenergie setzen","rel":"","context":"In &quot;Marktdaten&quot;","block_context":{"text":"Marktdaten","link":"https:\/\/www.windenergie-politik-gesellschaft.de\/?cat=22"},"img":{"alt_text":"","src":"","width":0,"height":0},"classes":[]},{"id":890,"url":"https:\/\/www.windenergie-politik-gesellschaft.de\/?p=890","url_meta":{"origin":537,"position":1},"title":"Gemischte Energiewende-Bilanz 2017: Rekorde bei Erneuerbaren Energien, aber erneut keinerlei Fortschritte beim Klimaschutz","author":"Joern Woehlk","date":"8. Januar 2018","format":false,"excerpt":"Quelle: Gemischte Energiewende-Bilanz 2017: Rekorde bei Erneuerbaren Energien, aber erneut keinerlei Fortschritte beim Klimaschutz - Agora Energiewende","rel":"","context":"In &quot;Presse&quot;","block_context":{"text":"Presse","link":"https:\/\/www.windenergie-politik-gesellschaft.de\/?cat=3"},"img":{"alt_text":"","src":"","width":0,"height":0},"classes":[]},{"id":692,"url":"https:\/\/www.windenergie-politik-gesellschaft.de\/?p=692","url_meta":{"origin":537,"position":2},"title":"\u00dcberblick zur Ausschreibung f\u00fcr Windenergie an Land &#8211; BWE, November 2016","author":"Joern Woehlk","date":"29. November 2016","format":false,"excerpt":"Quelle: Ausschreibung f\u00fcr Windenergie an Land - 20161125_juristische_handreichung_2016_web.pdf","rel":"","context":"In &quot;Aktuelle Rechtsprechung&quot;","block_context":{"text":"Aktuelle Rechtsprechung","link":"https:\/\/www.windenergie-politik-gesellschaft.de\/?cat=12"},"img":{"alt_text":"","src":"","width":0,"height":0},"classes":[]},{"id":1217,"url":"https:\/\/www.windenergie-politik-gesellschaft.de\/?p=1217","url_meta":{"origin":537,"position":3},"title":"Ma\u00dfnahmenvorschl\u00e4ge zur Beschleunigung des naturvertr\u00e4glichen Ausbaus der Windenergie an Land &#8211; B\u00dcNDNIS 90\/DIE GR\u00dcNEN","author":"Joern Woehlk","date":"14. Dezember 2020","format":false,"excerpt":"Quelle: Ma\u00dfnahmenvorschl\u00e4ge zur Beschleunigung des naturvertr\u00e4glichen Ausbaus der Windenergie an Land - B\u00dcNDNIS 90\/DIE GR\u00dcNEN","rel":"","context":"In &quot;Natur- und Artenschutz&quot;","block_context":{"text":"Natur- und Artenschutz","link":"https:\/\/www.windenergie-politik-gesellschaft.de\/?cat=65"},"img":{"alt_text":"","src":"","width":0,"height":0},"classes":[]},{"id":796,"url":"https:\/\/www.windenergie-politik-gesellschaft.de\/?p=796","url_meta":{"origin":537,"position":4},"title":"2017-04-11 Referentenentwurf: Verordnung zu den gemeinsamen Ausschreibungen fuer Windenergieanlagen an Land und Solaranlagen","author":"Joern Woehlk","date":"17. Juni 2017","format":false,"excerpt":"Verordnung zu den gemeinsamen Ausschreibungen f\u00fcr Windenergie- anlagen an Land und SolaranlagenQuelle: Microsoft Word - 2017-04-11_Referentenentwurf_GemAV_Anh_L\u00e4nder_und_Verb\u00e4nde_final_raus.docx - verordnung-gemeinsame-ausschreibungen-fuer-windenergieanlagen-an-land-und-solaranlagen.pdf","rel":"","context":"In &quot;Aktuelle Rechtsprechung&quot;","block_context":{"text":"Aktuelle Rechtsprechung","link":"https:\/\/www.windenergie-politik-gesellschaft.de\/?cat=12"},"img":{"alt_text":"","src":"","width":0,"height":0},"classes":[]},{"id":1204,"url":"https:\/\/www.windenergie-politik-gesellschaft.de\/?p=1204","url_meta":{"origin":537,"position":5},"title":"Umsetzungsstand des \u201eAktionsprogramms zur St\u00e4rkung der Windenergie an Land\u201c","author":"Joern Woehlk","date":"27. August 2020","format":false,"excerpt":"Hier wird suggeriert, man habe schon vieles erreicht.Die Abstandsregeln hat man auf die L\u00e4nderebene gedr\u00fcckt, sollen die sich doch darum k\u00fcmmern. Gel\u00f6st? Bedarfsgerechte Nachtkennzeichnung? Ja, ganz toll, nachdem jahrelang erkl\u00e4rt wurde, das die Transponderl\u00f6sung nicht funktioniere und viele Unternehmen Millionen in die Entwicklung von Systemen gesteckt haben, die nun \u00fcber\u2026","rel":"","context":"In &quot;Aktuelle Rechtsprechung&quot;","block_context":{"text":"Aktuelle Rechtsprechung","link":"https:\/\/www.windenergie-politik-gesellschaft.de\/?cat=12"},"img":{"alt_text":"","src":"","width":0,"height":0},"classes":[]}],"_links":{"self":[{"href":"https:\/\/www.windenergie-politik-gesellschaft.de\/index.php?rest_route=\/wp\/v2\/posts\/537","targetHints":{"allow":["GET"]}}],"collection":[{"href":"https:\/\/www.windenergie-politik-gesellschaft.de\/index.php?rest_route=\/wp\/v2\/posts"}],"about":[{"href":"https:\/\/www.windenergie-politik-gesellschaft.de\/index.php?rest_route=\/wp\/v2\/types\/post"}],"author":[{"embeddable":true,"href":"https:\/\/www.windenergie-politik-gesellschaft.de\/index.php?rest_route=\/wp\/v2\/users\/2"}],"replies":[{"embeddable":true,"href":"https:\/\/www.windenergie-politik-gesellschaft.de\/index.php?rest_route=%2Fwp%2Fv2%2Fcomments&post=537"}],"version-history":[{"count":1,"href":"https:\/\/www.windenergie-politik-gesellschaft.de\/index.php?rest_route=\/wp\/v2\/posts\/537\/revisions"}],"predecessor-version":[{"id":538,"href":"https:\/\/www.windenergie-politik-gesellschaft.de\/index.php?rest_route=\/wp\/v2\/posts\/537\/revisions\/538"}],"wp:attachment":[{"href":"https:\/\/www.windenergie-politik-gesellschaft.de\/index.php?rest_route=%2Fwp%2Fv2%2Fmedia&parent=537"}],"wp:term":[{"taxonomy":"category","embeddable":true,"href":"https:\/\/www.windenergie-politik-gesellschaft.de\/index.php?rest_route=%2Fwp%2Fv2%2Fcategories&post=537"},{"taxonomy":"post_tag","embeddable":true,"href":"https:\/\/www.windenergie-politik-gesellschaft.de\/index.php?rest_route=%2Fwp%2Fv2%2Ftags&post=537"}],"curies":[{"name":"wp","href":"https:\/\/api.w.org\/{rel}","templated":true}]}}