{"id":540,"date":"2016-06-07T16:47:42","date_gmt":"2016-06-07T14:47:42","guid":{"rendered":"http:\/\/www.windenergie-politik-gesellschaft.de\/?p=540"},"modified":"2016-06-07T16:47:42","modified_gmt":"2016-06-07T14:47:42","slug":"eeg-2016-eine-zonengrenze-teilt-deutschland","status":"publish","type":"post","link":"https:\/\/www.windenergie-politik-gesellschaft.de\/?p=540","title":{"rendered":"EEG 2016 &#8211; eine Zonengrenze teilt Deutschland"},"content":{"rendered":"<p>Im Norden soll der Ausbau der Windenergienutzung stark gebremst werden. Die Regierung begr\u00fcndet das mit Engp\u00e4ssen im Stromnetz.<\/p>\n<p>Quelle: <em><a href=\"http:\/\/www.xing-news.com\/reader\/news\/articles\/304980?link_position=digest&#038;newsletter_id=13672&#038;xng_share_origin=email\">Branchen-News | XING<\/a><\/em><\/p>\n","protected":false},"excerpt":{"rendered":"<p>Im Norden soll der Ausbau der Windenergienutzung stark gebremst werden. Die Regierung begr\u00fcndet das mit Engp\u00e4ssen im Stromnetz. Quelle: Branchen-News | XING<\/p>\n","protected":false},"author":2,"featured_media":0,"comment_status":"open","ping_status":"open","sticky":false,"template":"","format":"standard","meta":{"jetpack_post_was_ever_published":false,"_jetpack_newsletter_access":"","_jetpack_dont_email_post_to_subs":false,"_jetpack_newsletter_tier_id":0,"_jetpack_memberships_contains_paywalled_content":false,"_jetpack_memberships_contains_paid_content":false,"footnotes":"","jetpack_publicize_message":"","jetpack_publicize_feature_enabled":true,"jetpack_social_post_already_shared":true,"jetpack_social_options":{"image_generator_settings":{"template":"highway","default_image_id":0,"font":"","enabled":false},"version":2}},"categories":[3,1],"tags":[73],"class_list":["post-540","post","type-post","status-publish","format-standard","hentry","category-presse","category-windenergie-allgemein","tag-eeg-2016"],"jetpack_publicize_connections":[],"jetpack_featured_media_url":"","jetpack_sharing_enabled":true,"jetpack_shortlink":"https:\/\/wp.me\/p6ODB3-8I","jetpack-related-posts":[{"id":972,"url":"https:\/\/www.windenergie-politik-gesellschaft.de\/?p=972","url_meta":{"origin":540,"position":0},"title":"R\u00fccklagen auf EEG-Konto im Mai erstmals r\u00fcckl\u00e4ufig","author":"Joern Woehlk","date":"18. Juni 2018","format":false,"excerpt":"Auf dem EEG-Umlagekonto f\u00fcr den \u00d6kostrom ist der Milliarden-\u00dcberschuss im Mai gesunken. Das Finanzpolster der Stromkunden liegt aber weiter bei deutlich \u00fcber 5 Milliarden Euro. Quelle: R\u00fccklagen auf EEG-Konto im Mai erstmals r\u00fcckl\u00e4ufig","rel":"","context":"In &quot;Marktdaten&quot;","block_context":{"text":"Marktdaten","link":"https:\/\/www.windenergie-politik-gesellschaft.de\/?cat=22"},"img":{"alt_text":"","src":"","width":0,"height":0},"classes":[]},{"id":210,"url":"https:\/\/www.windenergie-politik-gesellschaft.de\/?p=210","url_meta":{"origin":540,"position":1},"title":"EEG Umlage f\u00fcr 2016","author":"Joern Woehlk","date":"15. Oktober 2015","format":false,"excerpt":"Die Bundesnetzagentur gibt die H\u00f6he der Umlage f\u00fcr 2016 bekannt. Leider steigt sie an, obwohl das EEG Umlagenkonto gut gef\u00fcllt ist. Es w\u00e4re aber auch schwierig gewesen ein Ausschreibungsverfahren einzuf\u00fchren, wenn die EEG Umlage sinkt... Der einzige Vorteil ist, das Strom nun noch teurer oder wertvoller wird und somit hoffentlich\u2026","rel":"","context":"In &quot;Marktdaten&quot;","block_context":{"text":"Marktdaten","link":"https:\/\/www.windenergie-politik-gesellschaft.de\/?cat=22"},"img":{"alt_text":"","src":"","width":0,"height":0},"classes":[]},{"id":1131,"url":"https:\/\/www.windenergie-politik-gesellschaft.de\/?p=1131","url_meta":{"origin":540,"position":2},"title":"Strompreiszusammensetzung 2020","author":"Joern Woehlk","date":"11. November 2019","format":false,"excerpt":"Stromkunden m\u00fcssen sich neben h\u00f6heren Stromnetzgeb\u00fchren auch auf steigende Steuern und Abgaben einstellen. Auf Grundlage der bei den \u00dcbertragungsnetzbetreiber vorliegenden Prognosedaten zieht die Abgaben-Belastung im kommenden Jahr um 4,5% an. Die Umlage zur F\u00f6rderung von \u00d6kostrom [EEG Umlage] steigt 2020 um 5,5%. Nach Angaben der Betreiber der gro\u00dfen Stromnetze 50Hertz,\u2026","rel":"","context":"In &quot;Marktdaten&quot;","block_context":{"text":"Marktdaten","link":"https:\/\/www.windenergie-politik-gesellschaft.de\/?cat=22"},"img":{"alt_text":"","src":"","width":0,"height":0},"classes":[]},{"id":1018,"url":"https:\/\/www.windenergie-politik-gesellschaft.de\/?p=1018","url_meta":{"origin":540,"position":3},"title":"Umlageprivileg f\u00fcr Stromspeicher &#8211; Tool zur Berechnung der reduzierten EEG-Umlage nach \u00a7 61k EEG 2017","author":"Joern Woehlk","date":"4. Februar 2019","format":false,"excerpt":"Zur Ermittlung und als Nachweis der Verringerung der EEG-Umlage f\u00fcr Strom, welcher in einem Stromspeicher nach den Vorgaben des \u00a7 61k Abs. 1 EEG 2017 verbraucht wird, stellen die \u00dcbertragungsnetzbetreiber nachfolgend ein Berechnungstool zum Download zur Verf\u00fcgung. Quelle: Netztransparenz > EEG > Umlageprivileg f\u00fcr Stromspeicher","rel":"","context":"In &quot;Marktdaten&quot;","block_context":{"text":"Marktdaten","link":"https:\/\/www.windenergie-politik-gesellschaft.de\/?cat=22"},"img":{"alt_text":"","src":"","width":0,"height":0},"classes":[]},{"id":836,"url":"https:\/\/www.windenergie-politik-gesellschaft.de\/?p=836","url_meta":{"origin":540,"position":4},"title":"Empfehlungsverfahren der Clearingstelle EEG zu Anwendungsfragen des \u00a7 61k EEG 2017 f\u00fcr EEG-Anlagen &#8211; Teil 1","author":"Joern Woehlk","date":"15. September 2017","format":false,"excerpt":"\"...es m\u00fcssen noch eine Menge Detailfragen gekl\u00e4rt werden, bevor Speicher ihre volle Wirkung entfalten k\u00f6nnen\" Quelle: Eroeffnungsbeschluss_2017_29.pdf","rel":"","context":"In &quot;Strom-Speicher&quot;","block_context":{"text":"Strom-Speicher","link":"https:\/\/www.windenergie-politik-gesellschaft.de\/?cat=10"},"img":{"alt_text":"","src":"","width":0,"height":0},"classes":[]},{"id":140,"url":"https:\/\/www.windenergie-politik-gesellschaft.de\/?p=140","url_meta":{"origin":540,"position":5},"title":"Szenarien f\u00fcr die zuk\u00fcnftige Entwicklung der EEG Umlage (bis 2017)","author":"Joern Woehlk","date":"11. Oktober 2015","format":false,"excerpt":"Quelle: szenarien-fuer-die-zukuenftige-entwicklung-der-eeg-umlage,property=pdf,bereich=bmwi2012,sprache=de,rwb=true.pdf","rel":"","context":"In &quot;Marktdaten&quot;","block_context":{"text":"Marktdaten","link":"https:\/\/www.windenergie-politik-gesellschaft.de\/?cat=22"},"img":{"alt_text":"","src":"","width":0,"height":0},"classes":[]}],"_links":{"self":[{"href":"https:\/\/www.windenergie-politik-gesellschaft.de\/index.php?rest_route=\/wp\/v2\/posts\/540","targetHints":{"allow":["GET"]}}],"collection":[{"href":"https:\/\/www.windenergie-politik-gesellschaft.de\/index.php?rest_route=\/wp\/v2\/posts"}],"about":[{"href":"https:\/\/www.windenergie-politik-gesellschaft.de\/index.php?rest_route=\/wp\/v2\/types\/post"}],"author":[{"embeddable":true,"href":"https:\/\/www.windenergie-politik-gesellschaft.de\/index.php?rest_route=\/wp\/v2\/users\/2"}],"replies":[{"embeddable":true,"href":"https:\/\/www.windenergie-politik-gesellschaft.de\/index.php?rest_route=%2Fwp%2Fv2%2Fcomments&post=540"}],"version-history":[{"count":1,"href":"https:\/\/www.windenergie-politik-gesellschaft.de\/index.php?rest_route=\/wp\/v2\/posts\/540\/revisions"}],"predecessor-version":[{"id":541,"href":"https:\/\/www.windenergie-politik-gesellschaft.de\/index.php?rest_route=\/wp\/v2\/posts\/540\/revisions\/541"}],"wp:attachment":[{"href":"https:\/\/www.windenergie-politik-gesellschaft.de\/index.php?rest_route=%2Fwp%2Fv2%2Fmedia&parent=540"}],"wp:term":[{"taxonomy":"category","embeddable":true,"href":"https:\/\/www.windenergie-politik-gesellschaft.de\/index.php?rest_route=%2Fwp%2Fv2%2Fcategories&post=540"},{"taxonomy":"post_tag","embeddable":true,"href":"https:\/\/www.windenergie-politik-gesellschaft.de\/index.php?rest_route=%2Fwp%2Fv2%2Ftags&post=540"}],"curies":[{"name":"wp","href":"https:\/\/api.w.org\/{rel}","templated":true}]}}