{"id":542,"date":"2016-06-07T16:51:16","date_gmt":"2016-06-07T14:51:16","guid":{"rendered":"http:\/\/www.windenergie-politik-gesellschaft.de\/?p=542"},"modified":"2016-06-07T16:51:16","modified_gmt":"2016-06-07T14:51:16","slug":"potenzialstudie-pumpspeicherkraftwerke-nordrhein-westfalen-2016","status":"publish","type":"post","link":"https:\/\/www.windenergie-politik-gesellschaft.de\/?p=542","title":{"rendered":"Potenzialstudie Pumpspeicherkraftwerke Nordrhein-Westfalen 2016"},"content":{"rendered":"<blockquote><p>Potenzialstudie Pumpspeicherkraftwerke Nordrhein-Westfalen<\/p><\/blockquote>\n<p>Quelle: <em><a href=\"https:\/\/www.lanuv.nrw.de\/uploads\/tx_commercedownloads\/fabe_62_Korr_Endfassung_web.pdf\">LANUV-Fachbericht 62 &#8211; fabe_62_Korr_Endfassung_web.pdf<\/a><\/em><\/p>\n","protected":false},"excerpt":{"rendered":"<p>Potenzialstudie Pumpspeicherkraftwerke Nordrhein-Westfalen Quelle: LANUV-Fachbericht 62 &#8211; fabe_62_Korr_Endfassung_web.pdf<\/p>\n","protected":false},"author":2,"featured_media":0,"comment_status":"open","ping_status":"open","sticky":false,"template":"","format":"standard","meta":{"jetpack_post_was_ever_published":false,"_jetpack_newsletter_access":"","_jetpack_dont_email_post_to_subs":false,"_jetpack_newsletter_tier_id":0,"_jetpack_memberships_contains_paywalled_content":false,"_jetpack_memberships_contains_paid_content":false,"footnotes":"","jetpack_publicize_message":"","jetpack_publicize_feature_enabled":true,"jetpack_social_post_already_shared":true,"jetpack_social_options":{"image_generator_settings":{"template":"highway","default_image_id":0,"font":"","enabled":false},"version":2}},"categories":[10,1],"tags":[100],"class_list":["post-542","post","type-post","status-publish","format-standard","hentry","category-strom-speicher","category-windenergie-allgemein","tag-pumpspeicher"],"jetpack_publicize_connections":[],"jetpack_featured_media_url":"","jetpack_sharing_enabled":true,"jetpack_shortlink":"https:\/\/wp.me\/p6ODB3-8K","jetpack-related-posts":[{"id":722,"url":"https:\/\/www.windenergie-politik-gesellschaft.de\/?p=722","url_meta":{"origin":542,"position":0},"title":"Regenerative Eigenstromnutzung f\u00fcr industrielle Anwendungen","author":"Joern Woehlk","date":"20. Dezember 2016","format":false,"excerpt":"\"Fraunhofer UMSICHT kombiniert erstmalig die solare Stromversorgung eines mittelst\u00e4ndischen Betriebs mit der Redox-Flow-Speichertechnologie. Im Rahmen des Projekts \u201eVanRedFlow\u201c soll ein nordrhein-westf\u00e4lischer Modellstandort f\u00fcr diese Systemkopplung entstehen.\" Fraunhofer UMSICHT kombiniert erstmalig die solare Stromversorgung eines mittelst\u00e4ndischen Betriebs mit der Redox-Flow-Speichertechnologie. Im Rahmen des Projekts \u201eVanRedFlow\u201c soll ein nordrhein-westf\u00e4lischer Modellstandort f\u00fcr diese\u2026","rel":"","context":"In &quot;Presse&quot;","block_context":{"text":"Presse","link":"https:\/\/www.windenergie-politik-gesellschaft.de\/?cat=3"},"img":{"alt_text":"","src":"","width":0,"height":0},"classes":[]},{"id":789,"url":"https:\/\/www.windenergie-politik-gesellschaft.de\/?p=789","url_meta":{"origin":542,"position":1},"title":"CDU und FDP bremsen Windkraft in NRW aus","author":"Joern Woehlk","date":"14. Juni 2017","format":false,"excerpt":"\"Bei den Koalitionsverhandlungen von CDU und FDP in Nordrhein-Westfalen haben die Parteien klare Vereinbarungen zu dem Thema Errichtung von Windr\u00e4dern getroffen. So soll der Bau der Anlagen in NRW stark eingeschr\u00e4nkt werden.\" Bei den Koalitions-verhandlungen von CDU und FDP in Nordrhein-Westfalen wurde gestern auch das Thema Windkraft behandelt. Mit gravierenden\u2026","rel":"","context":"In &quot;Presse&quot;","block_context":{"text":"Presse","link":"https:\/\/www.windenergie-politik-gesellschaft.de\/?cat=3"},"img":{"alt_text":"","src":"","width":0,"height":0},"classes":[]},{"id":686,"url":"https:\/\/www.windenergie-politik-gesellschaft.de\/?p=686","url_meta":{"origin":542,"position":2},"title":"energiezukunft:\u00a0Gr\u00f6\u00dfter Batteriespeicher Deutschlands am Netz","author":"Joern Woehlk","date":"23. November 2016","format":false,"excerpt":"Der Energiekonzern Steag hat Speichersysteme mit einer Gesamtleistung von 90 Megawatt im Saarland und Nordrhein-Westfalen in Betrieb genommen. Die Batteriespeicher sollen Schwankungen durch Erneuerbare ausgleichen und Regelenergie bereitstellen.Quelle: energiezukunft:\u00a0Gr\u00f6\u00dfter Batteriespeicher Deutschlands am Netz","rel":"","context":"In &quot;Marktdaten&quot;","block_context":{"text":"Marktdaten","link":"https:\/\/www.windenergie-politik-gesellschaft.de\/?cat=22"},"img":{"alt_text":"","src":"","width":0,"height":0},"classes":[]},{"id":690,"url":"https:\/\/www.windenergie-politik-gesellschaft.de\/?p=690","url_meta":{"origin":542,"position":3},"title":"Rekordzubau der Windenergie in NRW &#8211; Windenergie &#8211; Erneuerbare Energien","author":"Joern Woehlk","date":"29. November 2016","format":false,"excerpt":"Nordrhein-Westfalen mausert sich immer mehr zu einem der f\u00fchrenden Windparkausbaul\u00e4nder. Bis Ende 2016 wird ein Jahreszubau von mindestens 500 Megawatt erwartet \u2013 deutlich h\u00f6her als in den vergangenen Jahren. Selbst Boomjahr 2002 wird \u00fcbertroffen.. ERNEUERBARE ENERGIEN bietet Ihnen aktuelle Informationen aus der Branche der Windenergie. Unabh\u00e4ngig und umfassend.Quelle: Rekordzubau der\u2026","rel":"","context":"In &quot;Marktdaten&quot;","block_context":{"text":"Marktdaten","link":"https:\/\/www.windenergie-politik-gesellschaft.de\/?cat=22"},"img":{"alt_text":"","src":"","width":0,"height":0},"classes":[]}],"_links":{"self":[{"href":"https:\/\/www.windenergie-politik-gesellschaft.de\/index.php?rest_route=\/wp\/v2\/posts\/542","targetHints":{"allow":["GET"]}}],"collection":[{"href":"https:\/\/www.windenergie-politik-gesellschaft.de\/index.php?rest_route=\/wp\/v2\/posts"}],"about":[{"href":"https:\/\/www.windenergie-politik-gesellschaft.de\/index.php?rest_route=\/wp\/v2\/types\/post"}],"author":[{"embeddable":true,"href":"https:\/\/www.windenergie-politik-gesellschaft.de\/index.php?rest_route=\/wp\/v2\/users\/2"}],"replies":[{"embeddable":true,"href":"https:\/\/www.windenergie-politik-gesellschaft.de\/index.php?rest_route=%2Fwp%2Fv2%2Fcomments&post=542"}],"version-history":[{"count":1,"href":"https:\/\/www.windenergie-politik-gesellschaft.de\/index.php?rest_route=\/wp\/v2\/posts\/542\/revisions"}],"predecessor-version":[{"id":543,"href":"https:\/\/www.windenergie-politik-gesellschaft.de\/index.php?rest_route=\/wp\/v2\/posts\/542\/revisions\/543"}],"wp:attachment":[{"href":"https:\/\/www.windenergie-politik-gesellschaft.de\/index.php?rest_route=%2Fwp%2Fv2%2Fmedia&parent=542"}],"wp:term":[{"taxonomy":"category","embeddable":true,"href":"https:\/\/www.windenergie-politik-gesellschaft.de\/index.php?rest_route=%2Fwp%2Fv2%2Fcategories&post=542"},{"taxonomy":"post_tag","embeddable":true,"href":"https:\/\/www.windenergie-politik-gesellschaft.de\/index.php?rest_route=%2Fwp%2Fv2%2Ftags&post=542"}],"curies":[{"name":"wp","href":"https:\/\/api.w.org\/{rel}","templated":true}]}}