{"id":544,"date":"2016-06-07T16:55:36","date_gmt":"2016-06-07T14:55:36","guid":{"rendered":"http:\/\/www.windenergie-politik-gesellschaft.de\/?p=544"},"modified":"2016-06-07T16:55:36","modified_gmt":"2016-06-07T14:55:36","slug":"schalltechnischer-bericht-nrw-2016","status":"publish","type":"post","link":"https:\/\/www.windenergie-politik-gesellschaft.de\/?p=544","title":{"rendered":"Schalltechnischer Bericht NRW 2016"},"content":{"rendered":"<p>zur messtechnischen Ermittlung der Ausbreitungsbedingungen f\u00fcr die Ger\u00e4usche von hohen Windenergieanlagen zur Nachtzeit und Vergleich der Messergebnisse mit Ausbreitungsberechnungen nach DIN ISO 9613<\/p>\n<p>Quelle: <em><a href=\"https:\/\/www.lanuv.nrw.de\/fileadmin\/lanuv\/geraeusche\/pdf\/14144611-2_Erweiterung_Hauptuntersuchung_20141111.pdf\">Name &#8211; 14144611-2_Erweiterung_Hauptuntersuchung_20141111.pdf<\/a><\/em><\/p>\n","protected":false},"excerpt":{"rendered":"<p>zur messtechnischen Ermittlung der Ausbreitungsbedingungen f\u00fcr die Ger\u00e4usche von hohen Windenergieanlagen zur Nachtzeit und Vergleich der Messergebnisse mit Ausbreitungsberechnungen nach DIN ISO 9613 Quelle: Name &#8211; 14144611-2_Erweiterung_Hauptuntersuchung_20141111.pdf<\/p>\n","protected":false},"author":2,"featured_media":0,"comment_status":"open","ping_status":"open","sticky":false,"template":"","format":"standard","meta":{"jetpack_post_was_ever_published":false,"_jetpack_newsletter_access":"","_jetpack_dont_email_post_to_subs":false,"_jetpack_newsletter_tier_id":0,"_jetpack_memberships_contains_paywalled_content":false,"_jetpack_memberships_contains_paid_content":false,"footnotes":"","jetpack_publicize_message":"","jetpack_publicize_feature_enabled":true,"jetpack_social_post_already_shared":true,"jetpack_social_options":{"image_generator_settings":{"template":"highway","default_image_id":0,"font":"","enabled":false},"version":2}},"categories":[1],"tags":[25],"class_list":["post-544","post","type-post","status-publish","format-standard","hentry","category-windenergie-allgemein","tag-infraschall"],"jetpack_publicize_connections":[],"jetpack_featured_media_url":"","jetpack_sharing_enabled":true,"jetpack_shortlink":"https:\/\/wp.me\/p6ODB3-8M","jetpack-related-posts":[{"id":794,"url":"https:\/\/www.windenergie-politik-gesellschaft.de\/?p=794","url_meta":{"origin":544,"position":0},"title":"BMWi &#8211; Verordnung zur \u00c4nderung der Grenz\u00fcberschreitenden-Erneuerbare-Energien-Verordnung und zur \u00c4nderung weiterer Verordnungen zur F\u00f6rderung der erneuerbaren Energien","author":"Joern Woehlk","date":"17. Juni 2017","format":false,"excerpt":"Quelle: BMWi - Verordnung zur \u00c4nderung der Grenz\u00fcberschreitenden-Erneuerbare-Energien-Verordnung und zur \u00c4nderung weiterer Verordnungen zur F\u00f6rderung der erneuerbaren Energien","rel":"","context":"In &quot;Aktuelle Rechtsprechung&quot;","block_context":{"text":"Aktuelle Rechtsprechung","link":"https:\/\/www.windenergie-politik-gesellschaft.de\/?cat=12"},"img":{"alt_text":"","src":"","width":0,"height":0},"classes":[]},{"id":1018,"url":"https:\/\/www.windenergie-politik-gesellschaft.de\/?p=1018","url_meta":{"origin":544,"position":1},"title":"Umlageprivileg f\u00fcr Stromspeicher &#8211; Tool zur Berechnung der reduzierten EEG-Umlage nach \u00a7 61k EEG 2017","author":"Joern Woehlk","date":"4. Februar 2019","format":false,"excerpt":"Zur Ermittlung und als Nachweis der Verringerung der EEG-Umlage f\u00fcr Strom, welcher in einem Stromspeicher nach den Vorgaben des \u00a7 61k Abs. 1 EEG 2017 verbraucht wird, stellen die \u00dcbertragungsnetzbetreiber nachfolgend ein Berechnungstool zum Download zur Verf\u00fcgung. Quelle: Netztransparenz > EEG > Umlageprivileg f\u00fcr Stromspeicher","rel":"","context":"In &quot;Marktdaten&quot;","block_context":{"text":"Marktdaten","link":"https:\/\/www.windenergie-politik-gesellschaft.de\/?cat=22"},"img":{"alt_text":"","src":"","width":0,"height":0},"classes":[]},{"id":994,"url":"https:\/\/www.windenergie-politik-gesellschaft.de\/?p=994","url_meta":{"origin":544,"position":2},"title":"Netztransparenz >Studie zur Konventionellen Mindesterzeugung","author":"Joern Woehlk","date":"17. Oktober 2018","format":false,"excerpt":"Diese Studie ist schon etwas \u00e4lter, liefert jedoch sehr interessante Daten. Demnach ist ein gro\u00dfer Teil der im Netz befindlichen Leistung bei negativen Strompreisen keinem zuzuordnen: \"Schlie\u00dflich weisen die Daten einen derzeit nicht weiter aufschl\u00fcsselbaren Wert \u2013 in der Studie als \u201ePROD_min\u201c dargestellt \u2013 auf, der an allen analysierten Tagen\u2026","rel":"","context":"In &quot;Strom - Netze&quot;","block_context":{"text":"Strom - Netze","link":"https:\/\/www.windenergie-politik-gesellschaft.de\/?cat=11"},"img":{"alt_text":"","src":"","width":0,"height":0},"classes":[]},{"id":1204,"url":"https:\/\/www.windenergie-politik-gesellschaft.de\/?p=1204","url_meta":{"origin":544,"position":3},"title":"Umsetzungsstand des \u201eAktionsprogramms zur St\u00e4rkung der Windenergie an Land\u201c","author":"Joern Woehlk","date":"27. August 2020","format":false,"excerpt":"Hier wird suggeriert, man habe schon vieles erreicht.Die Abstandsregeln hat man auf die L\u00e4nderebene gedr\u00fcckt, sollen die sich doch darum k\u00fcmmern. Gel\u00f6st? Bedarfsgerechte Nachtkennzeichnung? Ja, ganz toll, nachdem jahrelang erkl\u00e4rt wurde, das die Transponderl\u00f6sung nicht funktioniere und viele Unternehmen Millionen in die Entwicklung von Systemen gesteckt haben, die nun \u00fcber\u2026","rel":"","context":"In &quot;Aktuelle Rechtsprechung&quot;","block_context":{"text":"Aktuelle Rechtsprechung","link":"https:\/\/www.windenergie-politik-gesellschaft.de\/?cat=12"},"img":{"alt_text":"","src":"","width":0,"height":0},"classes":[]},{"id":1217,"url":"https:\/\/www.windenergie-politik-gesellschaft.de\/?p=1217","url_meta":{"origin":544,"position":4},"title":"Ma\u00dfnahmenvorschl\u00e4ge zur Beschleunigung des naturvertr\u00e4glichen Ausbaus der Windenergie an Land &#8211; B\u00dcNDNIS 90\/DIE GR\u00dcNEN","author":"Joern Woehlk","date":"14. Dezember 2020","format":false,"excerpt":"Quelle: Ma\u00dfnahmenvorschl\u00e4ge zur Beschleunigung des naturvertr\u00e4glichen Ausbaus der Windenergie an Land - B\u00dcNDNIS 90\/DIE GR\u00dcNEN","rel":"","context":"In &quot;Natur- und Artenschutz&quot;","block_context":{"text":"Natur- und Artenschutz","link":"https:\/\/www.windenergie-politik-gesellschaft.de\/?cat=65"},"img":{"alt_text":"","src":"","width":0,"height":0},"classes":[]},{"id":1292,"url":"https:\/\/www.windenergie-politik-gesellschaft.de\/?p=1292","url_meta":{"origin":544,"position":5},"title":"Zur Sache Rheinland-Pfalz: Warum der Bau von Windr\u00e4dern immer komplizierter wird | ARD Mediathek","author":"Joern Woehlk","date":"2. November 2021","format":false,"excerpt":"Quelle: Zur Sache Rheinland-Pfalz: Warum der Bau von Windr\u00e4dern immer komplizierter wird | ARD Mediathek","rel":"","context":"In &quot;Mediation&quot;","block_context":{"text":"Mediation","link":"https:\/\/www.windenergie-politik-gesellschaft.de\/?cat=19"},"img":{"alt_text":"","src":"","width":0,"height":0},"classes":[]}],"_links":{"self":[{"href":"https:\/\/www.windenergie-politik-gesellschaft.de\/index.php?rest_route=\/wp\/v2\/posts\/544","targetHints":{"allow":["GET"]}}],"collection":[{"href":"https:\/\/www.windenergie-politik-gesellschaft.de\/index.php?rest_route=\/wp\/v2\/posts"}],"about":[{"href":"https:\/\/www.windenergie-politik-gesellschaft.de\/index.php?rest_route=\/wp\/v2\/types\/post"}],"author":[{"embeddable":true,"href":"https:\/\/www.windenergie-politik-gesellschaft.de\/index.php?rest_route=\/wp\/v2\/users\/2"}],"replies":[{"embeddable":true,"href":"https:\/\/www.windenergie-politik-gesellschaft.de\/index.php?rest_route=%2Fwp%2Fv2%2Fcomments&post=544"}],"version-history":[{"count":1,"href":"https:\/\/www.windenergie-politik-gesellschaft.de\/index.php?rest_route=\/wp\/v2\/posts\/544\/revisions"}],"predecessor-version":[{"id":545,"href":"https:\/\/www.windenergie-politik-gesellschaft.de\/index.php?rest_route=\/wp\/v2\/posts\/544\/revisions\/545"}],"wp:attachment":[{"href":"https:\/\/www.windenergie-politik-gesellschaft.de\/index.php?rest_route=%2Fwp%2Fv2%2Fmedia&parent=544"}],"wp:term":[{"taxonomy":"category","embeddable":true,"href":"https:\/\/www.windenergie-politik-gesellschaft.de\/index.php?rest_route=%2Fwp%2Fv2%2Fcategories&post=544"},{"taxonomy":"post_tag","embeddable":true,"href":"https:\/\/www.windenergie-politik-gesellschaft.de\/index.php?rest_route=%2Fwp%2Fv2%2Ftags&post=544"}],"curies":[{"name":"wp","href":"https:\/\/api.w.org\/{rel}","templated":true}]}}