{"id":546,"date":"2016-06-08T08:51:41","date_gmt":"2016-06-08T06:51:41","guid":{"rendered":"http:\/\/www.windenergie-politik-gesellschaft.de\/?p=546"},"modified":"2016-06-08T08:51:41","modified_gmt":"2016-06-08T06:51:41","slug":"neues-forschungsprojekt-entwickelt-fertigungsmethode-fuer-sicherheitssysteme-von-batteriespeichern","status":"publish","type":"post","link":"https:\/\/www.windenergie-politik-gesellschaft.de\/?p=546","title":{"rendered":"Neues Forschungsprojekt entwickelt Fertigungsmethode f\u00fcr Sicherheitssysteme von Batteriespeichern"},"content":{"rendered":"<p>Quelle: <em><a href=\"http:\/\/www.juraforum.de\/wissenschaft\/neues-forschungsprojekt-entwickelt-fertigungsmethode-fuer-sicherheitssysteme-von-batteriespeichern-558163\">Neues Forschungsprojekt entwickelt Fertigungsmethode f\u00fcr Sicherheitssysteme von Batteriespeichern &#8211; Wissenschaft &#8211; JuraForum.de<\/a><\/em><\/p>\n","protected":false},"excerpt":{"rendered":"<p>Quelle: Neues Forschungsprojekt entwickelt Fertigungsmethode f\u00fcr Sicherheitssysteme von Batteriespeichern &#8211; Wissenschaft &#8211; JuraForum.de<\/p>\n","protected":false},"author":2,"featured_media":0,"comment_status":"open","ping_status":"open","sticky":false,"template":"","format":"standard","meta":{"jetpack_post_was_ever_published":false,"_jetpack_newsletter_access":"","_jetpack_dont_email_post_to_subs":false,"_jetpack_newsletter_tier_id":0,"_jetpack_memberships_contains_paywalled_content":false,"_jetpack_memberships_contains_paid_content":false,"footnotes":"","jetpack_publicize_message":"","jetpack_publicize_feature_enabled":true,"jetpack_social_post_already_shared":true,"jetpack_social_options":{"image_generator_settings":{"template":"highway","default_image_id":0,"font":"","enabled":false},"version":2}},"categories":[10],"tags":[87],"class_list":["post-546","post","type-post","status-publish","format-standard","hentry","category-strom-speicher","tag-batteriespeicher"],"jetpack_publicize_connections":[],"jetpack_featured_media_url":"","jetpack_sharing_enabled":true,"jetpack_shortlink":"https:\/\/wp.me\/p6ODB3-8O","jetpack-related-posts":[{"id":1404,"url":"https:\/\/www.windenergie-politik-gesellschaft.de\/?p=1404","url_meta":{"origin":546,"position":0},"title":"Schleswig-Holstein: Bundesweit erster Pr\u00fcfrahmen f\u00fcr Antikollisionssysteme an Windkraftanlagen vorgestellt","author":"Joern Woehlk","date":"12. September 2024","format":false,"excerpt":"Das schleswig-holsteinische Ministerium f\u00fcr Energiewende, Klimaschutz, Umwelt und Natur hat am 8. August 2024 einen Einf\u00fchrungserlass f\u00fcr den \"Fachkonventionsvorschlag \u201ePr\u00fcfrahmen f\u00fcr Antikollisionssysteme\u201c (Pr\u00fcfrahmen AKS) - Vollzugshilfe f\u00fcr die Bewertung als fachlich anerkannte Schutzma\u00dfnahme\" ver\u00f6ffentlicht. Der Pr\u00fcfrahmen AKS wurde in einem Forschungsprojekt von einem interdisziplin\u00e4ren Arbeitskreis unter der Leitung des Landesamtes\u2026","rel":"","context":"In &quot;Natur- und Artenschutz&quot;","block_context":{"text":"Natur- und Artenschutz","link":"https:\/\/www.windenergie-politik-gesellschaft.de\/?cat=65"},"img":{"alt_text":"","src":"","width":0,"height":0},"classes":[]},{"id":1207,"url":"https:\/\/www.windenergie-politik-gesellschaft.de\/?p=1207","url_meta":{"origin":546,"position":1},"title":"KNE-Erkl\u00e4rvideo: Artenschutzrechtliche Ausnahmen f\u00fcr die Windenergie &#8211; Kompetenzzentrum Naturschutz und Energiewende","author":"Joern Woehlk","date":"1. September 2020","format":false,"excerpt":"Quelle: Neues KNE-Erkl\u00e4rvideo: Artenschutzrechtliche Ausnahmen f\u00fcr die Windenergie - Kompetenzzentrum Naturschutz und Energiewende","rel":"","context":"In &quot;Mediation&quot;","block_context":{"text":"Mediation","link":"https:\/\/www.windenergie-politik-gesellschaft.de\/?cat=19"},"img":{"alt_text":"","src":"","width":0,"height":0},"classes":[]},{"id":667,"url":"https:\/\/www.windenergie-politik-gesellschaft.de\/?p=667","url_meta":{"origin":546,"position":2},"title":"Redox-Flow, Energie nach Bedarf; 3sat.online &#8211; Mediathek","author":"Joern Woehlk","date":"16. Oktober 2016","format":false,"excerpt":"05.11.2015: Bericht \u00fcber Uni Jena, Entwicklung von Redox-Flow Batterien Strom produzieren, speichern und bei Bedarf nutzen: Jenaer Forscher haben eine Redox-Flow-Batterie auf Polymer-Basis entwickelt, die das m\u00f6glich machen soll.Quelle: 3sat.online - Mediathek: Energie nach Bedarf","rel":"","context":"In &quot;Strom-Speicher&quot;","block_context":{"text":"Strom-Speicher","link":"https:\/\/www.windenergie-politik-gesellschaft.de\/?cat=10"},"img":{"alt_text":"","src":"","width":0,"height":0},"classes":[]},{"id":1290,"url":"https:\/\/www.windenergie-politik-gesellschaft.de\/?p=1290","url_meta":{"origin":546,"position":3},"title":"Markt: Neues Energiegesetz: Immer mehr Windr\u00e4der gehen vom Netz | ARD Mediathek","author":"Joern Woehlk","date":"2. November 2021","format":false,"excerpt":"Quelle: Markt: Neues Energiegesetz: Immer mehr Windr\u00e4der gehen vom Netz | ARD Mediathek","rel":"","context":"In &quot;Windenergie allgemein&quot;","block_context":{"text":"Windenergie allgemein","link":"https:\/\/www.windenergie-politik-gesellschaft.de\/?cat=1"},"img":{"alt_text":"","src":"","width":0,"height":0},"classes":[]},{"id":1253,"url":"https:\/\/www.windenergie-politik-gesellschaft.de\/?p=1253","url_meta":{"origin":546,"position":4},"title":"Modular, flexibel und systemdienlich: die ETES-Technologie","author":"Joern Woehlk","date":"6. April 2021","format":false,"excerpt":"Siemens Gamesa hat mit ETES (Elektrothermischer Energiespeicher) eine Idee entwickelt, um g\u00fcnstig Energie zu speichern. ETESQuelle: Modular, flexibel und systemdienlich: die ETES-Technologie","rel":"","context":"In &quot;Strom - Netze&quot;","block_context":{"text":"Strom - Netze","link":"https:\/\/www.windenergie-politik-gesellschaft.de\/?cat=11"},"img":{"alt_text":"","src":"","width":0,"height":0},"classes":[]},{"id":741,"url":"https:\/\/www.windenergie-politik-gesellschaft.de\/?p=741","url_meta":{"origin":546,"position":5},"title":"airspex sorgt f\u00fcr bedarfsgerechte Beleuchtung von Windenergieanlagen: Anwohner werden vom Dauerblinken befreit","author":"Joern Woehlk","date":"3. Februar 2017","format":false,"excerpt":"Ein echter durchbruch f\u00fcr die Akzeptanz von Windenergieanlagen! Es ist ein immer wiederkehrendes Thema und sorgt f\u00fcr eine abnehmende Akzeptanz bei Windkraft: Das Dauerblinken der Anlagen im Dunkeln. Die Anwohner der Region rund um Marne in Schleswig-Holstein k\u00f6nnenQuelle: airspex sorgt f\u00fcr bedarfsgerechte Beleuchtung von Windenergieanlagen: Anwohner werden vom Dauerblinken befreit","rel":"","context":"In &quot;Mediation&quot;","block_context":{"text":"Mediation","link":"https:\/\/www.windenergie-politik-gesellschaft.de\/?cat=19"},"img":{"alt_text":"","src":"","width":0,"height":0},"classes":[]}],"_links":{"self":[{"href":"https:\/\/www.windenergie-politik-gesellschaft.de\/index.php?rest_route=\/wp\/v2\/posts\/546","targetHints":{"allow":["GET"]}}],"collection":[{"href":"https:\/\/www.windenergie-politik-gesellschaft.de\/index.php?rest_route=\/wp\/v2\/posts"}],"about":[{"href":"https:\/\/www.windenergie-politik-gesellschaft.de\/index.php?rest_route=\/wp\/v2\/types\/post"}],"author":[{"embeddable":true,"href":"https:\/\/www.windenergie-politik-gesellschaft.de\/index.php?rest_route=\/wp\/v2\/users\/2"}],"replies":[{"embeddable":true,"href":"https:\/\/www.windenergie-politik-gesellschaft.de\/index.php?rest_route=%2Fwp%2Fv2%2Fcomments&post=546"}],"version-history":[{"count":1,"href":"https:\/\/www.windenergie-politik-gesellschaft.de\/index.php?rest_route=\/wp\/v2\/posts\/546\/revisions"}],"predecessor-version":[{"id":547,"href":"https:\/\/www.windenergie-politik-gesellschaft.de\/index.php?rest_route=\/wp\/v2\/posts\/546\/revisions\/547"}],"wp:attachment":[{"href":"https:\/\/www.windenergie-politik-gesellschaft.de\/index.php?rest_route=%2Fwp%2Fv2%2Fmedia&parent=546"}],"wp:term":[{"taxonomy":"category","embeddable":true,"href":"https:\/\/www.windenergie-politik-gesellschaft.de\/index.php?rest_route=%2Fwp%2Fv2%2Fcategories&post=546"},{"taxonomy":"post_tag","embeddable":true,"href":"https:\/\/www.windenergie-politik-gesellschaft.de\/index.php?rest_route=%2Fwp%2Fv2%2Ftags&post=546"}],"curies":[{"name":"wp","href":"https:\/\/api.w.org\/{rel}","templated":true}]}}