{"id":571,"date":"2016-06-22T12:14:10","date_gmt":"2016-06-22T10:14:10","guid":{"rendered":"http:\/\/www.windenergie-politik-gesellschaft.de\/?p=571"},"modified":"2016-06-22T12:14:10","modified_gmt":"2016-06-22T10:14:10","slug":"erneuerbare-energien-in-hessen-bremse-fuer-die-windkraft-mopsfledermaus-und-befangenheit-der-politiker-rhein-main-frankfurter-rundschau","status":"publish","type":"post","link":"https:\/\/www.windenergie-politik-gesellschaft.de\/?p=571","title":{"rendered":"Erneuerbare Energien in Hessen: Bremse f\u00fcr die Windkraft &#8211; Mopsfledermaus und Befangenheit der Politiker| Rhein-Main\u00a0&#8211; Frankfurter Rundschau"},"content":{"rendered":"<p>&#8230;und wieder neue Stilbl\u00fcten<\/p>\n<blockquote><p>D\u00ede m\u00f6gliche Befangenheit von Politikern und der Schutz von Flederm\u00e4usen verz\u00f6gern den Ausbau der erneuerbaren Energien in Hessen. Die Windkraft wird ausgebremst.:<\/p><\/blockquote>\n<p>Quelle: <em><a href=\"http:\/\/www.fr-online.de\/rhein-main\/erneuerbare-energien-in-hessen-bremse-fuer-die-windkraft,1472796,34394602.html\">Erneuerbare Energien in Hessen: Bremse f\u00fcr die Windkraft | Rhein-Main\u00a0&#8211; Frankfurter Rundschau<\/a><\/em><\/p>\n","protected":false},"excerpt":{"rendered":"<p>&#8230;und wieder neue Stilbl\u00fcten D\u00ede m\u00f6gliche Befangenheit von Politikern und der Schutz von Flederm\u00e4usen verz\u00f6gern den Ausbau der erneuerbaren Energien in Hessen. Die Windkraft wird ausgebremst.: Quelle: Erneuerbare Energien in Hessen: Bremse f\u00fcr die Windkraft | Rhein-Main\u00a0&#8211; Frankfurter Rundschau<\/p>\n","protected":false},"author":2,"featured_media":0,"comment_status":"open","ping_status":"open","sticky":false,"template":"","format":"standard","meta":{"jetpack_post_was_ever_published":false,"_jetpack_newsletter_access":"","_jetpack_dont_email_post_to_subs":false,"_jetpack_newsletter_tier_id":0,"_jetpack_memberships_contains_paywalled_content":false,"_jetpack_memberships_contains_paid_content":false,"footnotes":"","jetpack_publicize_message":"","jetpack_publicize_feature_enabled":true,"jetpack_social_post_already_shared":true,"jetpack_social_options":{"image_generator_settings":{"template":"highway","default_image_id":0,"font":"","enabled":false},"version":2}},"categories":[19,65,3,1],"tags":[109,108],"class_list":["post-571","post","type-post","status-publish","format-standard","hentry","category-mediation","category-natur-und-artenschutz","category-presse","category-windenergie-allgemein","tag-befangenheit","tag-mopsfledermaus"],"jetpack_publicize_connections":[],"jetpack_featured_media_url":"","jetpack_sharing_enabled":true,"jetpack_shortlink":"https:\/\/wp.me\/p6ODB3-9d","jetpack-related-posts":[{"id":521,"url":"https:\/\/www.windenergie-politik-gesellschaft.de\/?p=521","url_meta":{"origin":571,"position":0},"title":"Widerstand gegen Windkraft &#8211; Die Energiewende als Soziallabor","author":"Joern Woehlk","date":"25. Mai 2016","format":false,"excerpt":"Ein guter Artikel, der den Nerv dieses Blogs trifft. Klimaschutz und die Energiewende sind unabdingbar miteinander verkn\u00fcpft - die Politiker indes nutzen die Thematik f\u00fcr den kommenden Wahlkampf. Das ist nicht in Ordnung. In den vergangenen 25 Jahren sind in Deutschland 25.000 Windr\u00e4der entstanden. Obwohl die Mehrheit der Deutschen die\u2026","rel":"","context":"In &quot;Presse&quot;","block_context":{"text":"Presse","link":"https:\/\/www.windenergie-politik-gesellschaft.de\/?cat=3"},"img":{"alt_text":"","src":"","width":0,"height":0},"classes":[]},{"id":215,"url":"https:\/\/www.windenergie-politik-gesellschaft.de\/?p=215","url_meta":{"origin":571,"position":1},"title":"10H-Regelung vor dem Aus? Bestandsschutz in Bayern bleibt","author":"Joern Woehlk","date":"16. Oktober 2015","format":false,"excerpt":"R\u00fcckzieher in Bayern? Nach Angeben der Klagegemeinschaft \u201ePro Windkraft\u201c hat die bayerische Landesregierung Teile der umstrittenen 10H-Regelung aus dem Gesetz gestrichen. Die \u00dcbergangsregelung, die laufenden Projekten Bestandsschutz garantiert, l\u00e4uft nicht mehr automatisch Ende 2015 aus. \u201ePro Windkraft\u201c wertet dies als Signal, dass auch die weiteren Regelungen vor Gericht scheitern.. ERNEUERBARE\u2026","rel":"","context":"In &quot;Aktuelle Rechtsprechung&quot;","block_context":{"text":"Aktuelle Rechtsprechung","link":"https:\/\/www.windenergie-politik-gesellschaft.de\/?cat=12"},"img":{"alt_text":"","src":"","width":0,"height":0},"classes":[]},{"id":892,"url":"https:\/\/www.windenergie-politik-gesellschaft.de\/?p=892","url_meta":{"origin":571,"position":2},"title":"Windkraft hat erheblichen Anteil an EU-Wirtschaft &#8211; Windenergie &#8211; Erneuerbare Energien","author":"Joern Woehlk","date":"8. Januar 2018","format":false,"excerpt":"Quelle: Windkraft hat erheblichen Anteil an EU-Wirtschaft - Windenergie - Erneuerbare Energien","rel":"","context":"In &quot;Marktdaten&quot;","block_context":{"text":"Marktdaten","link":"https:\/\/www.windenergie-politik-gesellschaft.de\/?cat=22"},"img":{"alt_text":"","src":"","width":0,"height":0},"classes":[]},{"id":663,"url":"https:\/\/www.windenergie-politik-gesellschaft.de\/?p=663","url_meta":{"origin":571,"position":3},"title":"Was kostet die Energiewende? 3sat.online &#8211; Mediathek","author":"Joern Woehlk","date":"16. Oktober 2016","format":false,"excerpt":"Bericht vom 20.11.2015 Prof. Hans Martin Henning vom Frauenhofer Institut f\u00fcr solare Energiesysteme glaubt, dass die Kosten f\u00fcr erneuerbare Energien wie Windkraft und Photovoltaik weiter fallen werden.Quelle: 3sat.online - Mediathek: Was kostet die Energiewende?","rel":"","context":"In &quot;Marktdaten&quot;","block_context":{"text":"Marktdaten","link":"https:\/\/www.windenergie-politik-gesellschaft.de\/?cat=22"},"img":{"alt_text":"","src":"","width":0,"height":0},"classes":[]},{"id":1313,"url":"https:\/\/www.windenergie-politik-gesellschaft.de\/?p=1313","url_meta":{"origin":571,"position":4},"title":"Wer st\u00fctzt die Anti-Windkraft-B\u00fcrger?","author":"Joern Woehlk","date":"7. Februar 2022","format":false,"excerpt":"Quelle: Wer st\u00fctzt die Anti-Windkraft-B\u00fcrger? - ERNEUERBARE ENERGIEN","rel":"","context":"In &quot;Gegenwind&quot;","block_context":{"text":"Gegenwind","link":"https:\/\/www.windenergie-politik-gesellschaft.de\/?cat=161"},"img":{"alt_text":"","src":"","width":0,"height":0},"classes":[]},{"id":292,"url":"https:\/\/www.windenergie-politik-gesellschaft.de\/?p=292","url_meta":{"origin":571,"position":5},"title":"F\u00fcr den Strombereich in \u00d6sterreich wurde das Ziel 100 % Erneuerbare im Jahr 2030 ausgegeben","author":"Joern Woehlk","date":"15. Dezember 2015","format":false,"excerpt":"IG Windkraft begr\u00fc\u00dft Abkommen der UN-Klimakonferenz in Paris als ersten Schritt Quelle: Das Ende des fossilen Zeitalters hat begonnen","rel":"","context":"In &quot;Presse&quot;","block_context":{"text":"Presse","link":"https:\/\/www.windenergie-politik-gesellschaft.de\/?cat=3"},"img":{"alt_text":"","src":"","width":0,"height":0},"classes":[]}],"_links":{"self":[{"href":"https:\/\/www.windenergie-politik-gesellschaft.de\/index.php?rest_route=\/wp\/v2\/posts\/571","targetHints":{"allow":["GET"]}}],"collection":[{"href":"https:\/\/www.windenergie-politik-gesellschaft.de\/index.php?rest_route=\/wp\/v2\/posts"}],"about":[{"href":"https:\/\/www.windenergie-politik-gesellschaft.de\/index.php?rest_route=\/wp\/v2\/types\/post"}],"author":[{"embeddable":true,"href":"https:\/\/www.windenergie-politik-gesellschaft.de\/index.php?rest_route=\/wp\/v2\/users\/2"}],"replies":[{"embeddable":true,"href":"https:\/\/www.windenergie-politik-gesellschaft.de\/index.php?rest_route=%2Fwp%2Fv2%2Fcomments&post=571"}],"version-history":[{"count":1,"href":"https:\/\/www.windenergie-politik-gesellschaft.de\/index.php?rest_route=\/wp\/v2\/posts\/571\/revisions"}],"predecessor-version":[{"id":572,"href":"https:\/\/www.windenergie-politik-gesellschaft.de\/index.php?rest_route=\/wp\/v2\/posts\/571\/revisions\/572"}],"wp:attachment":[{"href":"https:\/\/www.windenergie-politik-gesellschaft.de\/index.php?rest_route=%2Fwp%2Fv2%2Fmedia&parent=571"}],"wp:term":[{"taxonomy":"category","embeddable":true,"href":"https:\/\/www.windenergie-politik-gesellschaft.de\/index.php?rest_route=%2Fwp%2Fv2%2Fcategories&post=571"},{"taxonomy":"post_tag","embeddable":true,"href":"https:\/\/www.windenergie-politik-gesellschaft.de\/index.php?rest_route=%2Fwp%2Fv2%2Ftags&post=571"}],"curies":[{"name":"wp","href":"https:\/\/api.w.org\/{rel}","templated":true}]}}