{"id":573,"date":"2016-06-22T13:45:26","date_gmt":"2016-06-22T11:45:26","guid":{"rendered":"http:\/\/www.windenergie-politik-gesellschaft.de\/?p=573"},"modified":"2016-06-22T13:45:26","modified_gmt":"2016-06-22T11:45:26","slug":"entwicklung-der-windenergie-im-wald-fa-wind-analyse-06-2016","status":"publish","type":"post","link":"https:\/\/www.windenergie-politik-gesellschaft.de\/?p=573","title":{"rendered":"Entwicklung der Windenergie im Wald &#8211; FA-Wind Analyse 06-2016"},"content":{"rendered":"<p>Quelle: <em><a href=\"http:\/\/www.fachagentur-windenergie.de\/fileadmin\/files\/Veroeffentlichungen\/FA-Wind_Analyse_Wind_im_Wald_06-2016.pdf\">Entwicklung der Windenergie im Wald &#8211; FA-Wind_Analyse_Wind_im_Wald_06-2016.pdf<\/a><\/em><\/p>\n","protected":false},"excerpt":{"rendered":"<p>Quelle: Entwicklung der Windenergie im Wald &#8211; FA-Wind_Analyse_Wind_im_Wald_06-2016.pdf<\/p>\n","protected":false},"author":2,"featured_media":0,"comment_status":"open","ping_status":"open","sticky":false,"template":"","format":"standard","meta":{"jetpack_post_was_ever_published":false,"_jetpack_newsletter_access":"","_jetpack_dont_email_post_to_subs":false,"_jetpack_newsletter_tier_id":0,"_jetpack_memberships_contains_paywalled_content":false,"_jetpack_memberships_contains_paid_content":false,"footnotes":"","jetpack_publicize_message":"","jetpack_publicize_feature_enabled":true,"jetpack_social_post_already_shared":true,"jetpack_social_options":{"image_generator_settings":{"template":"highway","default_image_id":0,"font":"","enabled":false},"version":2}},"categories":[22,1],"tags":[110],"class_list":["post-573","post","type-post","status-publish","format-standard","hentry","category-marktdaten","category-windenergie-allgemein","tag-wind-im-wald"],"jetpack_publicize_connections":[],"jetpack_featured_media_url":"","jetpack_sharing_enabled":true,"jetpack_shortlink":"https:\/\/wp.me\/p6ODB3-9f","jetpack-related-posts":[{"id":1375,"url":"https:\/\/www.windenergie-politik-gesellschaft.de\/?p=1375","url_meta":{"origin":573,"position":0},"title":"Professor vermisst hohe Effizienz bei Windparks im Wald","author":"Joern Woehlk","date":"4. Januar 2024","format":false,"excerpt":"Dirk Schindler von der Uni Freiburg fordert massiven Ausbau von Windenergie in Baden-W\u00fcrttemberg, kritsiert die Politik und spricht \u00fcber den Klimawandel.Quelle: Professor vermisst hohe Effizienz bei Windparks im Wald","rel":"","context":"In &quot;Mediation&quot;","block_context":{"text":"Mediation","link":"https:\/\/www.windenergie-politik-gesellschaft.de\/?cat=19"},"img":{"alt_text":"","src":"","width":0,"height":0},"classes":[]},{"id":1112,"url":"https:\/\/www.windenergie-politik-gesellschaft.de\/?p=1112","url_meta":{"origin":573,"position":1},"title":"Fake News Windkraftgegner &#8211; Darf ich ein Windrad in den Wald stellen?","author":"Joern Woehlk","date":"16. August 2019","format":false,"excerpt":"Fake News der Winkraftgegner? Hier kann sich jeder selbst ein Bild machen. Weiter unten im Beitrag findet sich ein kurzes Gespr\u00e4ch der Gegner und Bef\u00fcrworter. Die Argumente der Gegener sind wie so oft nicht plausibel und zeigen die typische Nimby (not in my backyard) Verweigerungshaltung. Die CO2 Einsparungen sind deutlich\u2026","rel":"","context":"In &quot;Gegenwind&quot;","block_context":{"text":"Gegenwind","link":"https:\/\/www.windenergie-politik-gesellschaft.de\/?cat=161"},"img":{"alt_text":"","src":"","width":0,"height":0},"classes":[]},{"id":828,"url":"https:\/\/www.windenergie-politik-gesellschaft.de\/?p=828","url_meta":{"origin":573,"position":2},"title":"Windkraft im Wald: G\u00fcnter Ratzbor Teil 1 &#8211; YouTube","author":"Joern Woehlk","date":"16. August 2017","format":false,"excerpt":"","rel":"","context":"In &quot;TV Beitr\u00e4ge&quot;","block_context":{"text":"TV Beitr\u00e4ge","link":"https:\/\/www.windenergie-politik-gesellschaft.de\/?cat=130"},"img":{"alt_text":"","src":"","width":0,"height":0},"classes":[]},{"id":830,"url":"https:\/\/www.windenergie-politik-gesellschaft.de\/?p=830","url_meta":{"origin":573,"position":3},"title":"Windkraft im Wald: G\u00fcnter Ratzbor Teil 2 &#8211; YouTube","author":"Joern Woehlk","date":"16. August 2017","format":false,"excerpt":"","rel":"","context":"In &quot;TV Beitr\u00e4ge&quot;","block_context":{"text":"TV Beitr\u00e4ge","link":"https:\/\/www.windenergie-politik-gesellschaft.de\/?cat=130"},"img":{"alt_text":"","src":"","width":0,"height":0},"classes":[]},{"id":1377,"url":"https:\/\/www.windenergie-politik-gesellschaft.de\/?p=1377","url_meta":{"origin":573,"position":4},"title":"Gut zu wissen: Windenergie \u00b7 Schafft Bayern den Ausbau? | ARD Mediathek","author":"Joern Woehlk","date":"4. Januar 2024","format":false,"excerpt":"Aktueller Beitrag zur Windenergie mit vielen Fakten. Windenergie \u00b7 Schafft Bayern den Ausbau? | Video | Bayern will bis 2040 klimaneutral und unabh\u00e4ngig von fossilen Brennstoffen werden. Seinen Strombedarf kann es aber l\u00e4ngst nicht aus erneuerbaren Energien decken. Das liegt auch am schleppenden Ausbau der Windkraft. Wie kann sich das\u2026","rel":"","context":"In &quot;TV Beitr\u00e4ge&quot;","block_context":{"text":"TV Beitr\u00e4ge","link":"https:\/\/www.windenergie-politik-gesellschaft.de\/?cat=130"},"img":{"alt_text":"","src":"","width":0,"height":0},"classes":[]},{"id":1372,"url":"https:\/\/www.windenergie-politik-gesellschaft.de\/?p=1372","url_meta":{"origin":573,"position":5},"title":"Paradoxe Klimawende: Windr\u00e4der statt B\u00e4ume | SPIEGEL TV &#8211; YouTube","author":"Joern Woehlk","date":"2. Januar 2024","format":false,"excerpt":"Leider kein Wort dar\u00fcber, das Waldfl\u00e4chen, die gerodet werden f\u00fcr Windenergieanlagen, mit der doppelten Fl\u00e4che wieder aufgefordtet werden.","rel":"","context":"In &quot;Mediation&quot;","block_context":{"text":"Mediation","link":"https:\/\/www.windenergie-politik-gesellschaft.de\/?cat=19"},"img":{"alt_text":"","src":"","width":0,"height":0},"classes":[]}],"_links":{"self":[{"href":"https:\/\/www.windenergie-politik-gesellschaft.de\/index.php?rest_route=\/wp\/v2\/posts\/573","targetHints":{"allow":["GET"]}}],"collection":[{"href":"https:\/\/www.windenergie-politik-gesellschaft.de\/index.php?rest_route=\/wp\/v2\/posts"}],"about":[{"href":"https:\/\/www.windenergie-politik-gesellschaft.de\/index.php?rest_route=\/wp\/v2\/types\/post"}],"author":[{"embeddable":true,"href":"https:\/\/www.windenergie-politik-gesellschaft.de\/index.php?rest_route=\/wp\/v2\/users\/2"}],"replies":[{"embeddable":true,"href":"https:\/\/www.windenergie-politik-gesellschaft.de\/index.php?rest_route=%2Fwp%2Fv2%2Fcomments&post=573"}],"version-history":[{"count":1,"href":"https:\/\/www.windenergie-politik-gesellschaft.de\/index.php?rest_route=\/wp\/v2\/posts\/573\/revisions"}],"predecessor-version":[{"id":574,"href":"https:\/\/www.windenergie-politik-gesellschaft.de\/index.php?rest_route=\/wp\/v2\/posts\/573\/revisions\/574"}],"wp:attachment":[{"href":"https:\/\/www.windenergie-politik-gesellschaft.de\/index.php?rest_route=%2Fwp%2Fv2%2Fmedia&parent=573"}],"wp:term":[{"taxonomy":"category","embeddable":true,"href":"https:\/\/www.windenergie-politik-gesellschaft.de\/index.php?rest_route=%2Fwp%2Fv2%2Fcategories&post=573"},{"taxonomy":"post_tag","embeddable":true,"href":"https:\/\/www.windenergie-politik-gesellschaft.de\/index.php?rest_route=%2Fwp%2Fv2%2Ftags&post=573"}],"curies":[{"name":"wp","href":"https:\/\/api.w.org\/{rel}","templated":true}]}}