{"id":575,"date":"2016-06-23T08:14:49","date_gmt":"2016-06-23T06:14:49","guid":{"rendered":"http:\/\/www.windenergie-politik-gesellschaft.de\/?p=575"},"modified":"2016-06-23T08:14:49","modified_gmt":"2016-06-23T06:14:49","slug":"umstellung-der-flotte-post-setzt-auf-elektro-transporter","status":"publish","type":"post","link":"https:\/\/www.windenergie-politik-gesellschaft.de\/?p=575","title":{"rendered":"Umstellung der Flotte: Post setzt auf Elektro-Transporter"},"content":{"rendered":"<p>Sollte uns das erstaunen? Die gro\u00dfen Autohersteller konnten das nicht? Oder wollten das nicht?<\/p>\n<blockquote><p>Die Post wird gr\u00fcner: In St\u00e4dten sollen k\u00fcnftig mehr Elektrofahrzeuge zum Einsatz kommen. Ein Pilotprojekt ist bereits erfolgreich &#8211; nicht nur aus umweltpolitischer Sicht.<\/p><\/blockquote>\n<p>Quelle: <em><a href=\"http:\/\/www.faz.net\/aktuell\/wirtschaft\/deutsche-post-will-flotte-auf-elektro-transporter-umstellen-14286603.html\">Umstellung der Flotte: Post setzt auf Elektro-Transporter<\/a><\/em><\/p>\n","protected":false},"excerpt":{"rendered":"<p>Sollte uns das erstaunen? Die gro\u00dfen Autohersteller konnten das nicht? Oder wollten das nicht? Die Post wird gr\u00fcner: In St\u00e4dten sollen k\u00fcnftig mehr Elektrofahrzeuge zum Einsatz kommen. Ein Pilotprojekt ist bereits erfolgreich &#8211; nicht nur aus umweltpolitischer Sicht. Quelle: Umstellung der Flotte: Post setzt auf Elektro-Transporter<\/p>\n","protected":false},"author":2,"featured_media":0,"comment_status":"open","ping_status":"open","sticky":false,"template":"","format":"standard","meta":{"jetpack_post_was_ever_published":false,"_jetpack_newsletter_access":"","_jetpack_dont_email_post_to_subs":false,"_jetpack_newsletter_tier_id":0,"_jetpack_memberships_contains_paywalled_content":false,"_jetpack_memberships_contains_paid_content":false,"footnotes":"","jetpack_publicize_message":"","jetpack_publicize_feature_enabled":true,"jetpack_social_post_already_shared":true,"jetpack_social_options":{"image_generator_settings":{"template":"highway","default_image_id":0,"font":"","enabled":false},"version":2}},"categories":[1],"tags":[94],"class_list":["post-575","post","type-post","status-publish","format-standard","hentry","category-windenergie-allgemein","tag-elektromobilitaet"],"jetpack_publicize_connections":[],"jetpack_featured_media_url":"","jetpack_sharing_enabled":true,"jetpack_shortlink":"https:\/\/wp.me\/p6ODB3-9h","jetpack-related-posts":[{"id":826,"url":"https:\/\/www.windenergie-politik-gesellschaft.de\/?p=826","url_meta":{"origin":575,"position":0},"title":"Bundesnetzagentur &#8211; Gebotstermin 1. August 2017","author":"Joern Woehlk","date":"16. August 2017","format":false,"excerpt":"Gesetzlich definierte B\u00fcrgerenergie dominiert wieder fast vollst\u00e4ndig 2. Ausschreibungsrunde. Erwartungsgem\u00e4\u00df wird auch die zweite Ausschreibungsrunde Wind an Land durch Akteure, die die Voraussetzungen der nach dem EEG definierten B\u00fcrgerenergie erf\u00fcllen, mit 95% der bezuschlagten Menge dominiert. Damit erh\u00f6ht sich weiter die Unsicherheit, ob der Zubaukorridor in den Jahren nach 2018\u2026","rel":"","context":"In &quot;Marktdaten&quot;","block_context":{"text":"Marktdaten","link":"https:\/\/www.windenergie-politik-gesellschaft.de\/?cat=22"},"img":{"alt_text":"","src":"","width":0,"height":0},"classes":[]},{"id":799,"url":"https:\/\/www.windenergie-politik-gesellschaft.de\/?p=799","url_meta":{"origin":575,"position":1},"title":"Eine Lanze brechen f\u00fcr die Akzeptanz der Windenergie in der Bev\u00f6lkerung","author":"Joern Woehlk","date":"27. Juni 2017","format":false,"excerpt":"Je n\u00e4her wir in Deutschland dem \"S\u00e4ttigungsgrad\" kommen - 2% der Landesfl\u00e4che soll f\u00fcr Windenergie nutzbar gemacht werden - desto mehr Gegner finden sich und umso mehr h\u00f6rt man auch den Standardspruch, der landauf landab immer wieder zu h\u00f6ren ist: \"Wir sind nicht gegen Windenergie, aber nicht vor unserer Haust\u00fcr!\"\u2026","rel":"","context":"In &quot;Windenergie allgemein&quot;","block_context":{"text":"Windenergie allgemein","link":"https:\/\/www.windenergie-politik-gesellschaft.de\/?cat=1"},"img":{"alt_text":"","src":"","width":0,"height":0},"classes":[]},{"id":1300,"url":"https:\/\/www.windenergie-politik-gesellschaft.de\/?p=1300","url_meta":{"origin":575,"position":2},"title":"Windkraft: Wo liegen die T\u00fccken beim Ausbau? &#8211; SWR Aktuell","author":"Joern Woehlk","date":"16. Dezember 2021","format":false,"excerpt":"\"Es gibt einen kleinen, aber sehr lauten Teil der Bev\u00f6lkerung, der sich gegen Windkraft-Projekte zur Wehr setzt. Aber es gibt eine gro\u00dfe Mehrheit, die eigentlich nicht wahrgenommen wird, die solche Projekte unterst\u00fctzt. \" Es gibt einen kleinen, aber sehr lauten Teil der Bev\u00f6lkerung, der sich gegen Windkraft-Projekte zur Wehr setzt.\u2026","rel":"","context":"In &quot;Mediation&quot;","block_context":{"text":"Mediation","link":"https:\/\/www.windenergie-politik-gesellschaft.de\/?cat=19"},"img":{"alt_text":"","src":"","width":0,"height":0},"classes":[]},{"id":621,"url":"https:\/\/www.windenergie-politik-gesellschaft.de\/?p=621","url_meta":{"origin":575,"position":3},"title":"Propaganda f\u00fcr die Braunkohle &#8211; Zwei Systeme f\u00fcr eine Aufgabe: Versorgungssicherheit im Stromsektor","author":"Joern Woehlk","date":"4. September 2016","format":false,"excerpt":"Sonntag ist mal wieder Zeit, um der Propaganda der Kohlelobby zu lauschen. Und schnell wurde ich f\u00fcndig, diesmal mit einem Artikel der m\u00e4chtig ideologisch \"Pro-Braunkohle\" eingef\u00e4rbt ist, was nicht verwunderlich ist, da er von einem f\u00fchrenden Vertreter der Braunkohleindustrie geschrieben wurde. Geschickt suggeriert Herr Milojcic zun\u00e4chst, einen gut reflektierten und\u2026","rel":"","context":"In &quot;Strom - Netze&quot;","block_context":{"text":"Strom - Netze","link":"https:\/\/www.windenergie-politik-gesellschaft.de\/?cat=11"},"img":{"alt_text":"","src":"","width":0,"height":0},"classes":[]},{"id":894,"url":"https:\/\/www.windenergie-politik-gesellschaft.de\/?p=894","url_meta":{"origin":575,"position":4},"title":"Nicht nur Windenergie l\u00e4sst Netzfrequenz schwanken","author":"Joern Woehlk","date":"10. Januar 2018","format":false,"excerpt":"\"Der Stromhandel in Europa hat einen wesentlichen Einfluss auf die Schwankungen der Netzfrequenz. Das zeigt eine aktuelle Untersuchung des Max-Planck-Instituts f\u00fcr Dynamik und Selbstorganisation (MIPDS) aus G\u00f6ttingen\" Topagrar.com - Lesen Sie mehr auf: https:\/\/www.topagrar.com\/news\/Energie-Energienews-Nicht-nur-Windenergie-laesst-Netzfrequenz-schwanken-8963052.html Quelle: Nicht nur Windenergie l\u00e4sst Netzfrequenz schwanken - Energienews - Energie - top agrar online","rel":"","context":"In &quot;Presse&quot;","block_context":{"text":"Presse","link":"https:\/\/www.windenergie-politik-gesellschaft.de\/?cat=3"},"img":{"alt_text":"","src":"","width":0,"height":0},"classes":[]},{"id":187,"url":"https:\/\/www.windenergie-politik-gesellschaft.de\/?p=187","url_meta":{"origin":575,"position":5},"title":"Wasserstoff &#8211; Energiespeicher der Zukunft?","author":"Joern Woehlk","date":"14. Oktober 2015","format":false,"excerpt":"Was machen wir in Zukunft mit \u00fcbersch\u00fcssigem Strom aus Wind und Sonne? Sachsen-Anhalt, ein Bundesland mit sehr viel Windenergie, setzt auf einen unterirdischen Wasserstoffspeicher. Ist das der Stromspeicher der Zukunft? Quelle: Wasserstoff - Energiespeicher der Zukunft?","rel":"","context":"In &quot;Presse&quot;","block_context":{"text":"Presse","link":"https:\/\/www.windenergie-politik-gesellschaft.de\/?cat=3"},"img":{"alt_text":"","src":"","width":0,"height":0},"classes":[]}],"_links":{"self":[{"href":"https:\/\/www.windenergie-politik-gesellschaft.de\/index.php?rest_route=\/wp\/v2\/posts\/575","targetHints":{"allow":["GET"]}}],"collection":[{"href":"https:\/\/www.windenergie-politik-gesellschaft.de\/index.php?rest_route=\/wp\/v2\/posts"}],"about":[{"href":"https:\/\/www.windenergie-politik-gesellschaft.de\/index.php?rest_route=\/wp\/v2\/types\/post"}],"author":[{"embeddable":true,"href":"https:\/\/www.windenergie-politik-gesellschaft.de\/index.php?rest_route=\/wp\/v2\/users\/2"}],"replies":[{"embeddable":true,"href":"https:\/\/www.windenergie-politik-gesellschaft.de\/index.php?rest_route=%2Fwp%2Fv2%2Fcomments&post=575"}],"version-history":[{"count":1,"href":"https:\/\/www.windenergie-politik-gesellschaft.de\/index.php?rest_route=\/wp\/v2\/posts\/575\/revisions"}],"predecessor-version":[{"id":576,"href":"https:\/\/www.windenergie-politik-gesellschaft.de\/index.php?rest_route=\/wp\/v2\/posts\/575\/revisions\/576"}],"wp:attachment":[{"href":"https:\/\/www.windenergie-politik-gesellschaft.de\/index.php?rest_route=%2Fwp%2Fv2%2Fmedia&parent=575"}],"wp:term":[{"taxonomy":"category","embeddable":true,"href":"https:\/\/www.windenergie-politik-gesellschaft.de\/index.php?rest_route=%2Fwp%2Fv2%2Fcategories&post=575"},{"taxonomy":"post_tag","embeddable":true,"href":"https:\/\/www.windenergie-politik-gesellschaft.de\/index.php?rest_route=%2Fwp%2Fv2%2Ftags&post=575"}],"curies":[{"name":"wp","href":"https:\/\/api.w.org\/{rel}","templated":true}]}}