{"id":590,"date":"2016-07-12T08:28:12","date_gmt":"2016-07-12T06:28:12","guid":{"rendered":"http:\/\/www.windenergie-politik-gesellschaft.de\/?p=590"},"modified":"2016-07-12T08:28:12","modified_gmt":"2016-07-12T06:28:12","slug":"einnahmen-und-ausgabenpositionen-nach-ausglmechv-juni-2016","status":"publish","type":"post","link":"https:\/\/www.windenergie-politik-gesellschaft.de\/?p=590","title":{"rendered":"Einnahmen und Ausgabenpositionen nach AusglMechV Juni 2016"},"content":{"rendered":"<p>Das EEG Konto pr\u00e4sentiert sich immer noch gut gef\u00fcllt mit 3,688 Mrd Euro in Juni 2016, nach 4,279 Mrd Euro in Juni 2015.<\/p>\n<p>Quelle: <em><a href=\"https:\/\/www.netztransparenz.de\/de\/file\/Aktuelle_Daten_zu_den_Einnahmen-_und_Ausgabenpositionen_nach_AusglMechV_Juni_2016.pdf\">Aktuelle_Daten_zu_den_Einnahmen-_und_Ausgabenpositionen_nach_AusglMechV_Juni_2016.pdf<\/a><\/em><\/p>\n","protected":false},"excerpt":{"rendered":"<p>Das EEG Konto pr\u00e4sentiert sich immer noch gut gef\u00fcllt mit 3,688 Mrd Euro in Juni 2016, nach 4,279 Mrd Euro in Juni 2015. Quelle: Aktuelle_Daten_zu_den_Einnahmen-_und_Ausgabenpositionen_nach_AusglMechV_Juni_2016.pdf<\/p>\n","protected":false},"author":2,"featured_media":0,"comment_status":"open","ping_status":"open","sticky":false,"template":"","format":"standard","meta":{"jetpack_post_was_ever_published":false,"_jetpack_newsletter_access":"","_jetpack_dont_email_post_to_subs":false,"_jetpack_newsletter_tier_id":0,"_jetpack_memberships_contains_paywalled_content":false,"_jetpack_memberships_contains_paid_content":false,"footnotes":"","jetpack_publicize_message":"","jetpack_publicize_feature_enabled":true,"jetpack_social_post_already_shared":true,"jetpack_social_options":{"image_generator_settings":{"template":"highway","default_image_id":0,"font":"","enabled":false},"version":2}},"categories":[22,1],"tags":[62],"class_list":["post-590","post","type-post","status-publish","format-standard","hentry","category-marktdaten","category-windenergie-allgemein","tag-eeg-konto"],"jetpack_publicize_connections":[],"jetpack_featured_media_url":"","jetpack_sharing_enabled":true,"jetpack_shortlink":"https:\/\/wp.me\/p6ODB3-9w","jetpack-related-posts":[{"id":949,"url":"https:\/\/www.windenergie-politik-gesellschaft.de\/?p=949","url_meta":{"origin":590,"position":0},"title":"EEG-Konten-\u00dcbersicht","author":"Joern Woehlk","date":"19. Mai 2018","format":false,"excerpt":"Die monatliche \u00dcbersicht zeigt f\u00fcr April 2018 einen \u00dcberschu\u00df von 5,63 Mrd Euro, nach 5,3 Mrd Euro in 2017. Quelle: Netztransparenz > EEG > EEG-Konten-\u00dcbersicht","rel":"","context":"In &quot;Marktdaten&quot;","block_context":{"text":"Marktdaten","link":"https:\/\/www.windenergie-politik-gesellschaft.de\/?cat=22"},"img":{"alt_text":"","src":"","width":0,"height":0},"classes":[]},{"id":972,"url":"https:\/\/www.windenergie-politik-gesellschaft.de\/?p=972","url_meta":{"origin":590,"position":1},"title":"R\u00fccklagen auf EEG-Konto im Mai erstmals r\u00fcckl\u00e4ufig","author":"Joern Woehlk","date":"18. Juni 2018","format":false,"excerpt":"Auf dem EEG-Umlagekonto f\u00fcr den \u00d6kostrom ist der Milliarden-\u00dcberschuss im Mai gesunken. Das Finanzpolster der Stromkunden liegt aber weiter bei deutlich \u00fcber 5 Milliarden Euro. Quelle: R\u00fccklagen auf EEG-Konto im Mai erstmals r\u00fcckl\u00e4ufig","rel":"","context":"In &quot;Marktdaten&quot;","block_context":{"text":"Marktdaten","link":"https:\/\/www.windenergie-politik-gesellschaft.de\/?cat=22"},"img":{"alt_text":"","src":"","width":0,"height":0},"classes":[]},{"id":1018,"url":"https:\/\/www.windenergie-politik-gesellschaft.de\/?p=1018","url_meta":{"origin":590,"position":2},"title":"Umlageprivileg f\u00fcr Stromspeicher &#8211; Tool zur Berechnung der reduzierten EEG-Umlage nach \u00a7 61k EEG 2017","author":"Joern Woehlk","date":"4. Februar 2019","format":false,"excerpt":"Zur Ermittlung und als Nachweis der Verringerung der EEG-Umlage f\u00fcr Strom, welcher in einem Stromspeicher nach den Vorgaben des \u00a7 61k Abs. 1 EEG 2017 verbraucht wird, stellen die \u00dcbertragungsnetzbetreiber nachfolgend ein Berechnungstool zum Download zur Verf\u00fcgung. Quelle: Netztransparenz > EEG > Umlageprivileg f\u00fcr Stromspeicher","rel":"","context":"In &quot;Marktdaten&quot;","block_context":{"text":"Marktdaten","link":"https:\/\/www.windenergie-politik-gesellschaft.de\/?cat=22"},"img":{"alt_text":"","src":"","width":0,"height":0},"classes":[]},{"id":122,"url":"https:\/\/www.windenergie-politik-gesellschaft.de\/?p=122","url_meta":{"origin":590,"position":3},"title":"Windstromerzeugung 2015 \u00fcbertrifft bereits jetzt das Vorjahresniveau | BDEW | Bundesverband der Energie- und Wasserwirtschaft","author":"Joern Woehlk","date":"5. Oktober 2015","format":false,"excerpt":"Die Stromerzeugung aus Windkraft hat bereits Ende September den Saldo der Winderzeugung aus dem Gesamtjahr 2014 \u00fcbertroffen: Lag die Bilanz des Vorjahres bei 57,4 Milliarden Kilowattstunden ( Mrd. kWh), so wurden bis Ende September 2015 bereits 59 Mrd. kWh Strom durch Windkraft erzeugt. Dabei ist der auf See erzeugte Anteil\u2026","rel":"","context":"In &quot;Windenergie allgemein&quot;","block_context":{"text":"Windenergie allgemein","link":"https:\/\/www.windenergie-politik-gesellschaft.de\/?cat=1"},"img":{"alt_text":"","src":"","width":0,"height":0},"classes":[]},{"id":896,"url":"https:\/\/www.windenergie-politik-gesellschaft.de\/?p=896","url_meta":{"origin":590,"position":4},"title":"EEG-Umlage 2018","author":"Joern Woehlk","date":"23. Januar 2018","format":false,"excerpt":"Prognose der EEG-Umlage 2018 nach EEV Quelle: 2016-09-12 - Prognose EEG-Umlage 2017 - BNetzA-Termin V0.2_Amp - 20171016_Ver\u00f6ffentlichung_EEG-Umlage_2018.pdf","rel":"","context":"In &quot;Marktdaten&quot;","block_context":{"text":"Marktdaten","link":"https:\/\/www.windenergie-politik-gesellschaft.de\/?cat=22"},"img":{"alt_text":"","src":"","width":0,"height":0},"classes":[]},{"id":172,"url":"https:\/\/www.windenergie-politik-gesellschaft.de\/?p=172","url_meta":{"origin":590,"position":5},"title":"Windstromerzeugung 2015 \u00fcbertrifft bereits jetzt das Vorjahresniveau | BDEW | Bundesverband der Energie- und Wasserwirtschaft","author":"Joern Woehlk","date":"13. Oktober 2015","format":false,"excerpt":"Die Stromerzeugung aus Windkraft hat bereits Ende September den Saldo der Winderzeugung aus dem Gesamtjahr 2014 \u00fcbertroffen: Lag die Bilanz des Vorjahres bei 57,4 Milliarden Kilowattstunden ( Mrd. kWh), so wurden bis Ende September 2015 bereits 59 Mrd. kWh Strom durch Windkraft erzeugt. Dabei ist der auf See erzeugte Anteil\u2026","rel":"","context":"In &quot;Marktdaten&quot;","block_context":{"text":"Marktdaten","link":"https:\/\/www.windenergie-politik-gesellschaft.de\/?cat=22"},"img":{"alt_text":"","src":"","width":0,"height":0},"classes":[]}],"_links":{"self":[{"href":"https:\/\/www.windenergie-politik-gesellschaft.de\/index.php?rest_route=\/wp\/v2\/posts\/590","targetHints":{"allow":["GET"]}}],"collection":[{"href":"https:\/\/www.windenergie-politik-gesellschaft.de\/index.php?rest_route=\/wp\/v2\/posts"}],"about":[{"href":"https:\/\/www.windenergie-politik-gesellschaft.de\/index.php?rest_route=\/wp\/v2\/types\/post"}],"author":[{"embeddable":true,"href":"https:\/\/www.windenergie-politik-gesellschaft.de\/index.php?rest_route=\/wp\/v2\/users\/2"}],"replies":[{"embeddable":true,"href":"https:\/\/www.windenergie-politik-gesellschaft.de\/index.php?rest_route=%2Fwp%2Fv2%2Fcomments&post=590"}],"version-history":[{"count":1,"href":"https:\/\/www.windenergie-politik-gesellschaft.de\/index.php?rest_route=\/wp\/v2\/posts\/590\/revisions"}],"predecessor-version":[{"id":591,"href":"https:\/\/www.windenergie-politik-gesellschaft.de\/index.php?rest_route=\/wp\/v2\/posts\/590\/revisions\/591"}],"wp:attachment":[{"href":"https:\/\/www.windenergie-politik-gesellschaft.de\/index.php?rest_route=%2Fwp%2Fv2%2Fmedia&parent=590"}],"wp:term":[{"taxonomy":"category","embeddable":true,"href":"https:\/\/www.windenergie-politik-gesellschaft.de\/index.php?rest_route=%2Fwp%2Fv2%2Fcategories&post=590"},{"taxonomy":"post_tag","embeddable":true,"href":"https:\/\/www.windenergie-politik-gesellschaft.de\/index.php?rest_route=%2Fwp%2Fv2%2Ftags&post=590"}],"curies":[{"name":"wp","href":"https:\/\/api.w.org\/{rel}","templated":true}]}}