{"id":592,"date":"2016-07-12T10:57:03","date_gmt":"2016-07-12T08:57:03","guid":{"rendered":"http:\/\/www.windenergie-politik-gesellschaft.de\/?p=592"},"modified":"2016-07-12T10:57:03","modified_gmt":"2016-07-12T08:57:03","slug":"regionale-gruenstromkennzeichnung-eckpunktepapier-11-maerz-2016","status":"publish","type":"post","link":"https:\/\/www.windenergie-politik-gesellschaft.de\/?p=592","title":{"rendered":"Regionale Gr\u00fcnstromkennzeichnung, Eckpunktepapier, 11.M\u00e4rz 2016"},"content":{"rendered":"<p>&#8220;Anlagen, die f\u00fcr die regionale Gr\u00fcnstromkennzeichnung genutzt werden, melden sich mit ihrer PLZ beim Herkunftsnachweisregister an. Entsprechend der Strommenge, die die Anlage erzeugt, stellt das Register der Anlage Regionalnachweise aus.<br \/>\nEin Regionalnachweis kann nicht getrennt vom Strom aus der Anlage gehandelt werden, sondern er folgt diesem Strom. Weil der physikalische Weg, den der Strom ab seiner Erzeugung nimmt, nicht nachverfolgt werden kann,<br \/>\nfolgen die Regionalnachweise der vertraglichen Lieferkette des Stroms. Dadurch erh\u00e4lt dasjenige EVU den Regionalnachweis auf sein Konto beim Herkunftsnachweisregister \u00fcbertragen, das auch den Strom aus der Anlage gekauft hat. Entsprechend dem Leitgedanken, die wettbewerbliche Preisbildung auf dem Strommarkt nicht einzuschr\u00e4nken, werden etwaige Auswirkungen evaluiert, die die Handelbarkeit der Nachweise nur entlang der Lieferkette auf die Liquidit\u00e4t des Strommarkts haben kann, und es ist erforderlichenfalls nachzusteuern.<br \/>\nDas EVU meldet dem Herkunftsnachweisregister, wieviel Strom es insgesamt an seine Kunden im jeweiligen PLZ-Gebiet geliefert hat. Gegebenenfalls muss das EVU die Richtigkeit dieser Meldung z.B. durch einen Wirtschaftspr\u00fcfer best\u00e4tigen lassen. Au\u00dferdem erkl\u00e4rt das EVU dem Register, welche Regionalnachweise es f\u00fcr die regionale Kennzeichnung dieses Stroms einsetzen will.<br \/>\nDas Herkunftsnachweisregister pr\u00fcft, ob die genannten Regionalnachweise auf dem Registerkonto des EVU liegen, und ob die Nachweise aus einem PLZ-Gebiet stammen, das in der Region des betreffenden Kunden liegt. Wenn beides<br \/>\nzutrifft, kann das EVU auf der Stromrechnung des Kunden einen entsprechenden Anteil an regionalem Gr\u00fcnstrom ausweisen.&#8221;<\/p>\n<p>Quelle: <em><a href=\"http:\/\/www.bmwi.de\/BMWi\/Redaktion\/PDF\/P-R\/regionale-gruenstromkennzeichnung-eckpunktepapier\">Regionale Gr\u00fcnstromkennzeichnung, Eckpunktepapier, 11.M\u00e4rz 2016 &#8211; regionale-gruenstromkennzeichnung-eckpunktepapier<\/a><\/em><\/p>\n","protected":false},"excerpt":{"rendered":"<p>&#8220;Anlagen, die f\u00fcr die regionale Gr\u00fcnstromkennzeichnung genutzt werden, melden sich mit ihrer PLZ beim Herkunftsnachweisregister an. Entsprechend der Strommenge, die die Anlage erzeugt, stellt das Register der Anlage Regionalnachweise aus. Ein Regionalnachweis kann nicht getrennt vom Strom aus der Anlage gehandelt werden, sondern er folgt diesem Strom. Weil der physikalische Weg, den der Strom ab &#8230; <a title=\"Regionale Gr\u00fcnstromkennzeichnung, Eckpunktepapier, 11.M\u00e4rz 2016\" class=\"read-more\" href=\"https:\/\/www.windenergie-politik-gesellschaft.de\/?p=592\" aria-label=\"Mehr Informationen \u00fcber Regionale Gr\u00fcnstromkennzeichnung, Eckpunktepapier, 11.M\u00e4rz 2016\">Weiterlesen<\/a><\/p>\n","protected":false},"author":2,"featured_media":0,"comment_status":"open","ping_status":"open","sticky":false,"template":"","format":"standard","meta":{"jetpack_post_was_ever_published":false,"_jetpack_newsletter_access":"","_jetpack_dont_email_post_to_subs":false,"_jetpack_newsletter_tier_id":0,"_jetpack_memberships_contains_paywalled_content":false,"_jetpack_memberships_contains_paid_content":false,"footnotes":"","jetpack_publicize_message":"","jetpack_publicize_feature_enabled":true,"jetpack_social_post_already_shared":true,"jetpack_social_options":{"image_generator_settings":{"template":"highway","default_image_id":0,"font":"","enabled":false},"version":2}},"categories":[11,1],"tags":[116],"class_list":["post-592","post","type-post","status-publish","format-standard","hentry","category-strom-netze","category-windenergie-allgemein","tag-gruenstromkennzeichnung"],"jetpack_publicize_connections":[],"jetpack_featured_media_url":"","jetpack_sharing_enabled":true,"jetpack_shortlink":"https:\/\/wp.me\/p6ODB3-9y","jetpack-related-posts":[{"id":621,"url":"https:\/\/www.windenergie-politik-gesellschaft.de\/?p=621","url_meta":{"origin":592,"position":0},"title":"Propaganda f\u00fcr die Braunkohle &#8211; Zwei Systeme f\u00fcr eine Aufgabe: Versorgungssicherheit im Stromsektor","author":"Joern Woehlk","date":"4. September 2016","format":false,"excerpt":"Sonntag ist mal wieder Zeit, um der Propaganda der Kohlelobby zu lauschen. Und schnell wurde ich f\u00fcndig, diesmal mit einem Artikel der m\u00e4chtig ideologisch \"Pro-Braunkohle\" eingef\u00e4rbt ist, was nicht verwunderlich ist, da er von einem f\u00fchrenden Vertreter der Braunkohleindustrie geschrieben wurde. Geschickt suggeriert Herr Milojcic zun\u00e4chst, einen gut reflektierten und\u2026","rel":"","context":"In &quot;Strom - Netze&quot;","block_context":{"text":"Strom - Netze","link":"https:\/\/www.windenergie-politik-gesellschaft.de\/?cat=11"},"img":{"alt_text":"","src":"","width":0,"height":0},"classes":[]},{"id":994,"url":"https:\/\/www.windenergie-politik-gesellschaft.de\/?p=994","url_meta":{"origin":592,"position":1},"title":"Netztransparenz >Studie zur Konventionellen Mindesterzeugung","author":"Joern Woehlk","date":"17. Oktober 2018","format":false,"excerpt":"Diese Studie ist schon etwas \u00e4lter, liefert jedoch sehr interessante Daten. Demnach ist ein gro\u00dfer Teil der im Netz befindlichen Leistung bei negativen Strompreisen keinem zuzuordnen: \"Schlie\u00dflich weisen die Daten einen derzeit nicht weiter aufschl\u00fcsselbaren Wert \u2013 in der Studie als \u201ePROD_min\u201c dargestellt \u2013 auf, der an allen analysierten Tagen\u2026","rel":"","context":"In &quot;Strom - Netze&quot;","block_context":{"text":"Strom - Netze","link":"https:\/\/www.windenergie-politik-gesellschaft.de\/?cat=11"},"img":{"alt_text":"","src":"","width":0,"height":0},"classes":[]},{"id":873,"url":"https:\/\/www.windenergie-politik-gesellschaft.de\/?p=873","url_meta":{"origin":592,"position":2},"title":"Regionalnachweisregister | Umweltbundesamt","author":"Joern Woehlk","date":"8. November 2017","format":false,"excerpt":"Hier finden Sie Informationen rund um das geplante Regionalnachweisregister im Umweltbundesamt. In diesem sollen k\u00fcnftig Nachweise verwaltet werden, aus denen hervorgeht, in welcher Anlage (zum Beispiel ein Windpark) eine bestimmte Menge Strom aus erneuerbaren Energien produziert wurde. Stromanbieter k\u00f6nnen damit k\u00fcnftig ihren Kundinnen und Kunden \u00d6kostrom aus der Region anbieten.\u2026","rel":"","context":"In &quot;Presse&quot;","block_context":{"text":"Presse","link":"https:\/\/www.windenergie-politik-gesellschaft.de\/?cat=3"},"img":{"alt_text":"","src":"","width":0,"height":0},"classes":[]},{"id":799,"url":"https:\/\/www.windenergie-politik-gesellschaft.de\/?p=799","url_meta":{"origin":592,"position":3},"title":"Eine Lanze brechen f\u00fcr die Akzeptanz der Windenergie in der Bev\u00f6lkerung","author":"Joern Woehlk","date":"27. Juni 2017","format":false,"excerpt":"Je n\u00e4her wir in Deutschland dem \"S\u00e4ttigungsgrad\" kommen - 2% der Landesfl\u00e4che soll f\u00fcr Windenergie nutzbar gemacht werden - desto mehr Gegner finden sich und umso mehr h\u00f6rt man auch den Standardspruch, der landauf landab immer wieder zu h\u00f6ren ist: \"Wir sind nicht gegen Windenergie, aber nicht vor unserer Haust\u00fcr!\"\u2026","rel":"","context":"In &quot;Windenergie allgemein&quot;","block_context":{"text":"Windenergie allgemein","link":"https:\/\/www.windenergie-politik-gesellschaft.de\/?cat=1"},"img":{"alt_text":"","src":"","width":0,"height":0},"classes":[]},{"id":1228,"url":"https:\/\/www.windenergie-politik-gesellschaft.de\/?p=1228","url_meta":{"origin":592,"position":4},"title":"Flexibilit\u00e4t aus dem Virtuellen Kraftwerk auf Verteilnetzebene","author":"Joern Woehlk","date":"29. Januar 2021","format":false,"excerpt":"\"Zappelstrom\" ist ein gern genutzter Ausdruck der Gegner von regenerativen Energien, vornehmlich der Windkraftgegener, der dazu dienen soll, diese Art der Energieproduktion zu diskreditieren. Dieser Artikel zeigt, wie weit die Integration der fluktuierenden Energien schon gelingt und wie sehr sich die Gegener t\u00e4uschen in ihrer Meinung. Quelle: Support your local\u2026","rel":"","context":"In &quot;Strom - Netze&quot;","block_context":{"text":"Strom - Netze","link":"https:\/\/www.windenergie-politik-gesellschaft.de\/?cat=11"},"img":{"alt_text":"","src":"","width":0,"height":0},"classes":[]},{"id":122,"url":"https:\/\/www.windenergie-politik-gesellschaft.de\/?p=122","url_meta":{"origin":592,"position":5},"title":"Windstromerzeugung 2015 \u00fcbertrifft bereits jetzt das Vorjahresniveau | BDEW | Bundesverband der Energie- und Wasserwirtschaft","author":"Joern Woehlk","date":"5. Oktober 2015","format":false,"excerpt":"Die Stromerzeugung aus Windkraft hat bereits Ende September den Saldo der Winderzeugung aus dem Gesamtjahr 2014 \u00fcbertroffen: Lag die Bilanz des Vorjahres bei 57,4 Milliarden Kilowattstunden ( Mrd. kWh), so wurden bis Ende September 2015 bereits 59 Mrd. kWh Strom durch Windkraft erzeugt. Dabei ist der auf See erzeugte Anteil\u2026","rel":"","context":"In &quot;Windenergie allgemein&quot;","block_context":{"text":"Windenergie allgemein","link":"https:\/\/www.windenergie-politik-gesellschaft.de\/?cat=1"},"img":{"alt_text":"","src":"","width":0,"height":0},"classes":[]}],"_links":{"self":[{"href":"https:\/\/www.windenergie-politik-gesellschaft.de\/index.php?rest_route=\/wp\/v2\/posts\/592","targetHints":{"allow":["GET"]}}],"collection":[{"href":"https:\/\/www.windenergie-politik-gesellschaft.de\/index.php?rest_route=\/wp\/v2\/posts"}],"about":[{"href":"https:\/\/www.windenergie-politik-gesellschaft.de\/index.php?rest_route=\/wp\/v2\/types\/post"}],"author":[{"embeddable":true,"href":"https:\/\/www.windenergie-politik-gesellschaft.de\/index.php?rest_route=\/wp\/v2\/users\/2"}],"replies":[{"embeddable":true,"href":"https:\/\/www.windenergie-politik-gesellschaft.de\/index.php?rest_route=%2Fwp%2Fv2%2Fcomments&post=592"}],"version-history":[{"count":1,"href":"https:\/\/www.windenergie-politik-gesellschaft.de\/index.php?rest_route=\/wp\/v2\/posts\/592\/revisions"}],"predecessor-version":[{"id":593,"href":"https:\/\/www.windenergie-politik-gesellschaft.de\/index.php?rest_route=\/wp\/v2\/posts\/592\/revisions\/593"}],"wp:attachment":[{"href":"https:\/\/www.windenergie-politik-gesellschaft.de\/index.php?rest_route=%2Fwp%2Fv2%2Fmedia&parent=592"}],"wp:term":[{"taxonomy":"category","embeddable":true,"href":"https:\/\/www.windenergie-politik-gesellschaft.de\/index.php?rest_route=%2Fwp%2Fv2%2Fcategories&post=592"},{"taxonomy":"post_tag","embeddable":true,"href":"https:\/\/www.windenergie-politik-gesellschaft.de\/index.php?rest_route=%2Fwp%2Fv2%2Ftags&post=592"}],"curies":[{"name":"wp","href":"https:\/\/api.w.org\/{rel}","templated":true}]}}