{"id":594,"date":"2016-07-13T08:15:43","date_gmt":"2016-07-13T06:15:43","guid":{"rendered":"http:\/\/www.windenergie-politik-gesellschaft.de\/?p=594"},"modified":"2016-07-13T08:15:43","modified_gmt":"2016-07-13T06:15:43","slug":"am-31-dezember-2020-endet-fuer-ca-6000-altanlagen-mit-einer-gesamtleistung-von-etwa-5000-megawatt-der-gesetzliche-verguetungszeitraum","status":"publish","type":"post","link":"https:\/\/www.windenergie-politik-gesellschaft.de\/?p=594","title":{"rendered":"Am 31. Dezember 2020 endet f\u00fcr ca. 6000 Altanlagen mit einer Gesamtleistung von etwa 5000 Megawatt der gesetzliche Verg\u00fctungszeitraum&#8230;"},"content":{"rendered":"<p>Ein Artikel, der die Problematik beleuchtet und auch L\u00f6sungsans\u00e4tze diskutiert: Sektorenkopplung, Serviceoptimierung, Gr\u00fcnstromvermarktung.<\/p>\n<blockquote><p>Wenn ab dem Jahr 2020 Tausende Turbinen aus der EEG-F\u00f6rderung fallen, m\u00fcssen Betreiber die Windenergie an der Stromb\u00f6rse vermarkten. Die Erl\u00f6se d\u00fcrften f\u00fcr den Weiterbetrieb der Anlagen dann allerdings kaum noch ausreichen, da keine angemessene Wartung und Instandhaltung mehr m\u00f6glich sein wird.<\/p><\/blockquote>\n","protected":false},"excerpt":{"rendered":"<p>Ein Artikel, der die Problematik beleuchtet und auch L\u00f6sungsans\u00e4tze diskutiert: Sektorenkopplung, Serviceoptimierung, Gr\u00fcnstromvermarktung. Wenn ab dem Jahr 2020 Tausende Turbinen aus der EEG-F\u00f6rderung fallen, m\u00fcssen Betreiber die Windenergie an der Stromb\u00f6rse vermarkten. Die Erl\u00f6se d\u00fcrften f\u00fcr den Weiterbetrieb der Anlagen dann allerdings kaum noch ausreichen, da keine angemessene Wartung und Instandhaltung mehr m\u00f6glich sein wird.<\/p>\n","protected":false},"author":2,"featured_media":0,"comment_status":"open","ping_status":"open","sticky":false,"template":"","format":"standard","meta":{"jetpack_post_was_ever_published":false,"_jetpack_newsletter_access":"","_jetpack_dont_email_post_to_subs":false,"_jetpack_newsletter_tier_id":0,"_jetpack_memberships_contains_paywalled_content":false,"_jetpack_memberships_contains_paid_content":false,"footnotes":"","jetpack_publicize_message":"","jetpack_publicize_feature_enabled":true,"jetpack_social_post_already_shared":true,"jetpack_social_options":{"image_generator_settings":{"template":"highway","default_image_id":0,"font":"","enabled":false},"version":2}},"categories":[22,3,10,1],"tags":[117,118,91],"class_list":["post-594","post","type-post","status-publish","format-standard","hentry","category-marktdaten","category-presse","category-strom-speicher","category-windenergie-allgemein","tag-altanlagen","tag-gruenstrom","tag-sektorkopplung"],"jetpack_publicize_connections":[],"jetpack_featured_media_url":"","jetpack_sharing_enabled":true,"jetpack_shortlink":"https:\/\/wp.me\/p6ODB3-9A","jetpack-related-posts":[{"id":799,"url":"https:\/\/www.windenergie-politik-gesellschaft.de\/?p=799","url_meta":{"origin":594,"position":0},"title":"Eine Lanze brechen f\u00fcr die Akzeptanz der Windenergie in der Bev\u00f6lkerung","author":"Joern Woehlk","date":"27. Juni 2017","format":false,"excerpt":"Je n\u00e4her wir in Deutschland dem \"S\u00e4ttigungsgrad\" kommen - 2% der Landesfl\u00e4che soll f\u00fcr Windenergie nutzbar gemacht werden - desto mehr Gegner finden sich und umso mehr h\u00f6rt man auch den Standardspruch, der landauf landab immer wieder zu h\u00f6ren ist: \"Wir sind nicht gegen Windenergie, aber nicht vor unserer Haust\u00fcr!\"\u2026","rel":"","context":"In &quot;Windenergie allgemein&quot;","block_context":{"text":"Windenergie allgemein","link":"https:\/\/www.windenergie-politik-gesellschaft.de\/?cat=1"},"img":{"alt_text":"","src":"","width":0,"height":0},"classes":[]},{"id":814,"url":"https:\/\/www.windenergie-politik-gesellschaft.de\/?p=814","url_meta":{"origin":594,"position":1},"title":"SMARD","author":"Joern Woehlk","date":"10. Juli 2017","format":false,"excerpt":"SMARD, die neue Strommarkt-Plattform, ist online SMARD, die Informationsplattform der Bundesnetzagentur zum Strommarkt, ist online. Sie bietet aktuelle und f\u00fcr jeden verst\u00e4ndliche Strommarktdaten. Der Staatssekret\u00e4r im Bundesministerium f\u00fcr Wirtschaft und Energie, Rainer Baake, dazu: \"\"Die Daten sind anwenderfreundlich aufbereitet, so dass auch Laien damit zurechtkommen. F\u00fcr Experten gibt es umfangreiche\u2026","rel":"","context":"In &quot;Marktdaten&quot;","block_context":{"text":"Marktdaten","link":"https:\/\/www.windenergie-politik-gesellschaft.de\/?cat=22"},"img":{"alt_text":"","src":"","width":0,"height":0},"classes":[]},{"id":378,"url":"https:\/\/www.windenergie-politik-gesellschaft.de\/?p=378","url_meta":{"origin":594,"position":2},"title":"Zweifel an Gef\u00e4hrdung des Rotmilans &#8211; Neue Energie","author":"Joern Woehlk","date":"5. Mai 2016","format":false,"excerpt":"Die neue Studie aus der Schweiz gibt Entwarnung f\u00fcr den als \u201ewindkraftsensibel\u201c eingestuften Raubvogel Rotmilan: Der Bestand sei nicht durch die Windkraft bedroht. Natursch\u00fctzer widersprechen vehement. Der Leser m\u00f6ge sich selbst eine Meinung machen, wie die Fakten liegen. Seeadler, Kranich und Rotmilan leben schon lange in unmittelbarer N\u00e4he von Windparks\u2026","rel":"","context":"In &quot;Mediation&quot;","block_context":{"text":"Mediation","link":"https:\/\/www.windenergie-politik-gesellschaft.de\/?cat=19"},"img":{"alt_text":"","src":"","width":0,"height":0},"classes":[]},{"id":1255,"url":"https:\/\/www.windenergie-politik-gesellschaft.de\/?p=1255","url_meta":{"origin":594,"position":3},"title":"Koalitionsvertrag f\u00fcr Baden-W\u00fcrttemberg &#8211; was soll f\u00fcr die Windkraft getan werden?","author":"Joern Woehlk","date":"11. Mai 2021","format":false,"excerpt":"Ein kurzer Blick in den Koalitionsvertrag zum Thema Windenergie: Auf Seite 25 findet sich einiges zum neuen Klimaschutzgesetz. Es soll eine rechtliche Verankerung und Regionalisierung eines 2 % Fl\u00e4chenziels sicherstellen. Immerhin wird klargestellt, dass sich bestimmt Regionen hier nicht mehr so einfach herausreden k\u00f6nnen, Stichwort NIMBY Politik. Windkraftstandort im Staatswald\u2026","rel":"","context":"In &quot;Natur- und Artenschutz&quot;","block_context":{"text":"Natur- und Artenschutz","link":"https:\/\/www.windenergie-politik-gesellschaft.de\/?cat=65"},"img":{"alt_text":"","src":"","width":0,"height":0},"classes":[]},{"id":1404,"url":"https:\/\/www.windenergie-politik-gesellschaft.de\/?p=1404","url_meta":{"origin":594,"position":4},"title":"Schleswig-Holstein: Bundesweit erster Pr\u00fcfrahmen f\u00fcr Antikollisionssysteme an Windkraftanlagen vorgestellt","author":"Joern Woehlk","date":"12. September 2024","format":false,"excerpt":"Das schleswig-holsteinische Ministerium f\u00fcr Energiewende, Klimaschutz, Umwelt und Natur hat am 8. August 2024 einen Einf\u00fchrungserlass f\u00fcr den \"Fachkonventionsvorschlag \u201ePr\u00fcfrahmen f\u00fcr Antikollisionssysteme\u201c (Pr\u00fcfrahmen AKS) - Vollzugshilfe f\u00fcr die Bewertung als fachlich anerkannte Schutzma\u00dfnahme\" ver\u00f6ffentlicht. Der Pr\u00fcfrahmen AKS wurde in einem Forschungsprojekt von einem interdisziplin\u00e4ren Arbeitskreis unter der Leitung des Landesamtes\u2026","rel":"","context":"In &quot;Natur- und Artenschutz&quot;","block_context":{"text":"Natur- und Artenschutz","link":"https:\/\/www.windenergie-politik-gesellschaft.de\/?cat=65"},"img":{"alt_text":"","src":"","width":0,"height":0},"classes":[]},{"id":1117,"url":"https:\/\/www.windenergie-politik-gesellschaft.de\/?p=1117","url_meta":{"origin":594,"position":5},"title":"44 Klagen wegen Fehlplanungen bei Windenergie in zehn Jahren","author":"Joern Woehlk","date":"18. August 2019","format":false,"excerpt":"Nicht die Naturschutzverb\u00e4nde sind der Grund f\u00fcr schleppende Genehmigungen. Die Verb\u00e4nde bilden ein wichtiges Gegengewicht, das ist gut so f\u00fcr unsere Gesellschaft. Die nicht funktionierende Raumordnung mit der Reginalplanung ist das eigentliche Problem. Regionalpl\u00e4ne werden so gut wie immer gerichtlich gekippt, kein RP hat Bestand, selbst die in aufstellung befindlichen\u2026","rel":"","context":"In &quot;Mediation&quot;","block_context":{"text":"Mediation","link":"https:\/\/www.windenergie-politik-gesellschaft.de\/?cat=19"},"img":{"alt_text":"","src":"","width":0,"height":0},"classes":[]}],"_links":{"self":[{"href":"https:\/\/www.windenergie-politik-gesellschaft.de\/index.php?rest_route=\/wp\/v2\/posts\/594","targetHints":{"allow":["GET"]}}],"collection":[{"href":"https:\/\/www.windenergie-politik-gesellschaft.de\/index.php?rest_route=\/wp\/v2\/posts"}],"about":[{"href":"https:\/\/www.windenergie-politik-gesellschaft.de\/index.php?rest_route=\/wp\/v2\/types\/post"}],"author":[{"embeddable":true,"href":"https:\/\/www.windenergie-politik-gesellschaft.de\/index.php?rest_route=\/wp\/v2\/users\/2"}],"replies":[{"embeddable":true,"href":"https:\/\/www.windenergie-politik-gesellschaft.de\/index.php?rest_route=%2Fwp%2Fv2%2Fcomments&post=594"}],"version-history":[{"count":1,"href":"https:\/\/www.windenergie-politik-gesellschaft.de\/index.php?rest_route=\/wp\/v2\/posts\/594\/revisions"}],"predecessor-version":[{"id":595,"href":"https:\/\/www.windenergie-politik-gesellschaft.de\/index.php?rest_route=\/wp\/v2\/posts\/594\/revisions\/595"}],"wp:attachment":[{"href":"https:\/\/www.windenergie-politik-gesellschaft.de\/index.php?rest_route=%2Fwp%2Fv2%2Fmedia&parent=594"}],"wp:term":[{"taxonomy":"category","embeddable":true,"href":"https:\/\/www.windenergie-politik-gesellschaft.de\/index.php?rest_route=%2Fwp%2Fv2%2Fcategories&post=594"},{"taxonomy":"post_tag","embeddable":true,"href":"https:\/\/www.windenergie-politik-gesellschaft.de\/index.php?rest_route=%2Fwp%2Fv2%2Ftags&post=594"}],"curies":[{"name":"wp","href":"https:\/\/api.w.org\/{rel}","templated":true}]}}