{"id":602,"date":"2016-07-20T09:16:00","date_gmt":"2016-07-20T07:16:00","guid":{"rendered":"http:\/\/www.windenergie-politik-gesellschaft.de\/?p=602"},"modified":"2016-07-20T09:16:00","modified_gmt":"2016-07-20T07:16:00","slug":"wie-ein-start-up-das-energiespeichern-revolutionieren-will-impulse","status":"publish","type":"post","link":"https:\/\/www.windenergie-politik-gesellschaft.de\/?p=602","title":{"rendered":"Wie ein Start-up das Energiespeichern revolutionieren will \u2013 impulse"},"content":{"rendered":"<p>&#8220;Energiespeicher sind ein Schl\u00fcsselthema f\u00fcr die Energiewende. Die vorhandenen Technologien sind teils teuer, teils nicht marktreif. Ein norwegisches Start-up kommt jetzt mit einer v\u00f6llig neuen Idee.&#8221;<\/p>\n<p>Quelle: <em><a href=\"http:\/\/www.impulse.de\/gruendung\/geschaeftsideen\/neuer-energiespeicher\/3019336.html\">Wie ein Start-up das Energiespeichern revolutionieren will \u2013 impulse<\/a><\/em><\/p>\n","protected":false},"excerpt":{"rendered":"<p>&#8220;Energiespeicher sind ein Schl\u00fcsselthema f\u00fcr die Energiewende. Die vorhandenen Technologien sind teils teuer, teils nicht marktreif. Ein norwegisches Start-up kommt jetzt mit einer v\u00f6llig neuen Idee.&#8221; Quelle: Wie ein Start-up das Energiespeichern revolutionieren will \u2013 impulse<\/p>\n","protected":false},"author":2,"featured_media":0,"comment_status":"open","ping_status":"open","sticky":false,"template":"","format":"standard","meta":{"jetpack_post_was_ever_published":false,"_jetpack_newsletter_access":"","_jetpack_dont_email_post_to_subs":false,"_jetpack_newsletter_tier_id":0,"_jetpack_memberships_contains_paywalled_content":false,"_jetpack_memberships_contains_paid_content":false,"footnotes":"","jetpack_publicize_message":"","jetpack_publicize_feature_enabled":true,"jetpack_social_post_already_shared":true,"jetpack_social_options":{"image_generator_settings":{"template":"highway","default_image_id":0,"font":"","enabled":false},"version":2}},"categories":[1],"tags":[119],"class_list":["post-602","post","type-post","status-publish","format-standard","hentry","category-windenergie-allgemein","tag-speicher"],"jetpack_publicize_connections":[],"jetpack_featured_media_url":"","jetpack_sharing_enabled":true,"jetpack_shortlink":"https:\/\/wp.me\/p6ODB3-9I","jetpack-related-posts":[{"id":799,"url":"https:\/\/www.windenergie-politik-gesellschaft.de\/?p=799","url_meta":{"origin":602,"position":0},"title":"Eine Lanze brechen f\u00fcr die Akzeptanz der Windenergie in der Bev\u00f6lkerung","author":"Joern Woehlk","date":"27. Juni 2017","format":false,"excerpt":"Je n\u00e4her wir in Deutschland dem \"S\u00e4ttigungsgrad\" kommen - 2% der Landesfl\u00e4che soll f\u00fcr Windenergie nutzbar gemacht werden - desto mehr Gegner finden sich und umso mehr h\u00f6rt man auch den Standardspruch, der landauf landab immer wieder zu h\u00f6ren ist: \"Wir sind nicht gegen Windenergie, aber nicht vor unserer Haust\u00fcr!\"\u2026","rel":"","context":"In &quot;Windenergie allgemein&quot;","block_context":{"text":"Windenergie allgemein","link":"https:\/\/www.windenergie-politik-gesellschaft.de\/?cat=1"},"img":{"alt_text":"","src":"","width":0,"height":0},"classes":[]},{"id":1112,"url":"https:\/\/www.windenergie-politik-gesellschaft.de\/?p=1112","url_meta":{"origin":602,"position":1},"title":"Fake News Windkraftgegner &#8211; Darf ich ein Windrad in den Wald stellen?","author":"Joern Woehlk","date":"16. August 2019","format":false,"excerpt":"Fake News der Winkraftgegner? Hier kann sich jeder selbst ein Bild machen. Weiter unten im Beitrag findet sich ein kurzes Gespr\u00e4ch der Gegner und Bef\u00fcrworter. Die Argumente der Gegener sind wie so oft nicht plausibel und zeigen die typische Nimby (not in my backyard) Verweigerungshaltung. Die CO2 Einsparungen sind deutlich\u2026","rel":"","context":"In &quot;Gegenwind&quot;","block_context":{"text":"Gegenwind","link":"https:\/\/www.windenergie-politik-gesellschaft.de\/?cat=161"},"img":{"alt_text":"","src":"","width":0,"height":0},"classes":[]},{"id":621,"url":"https:\/\/www.windenergie-politik-gesellschaft.de\/?p=621","url_meta":{"origin":602,"position":2},"title":"Propaganda f\u00fcr die Braunkohle &#8211; Zwei Systeme f\u00fcr eine Aufgabe: Versorgungssicherheit im Stromsektor","author":"Joern Woehlk","date":"4. September 2016","format":false,"excerpt":"Sonntag ist mal wieder Zeit, um der Propaganda der Kohlelobby zu lauschen. Und schnell wurde ich f\u00fcndig, diesmal mit einem Artikel der m\u00e4chtig ideologisch \"Pro-Braunkohle\" eingef\u00e4rbt ist, was nicht verwunderlich ist, da er von einem f\u00fchrenden Vertreter der Braunkohleindustrie geschrieben wurde. Geschickt suggeriert Herr Milojcic zun\u00e4chst, einen gut reflektierten und\u2026","rel":"","context":"In &quot;Strom - Netze&quot;","block_context":{"text":"Strom - Netze","link":"https:\/\/www.windenergie-politik-gesellschaft.de\/?cat=11"},"img":{"alt_text":"","src":"","width":0,"height":0},"classes":[]},{"id":1117,"url":"https:\/\/www.windenergie-politik-gesellschaft.de\/?p=1117","url_meta":{"origin":602,"position":3},"title":"44 Klagen wegen Fehlplanungen bei Windenergie in zehn Jahren","author":"Joern Woehlk","date":"18. August 2019","format":false,"excerpt":"Nicht die Naturschutzverb\u00e4nde sind der Grund f\u00fcr schleppende Genehmigungen. Die Verb\u00e4nde bilden ein wichtiges Gegengewicht, das ist gut so f\u00fcr unsere Gesellschaft. Die nicht funktionierende Raumordnung mit der Reginalplanung ist das eigentliche Problem. Regionalpl\u00e4ne werden so gut wie immer gerichtlich gekippt, kein RP hat Bestand, selbst die in aufstellung befindlichen\u2026","rel":"","context":"In &quot;Mediation&quot;","block_context":{"text":"Mediation","link":"https:\/\/www.windenergie-politik-gesellschaft.de\/?cat=19"},"img":{"alt_text":"","src":"","width":0,"height":0},"classes":[]},{"id":999,"url":"https:\/\/www.windenergie-politik-gesellschaft.de\/?p=999","url_meta":{"origin":602,"position":4},"title":"EWE will die gr\u00f6\u00dfte Batterie der Welt bauen","author":"Joern Woehlk","date":"1. November 2018","format":false,"excerpt":"\"Der Oldenburger Energieversorger EWE will die gr\u00f6\u00dfte Batterie der Welt bauen. Und zwar in einer unterirdischen Kaverne in Jemgum im Landkreis Leer. Die dortigen Hohlr\u00e4ume sind durch den Abbau von Salz entstanden und rund 100 Meter hoch. Doch nicht nur rein r\u00e4umlich ist die Dimension riesig, auch f\u00fcr die Energiewende\u2026","rel":"","context":"In &quot;Presse&quot;","block_context":{"text":"Presse","link":"https:\/\/www.windenergie-politik-gesellschaft.de\/?cat=3"},"img":{"alt_text":"","src":"","width":0,"height":0},"classes":[]},{"id":1255,"url":"https:\/\/www.windenergie-politik-gesellschaft.de\/?p=1255","url_meta":{"origin":602,"position":5},"title":"Koalitionsvertrag f\u00fcr Baden-W\u00fcrttemberg &#8211; was soll f\u00fcr die Windkraft getan werden?","author":"Joern Woehlk","date":"11. Mai 2021","format":false,"excerpt":"Ein kurzer Blick in den Koalitionsvertrag zum Thema Windenergie: Auf Seite 25 findet sich einiges zum neuen Klimaschutzgesetz. Es soll eine rechtliche Verankerung und Regionalisierung eines 2 % Fl\u00e4chenziels sicherstellen. Immerhin wird klargestellt, dass sich bestimmt Regionen hier nicht mehr so einfach herausreden k\u00f6nnen, Stichwort NIMBY Politik. Windkraftstandort im Staatswald\u2026","rel":"","context":"In &quot;Natur- und Artenschutz&quot;","block_context":{"text":"Natur- und Artenschutz","link":"https:\/\/www.windenergie-politik-gesellschaft.de\/?cat=65"},"img":{"alt_text":"","src":"","width":0,"height":0},"classes":[]}],"_links":{"self":[{"href":"https:\/\/www.windenergie-politik-gesellschaft.de\/index.php?rest_route=\/wp\/v2\/posts\/602","targetHints":{"allow":["GET"]}}],"collection":[{"href":"https:\/\/www.windenergie-politik-gesellschaft.de\/index.php?rest_route=\/wp\/v2\/posts"}],"about":[{"href":"https:\/\/www.windenergie-politik-gesellschaft.de\/index.php?rest_route=\/wp\/v2\/types\/post"}],"author":[{"embeddable":true,"href":"https:\/\/www.windenergie-politik-gesellschaft.de\/index.php?rest_route=\/wp\/v2\/users\/2"}],"replies":[{"embeddable":true,"href":"https:\/\/www.windenergie-politik-gesellschaft.de\/index.php?rest_route=%2Fwp%2Fv2%2Fcomments&post=602"}],"version-history":[{"count":1,"href":"https:\/\/www.windenergie-politik-gesellschaft.de\/index.php?rest_route=\/wp\/v2\/posts\/602\/revisions"}],"predecessor-version":[{"id":603,"href":"https:\/\/www.windenergie-politik-gesellschaft.de\/index.php?rest_route=\/wp\/v2\/posts\/602\/revisions\/603"}],"wp:attachment":[{"href":"https:\/\/www.windenergie-politik-gesellschaft.de\/index.php?rest_route=%2Fwp%2Fv2%2Fmedia&parent=602"}],"wp:term":[{"taxonomy":"category","embeddable":true,"href":"https:\/\/www.windenergie-politik-gesellschaft.de\/index.php?rest_route=%2Fwp%2Fv2%2Fcategories&post=602"},{"taxonomy":"post_tag","embeddable":true,"href":"https:\/\/www.windenergie-politik-gesellschaft.de\/index.php?rest_route=%2Fwp%2Fv2%2Ftags&post=602"}],"curies":[{"name":"wp","href":"https:\/\/api.w.org\/{rel}","templated":true}]}}