{"id":605,"date":"2016-07-26T08:13:45","date_gmt":"2016-07-26T06:13:45","guid":{"rendered":"http:\/\/www.windenergie-politik-gesellschaft.de\/?p=605"},"modified":"2016-07-26T08:13:45","modified_gmt":"2016-07-26T06:13:45","slug":"szenariorahmen-fuer-die-netzentwicklungsplaene-strom-2017-2030-vom-30-06-2016","status":"publish","type":"post","link":"https:\/\/www.windenergie-politik-gesellschaft.de\/?p=605","title":{"rendered":"Szenariorahmen f\u00fcr die Netzentwicklungspl\u00e4ne Strom 2017-2030 vom 30.06.2016"},"content":{"rendered":"<p>Sehr interessante Studie mit aktuellen Umfrageergebnissen zur Entwikclung f\u00fcr  Wind-Onshore aus Sicht der Landesbeh\u00f6rden und der \u00dcbertragungsnetzbetreiber ab Seite 155.<\/p>\n<p>Quelle: <em><a href=\"http:\/\/data.netzausbau.de\/2030\/Szenariorahmen_2030_Genehmigung.pdf\">Szenariorahmen 2017-2030 &#8211; Szenariorahmen_2030_Genehmigung.pdf<\/a><\/em><\/p>\n","protected":false},"excerpt":{"rendered":"<p>Sehr interessante Studie mit aktuellen Umfrageergebnissen zur Entwikclung f\u00fcr Wind-Onshore aus Sicht der Landesbeh\u00f6rden und der \u00dcbertragungsnetzbetreiber ab Seite 155. Quelle: Szenariorahmen 2017-2030 &#8211; Szenariorahmen_2030_Genehmigung.pdf<\/p>\n","protected":false},"author":2,"featured_media":0,"comment_status":"open","ping_status":"open","sticky":false,"template":"","format":"standard","meta":{"jetpack_post_was_ever_published":false,"_jetpack_newsletter_access":"","_jetpack_dont_email_post_to_subs":false,"_jetpack_newsletter_tier_id":0,"_jetpack_memberships_contains_paywalled_content":false,"_jetpack_memberships_contains_paid_content":false,"footnotes":"","jetpack_publicize_message":"","jetpack_publicize_feature_enabled":true,"jetpack_social_post_already_shared":true,"jetpack_social_options":{"image_generator_settings":{"template":"highway","default_image_id":0,"font":"","enabled":false},"version":2}},"categories":[22,11,1],"tags":[120],"class_list":["post-605","post","type-post","status-publish","format-standard","hentry","category-marktdaten","category-strom-netze","category-windenergie-allgemein","tag-netzentwicklung"],"jetpack_publicize_connections":[],"jetpack_featured_media_url":"","jetpack_sharing_enabled":true,"jetpack_shortlink":"https:\/\/wp.me\/p6ODB3-9L","jetpack-related-posts":[{"id":1020,"url":"https:\/\/www.windenergie-politik-gesellschaft.de\/?p=1020","url_meta":{"origin":605,"position":0},"title":"Netzausbau &#8211; Szenariorahmen 2019-2030","author":"Joern Woehlk","date":"6. Februar 2019","format":false,"excerpt":"\"Der Szenariorahmen 2019-2030 beschreibt die wahr\u00adscheinliche Entwicklung der Strom\u00aderzeugungs\u00adkapazit\u00e4ten und des Stromverbrauchs in den Zieljahren 2030 und 2035. Erstmalig wird zudem ein Zwischen\u00adszenario (f\u00fcr das Zieljahr 2025) betrachtet.\" Quelle: Netzausbau - Szenariorahmen 2019-2030","rel":"","context":"In &quot;Strom - Netze&quot;","block_context":{"text":"Strom - Netze","link":"https:\/\/www.windenergie-politik-gesellschaft.de\/?cat=11"},"img":{"alt_text":"","src":"","width":0,"height":0},"classes":[]},{"id":1018,"url":"https:\/\/www.windenergie-politik-gesellschaft.de\/?p=1018","url_meta":{"origin":605,"position":1},"title":"Umlageprivileg f\u00fcr Stromspeicher &#8211; Tool zur Berechnung der reduzierten EEG-Umlage nach \u00a7 61k EEG 2017","author":"Joern Woehlk","date":"4. Februar 2019","format":false,"excerpt":"Zur Ermittlung und als Nachweis der Verringerung der EEG-Umlage f\u00fcr Strom, welcher in einem Stromspeicher nach den Vorgaben des \u00a7 61k Abs. 1 EEG 2017 verbraucht wird, stellen die \u00dcbertragungsnetzbetreiber nachfolgend ein Berechnungstool zum Download zur Verf\u00fcgung. Quelle: Netztransparenz > EEG > Umlageprivileg f\u00fcr Stromspeicher","rel":"","context":"In &quot;Marktdaten&quot;","block_context":{"text":"Marktdaten","link":"https:\/\/www.windenergie-politik-gesellschaft.de\/?cat=22"},"img":{"alt_text":"","src":"","width":0,"height":0},"classes":[]},{"id":566,"url":"https:\/\/www.windenergie-politik-gesellschaft.de\/?p=566","url_meta":{"origin":605,"position":2},"title":"Deutschland braucht 100 Prozent erneuerbare Energien bis 2040, den Kohleausstieg bis 2030 und raschen Ausbau von Langzeitspeichern &#8211; Greenpeace Energy eG","author":"Joern Woehlk","date":"22. Juni 2016","format":false,"excerpt":"\u201eWir m\u00fcssen die Wind- und Solarenergie drei bis sechs Mal schneller ausbauen als von der Bundesregierung geplant\u201c Quelle: Deutschland braucht 100 Prozent erneuerbare Energien bis 2040, den Kohleausstieg bis 2030 und raschen Ausbau von Langzeitspeichern - Greenpeace Energy eG","rel":"","context":"In &quot;Presse&quot;","block_context":{"text":"Presse","link":"https:\/\/www.windenergie-politik-gesellschaft.de\/?cat=3"},"img":{"alt_text":"","src":"","width":0,"height":0},"classes":[]},{"id":1437,"url":"https:\/\/www.windenergie-politik-gesellschaft.de\/?p=1437","url_meta":{"origin":605,"position":3},"title":"Energiespeicher der Zukunft (YouTube) von Maximilian Fichtner","author":"Joern Woehlk","date":"1. M\u00e4rz 2025","format":false,"excerpt":"Sehr guter Vortrag! Atomkraftwerke sind viel zu teuer, sie haben keine Chance. Die Franzosen werden einen Teil des Stroms der Engl\u00e4nder f\u00fcr viele Jahre bezahlen m\u00fcssen (hinkley point) E-Fuels werden nicht finanziert, keiner will hier sein Geld verbrennen E-Autos werden schnell viel g\u00fcnstiger, weil Batterien unglaubliche Kostensenkungen erfahren LKWs, batteriebetrieben,\u2026","rel":"","context":"In &quot;Strom - Netze&quot;","block_context":{"text":"Strom - Netze","link":"https:\/\/www.windenergie-politik-gesellschaft.de\/?cat=11"},"img":{"alt_text":"","src":"","width":0,"height":0},"classes":[]},{"id":787,"url":"https:\/\/www.windenergie-politik-gesellschaft.de\/?p=787","url_meta":{"origin":605,"position":4},"title":"Energiewende 2030: Verdopplung der \u00d6kostromproduktion","author":"Joern Woehlk","date":"14. Juni 2017","format":false,"excerpt":"Die \u00d6kostromproduktion in Deutschland muss sich in den kommenden zw\u00f6lf Jahren verdoppeln, um die Vorgaben des Pariser Weltklimaabkommens einzuhalten. Gleichzeitig muss der Energieverbrauch erheblich gesenkt werden. Bis Ende des kommenden Jahrzehnts sei eine \u201eumfassende Transformation der Energiesektoren Strom, W\u00e4rme, Verkehr\u201c n\u00f6tig, sagte Agora-Chef Patrick Graichen. \u201eDas Jahr 2030 ist eine\u2026","rel":"","context":"In &quot;Marktdaten&quot;","block_context":{"text":"Marktdaten","link":"https:\/\/www.windenergie-politik-gesellschaft.de\/?cat=22"},"img":{"alt_text":"","src":"","width":0,"height":0},"classes":[]},{"id":999,"url":"https:\/\/www.windenergie-politik-gesellschaft.de\/?p=999","url_meta":{"origin":605,"position":5},"title":"EWE will die gr\u00f6\u00dfte Batterie der Welt bauen","author":"Joern Woehlk","date":"1. November 2018","format":false,"excerpt":"\"Der Oldenburger Energieversorger EWE will die gr\u00f6\u00dfte Batterie der Welt bauen. Und zwar in einer unterirdischen Kaverne in Jemgum im Landkreis Leer. Die dortigen Hohlr\u00e4ume sind durch den Abbau von Salz entstanden und rund 100 Meter hoch. Doch nicht nur rein r\u00e4umlich ist die Dimension riesig, auch f\u00fcr die Energiewende\u2026","rel":"","context":"In &quot;Presse&quot;","block_context":{"text":"Presse","link":"https:\/\/www.windenergie-politik-gesellschaft.de\/?cat=3"},"img":{"alt_text":"","src":"","width":0,"height":0},"classes":[]}],"_links":{"self":[{"href":"https:\/\/www.windenergie-politik-gesellschaft.de\/index.php?rest_route=\/wp\/v2\/posts\/605","targetHints":{"allow":["GET"]}}],"collection":[{"href":"https:\/\/www.windenergie-politik-gesellschaft.de\/index.php?rest_route=\/wp\/v2\/posts"}],"about":[{"href":"https:\/\/www.windenergie-politik-gesellschaft.de\/index.php?rest_route=\/wp\/v2\/types\/post"}],"author":[{"embeddable":true,"href":"https:\/\/www.windenergie-politik-gesellschaft.de\/index.php?rest_route=\/wp\/v2\/users\/2"}],"replies":[{"embeddable":true,"href":"https:\/\/www.windenergie-politik-gesellschaft.de\/index.php?rest_route=%2Fwp%2Fv2%2Fcomments&post=605"}],"version-history":[{"count":1,"href":"https:\/\/www.windenergie-politik-gesellschaft.de\/index.php?rest_route=\/wp\/v2\/posts\/605\/revisions"}],"predecessor-version":[{"id":606,"href":"https:\/\/www.windenergie-politik-gesellschaft.de\/index.php?rest_route=\/wp\/v2\/posts\/605\/revisions\/606"}],"wp:attachment":[{"href":"https:\/\/www.windenergie-politik-gesellschaft.de\/index.php?rest_route=%2Fwp%2Fv2%2Fmedia&parent=605"}],"wp:term":[{"taxonomy":"category","embeddable":true,"href":"https:\/\/www.windenergie-politik-gesellschaft.de\/index.php?rest_route=%2Fwp%2Fv2%2Fcategories&post=605"},{"taxonomy":"post_tag","embeddable":true,"href":"https:\/\/www.windenergie-politik-gesellschaft.de\/index.php?rest_route=%2Fwp%2Fv2%2Ftags&post=605"}],"curies":[{"name":"wp","href":"https:\/\/api.w.org\/{rel}","templated":true}]}}