{"id":607,"date":"2016-07-26T08:26:42","date_gmt":"2016-07-26T06:26:42","guid":{"rendered":"http:\/\/www.windenergie-politik-gesellschaft.de\/?p=607"},"modified":"2016-07-26T08:26:42","modified_gmt":"2016-07-26T06:26:42","slug":"ausfuehrliche-strompreisanalyse-des-bdew","status":"publish","type":"post","link":"https:\/\/www.windenergie-politik-gesellschaft.de\/?p=607","title":{"rendered":"Ausf\u00fchrliche Strompreisanalyse des BDEW"},"content":{"rendered":"<p>&#8220;Wer wissen m\u00f6chte, aus welchen Komponenten sich der aktuelle Strompreis in Deutschland zusammensetzt, ist mit dierser Studie gut bedient.&#8221;<\/p>\n<p>Quelle: <em><a href=\"https:\/\/www.bdew.de\/internet.nsf\/res\/886756C1635C3399C1257FC500326489\/$file\/160524_BDEW_Strompreisanalyse_Mai2016.pdf\">160524_BDEW_Strompreisanalyse_Mai2016.pdf<\/a><\/em><\/p>\n","protected":false},"excerpt":{"rendered":"<p>&#8220;Wer wissen m\u00f6chte, aus welchen Komponenten sich der aktuelle Strompreis in Deutschland zusammensetzt, ist mit dierser Studie gut bedient.&#8221; Quelle: 160524_BDEW_Strompreisanalyse_Mai2016.pdf<\/p>\n","protected":false},"author":2,"featured_media":0,"comment_status":"open","ping_status":"open","sticky":false,"template":"","format":"standard","meta":{"jetpack_post_was_ever_published":false,"_jetpack_newsletter_access":"","_jetpack_dont_email_post_to_subs":false,"_jetpack_newsletter_tier_id":0,"_jetpack_memberships_contains_paywalled_content":false,"_jetpack_memberships_contains_paid_content":false,"footnotes":"","jetpack_publicize_message":"","jetpack_publicize_feature_enabled":true,"jetpack_social_post_already_shared":true,"jetpack_social_options":{"image_generator_settings":{"template":"highway","default_image_id":0,"font":"","enabled":false},"version":2}},"categories":[22,3,1],"tags":[36],"class_list":["post-607","post","type-post","status-publish","format-standard","hentry","category-marktdaten","category-presse","category-windenergie-allgemein","tag-strompreis"],"jetpack_publicize_connections":[],"jetpack_featured_media_url":"","jetpack_sharing_enabled":true,"jetpack_shortlink":"https:\/\/wp.me\/p6ODB3-9N","jetpack-related-posts":[{"id":720,"url":"https:\/\/www.windenergie-politik-gesellschaft.de\/?p=720","url_meta":{"origin":607,"position":0},"title":"Steuern und Abgaben beim Strompreis erreichen 2017 Rekordhoch","author":"Joern Woehlk","date":"19. Dezember 2016","format":false,"excerpt":"Quelle: Steuern und Abgaben beim Strompreis erreichen 2017 Rekordhoch | BDEW | Bundesverband der Energie- und Wasserwirtschaft","rel":"","context":"In &quot;Presse&quot;","block_context":{"text":"Presse","link":"https:\/\/www.windenergie-politik-gesellschaft.de\/?cat=3"},"img":{"alt_text":"","src":"","width":0,"height":0},"classes":[]},{"id":1414,"url":"https:\/\/www.windenergie-politik-gesellschaft.de\/?p=1414","url_meta":{"origin":607,"position":1},"title":"Strompreis Entwicklung in Deutschland f\u00fcr Haushalte und Industrie | BDEW","author":"Joern Woehlk","date":"27. Dezember 2024","format":false,"excerpt":"Quelle: Strompreis Entwicklung in Deutschland f\u00fcr Haushalte und Industrie | BDEW Die Strompreise sind lange nicht mehr so hoch, wie uns einige politische Vertreter in Deutschland wei\u00df machen wollen.","rel":"","context":"In &quot;Strom - Netze&quot;","block_context":{"text":"Strom - Netze","link":"https:\/\/www.windenergie-politik-gesellschaft.de\/?cat=11"},"img":{"alt_text":"","src":"","width":0,"height":0},"classes":[]},{"id":300,"url":"https:\/\/www.windenergie-politik-gesellschaft.de\/?p=300","url_meta":{"origin":607,"position":2},"title":"Kostenstudie 2015 bis 2017 &#8211; Windenergie an Land","author":"Joern Woehlk","date":"25. Dezember 2015","format":false,"excerpt":"In dieser detaillierten Studie werden die Stromgestehungskosten f\u00fcr Windenergieanlagen an Land transparent dargetsellt und analysiert. Insgesamt sinken die Kosten kontinuierlich in kleinen Schritten. Eine Sensitivit\u00e4tsanalyse f\u00fcr den Einfluss negativer Strompreise (\u00a724 EEG 2014) l\u00e4sst jedoch noch Raum f\u00fcr Interpretationen, da aktuell aktiv an Modellen gearbeitet wird, welche die Negativpreishase durchbrechen\u2026","rel":"","context":"In &quot;Windenergie allgemein&quot;","block_context":{"text":"Windenergie allgemein","link":"https:\/\/www.windenergie-politik-gesellschaft.de\/?cat=1"},"img":{"alt_text":"","src":"","width":0,"height":0},"classes":[]},{"id":210,"url":"https:\/\/www.windenergie-politik-gesellschaft.de\/?p=210","url_meta":{"origin":607,"position":3},"title":"EEG Umlage f\u00fcr 2016","author":"Joern Woehlk","date":"15. Oktober 2015","format":false,"excerpt":"Die Bundesnetzagentur gibt die H\u00f6he der Umlage f\u00fcr 2016 bekannt. Leider steigt sie an, obwohl das EEG Umlagenkonto gut gef\u00fcllt ist. Es w\u00e4re aber auch schwierig gewesen ein Ausschreibungsverfahren einzuf\u00fchren, wenn die EEG Umlage sinkt... Der einzige Vorteil ist, das Strom nun noch teurer oder wertvoller wird und somit hoffentlich\u2026","rel":"","context":"In &quot;Marktdaten&quot;","block_context":{"text":"Marktdaten","link":"https:\/\/www.windenergie-politik-gesellschaft.de\/?cat=22"},"img":{"alt_text":"","src":"","width":0,"height":0},"classes":[]},{"id":498,"url":"https:\/\/www.windenergie-politik-gesellschaft.de\/?p=498","url_meta":{"origin":607,"position":4},"title":"Sektorenkopplung und Negative Strompreise: Statkraft regelt Windstromproduktion herunter | EUWID Neue Energie","author":"Joern Woehlk","date":"19. Mai 2016","format":false,"excerpt":"\"..vor allem die Nutzung zuschaltbarer Lasten z\u00e4hle zu den Ma\u00dfnahmen, die gegen das identifizierte Marktversagen ergriffen werden m\u00fcssten\" Durch eine bedarfsgerechte Regelung von rund 3.000 MW Windstrom aus vermarkteten Windparks hat Statkraft die deutschen Stromkunden letzten Sonntag nach eigenen Angaben um mehr 5 Mio. \u20ac entlastet.Quelle: Negative Strompreise: Statkraft regelt\u2026","rel":"","context":"In &quot;Presse&quot;","block_context":{"text":"Presse","link":"https:\/\/www.windenergie-politik-gesellschaft.de\/?cat=3"},"img":{"alt_text":"","src":"","width":0,"height":0},"classes":[]},{"id":1131,"url":"https:\/\/www.windenergie-politik-gesellschaft.de\/?p=1131","url_meta":{"origin":607,"position":5},"title":"Strompreiszusammensetzung 2020","author":"Joern Woehlk","date":"11. November 2019","format":false,"excerpt":"Stromkunden m\u00fcssen sich neben h\u00f6heren Stromnetzgeb\u00fchren auch auf steigende Steuern und Abgaben einstellen. Auf Grundlage der bei den \u00dcbertragungsnetzbetreiber vorliegenden Prognosedaten zieht die Abgaben-Belastung im kommenden Jahr um 4,5% an. Die Umlage zur F\u00f6rderung von \u00d6kostrom [EEG Umlage] steigt 2020 um 5,5%. Nach Angaben der Betreiber der gro\u00dfen Stromnetze 50Hertz,\u2026","rel":"","context":"In &quot;Marktdaten&quot;","block_context":{"text":"Marktdaten","link":"https:\/\/www.windenergie-politik-gesellschaft.de\/?cat=22"},"img":{"alt_text":"","src":"","width":0,"height":0},"classes":[]}],"_links":{"self":[{"href":"https:\/\/www.windenergie-politik-gesellschaft.de\/index.php?rest_route=\/wp\/v2\/posts\/607","targetHints":{"allow":["GET"]}}],"collection":[{"href":"https:\/\/www.windenergie-politik-gesellschaft.de\/index.php?rest_route=\/wp\/v2\/posts"}],"about":[{"href":"https:\/\/www.windenergie-politik-gesellschaft.de\/index.php?rest_route=\/wp\/v2\/types\/post"}],"author":[{"embeddable":true,"href":"https:\/\/www.windenergie-politik-gesellschaft.de\/index.php?rest_route=\/wp\/v2\/users\/2"}],"replies":[{"embeddable":true,"href":"https:\/\/www.windenergie-politik-gesellschaft.de\/index.php?rest_route=%2Fwp%2Fv2%2Fcomments&post=607"}],"version-history":[{"count":1,"href":"https:\/\/www.windenergie-politik-gesellschaft.de\/index.php?rest_route=\/wp\/v2\/posts\/607\/revisions"}],"predecessor-version":[{"id":608,"href":"https:\/\/www.windenergie-politik-gesellschaft.de\/index.php?rest_route=\/wp\/v2\/posts\/607\/revisions\/608"}],"wp:attachment":[{"href":"https:\/\/www.windenergie-politik-gesellschaft.de\/index.php?rest_route=%2Fwp%2Fv2%2Fmedia&parent=607"}],"wp:term":[{"taxonomy":"category","embeddable":true,"href":"https:\/\/www.windenergie-politik-gesellschaft.de\/index.php?rest_route=%2Fwp%2Fv2%2Fcategories&post=607"},{"taxonomy":"post_tag","embeddable":true,"href":"https:\/\/www.windenergie-politik-gesellschaft.de\/index.php?rest_route=%2Fwp%2Fv2%2Ftags&post=607"}],"curies":[{"name":"wp","href":"https:\/\/api.w.org\/{rel}","templated":true}]}}