{"id":609,"date":"2016-08-02T11:48:47","date_gmt":"2016-08-02T09:48:47","guid":{"rendered":"http:\/\/www.windenergie-politik-gesellschaft.de\/?p=609"},"modified":"2016-08-02T11:48:47","modified_gmt":"2016-08-02T09:48:47","slug":"reihe-ausgebremst-die-zukunft-der-energiewende","status":"publish","type":"post","link":"https:\/\/www.windenergie-politik-gesellschaft.de\/?p=609","title":{"rendered":"Reihe &#8211; Ausgebremst? Die Zukunft der Energiewende"},"content":{"rendered":"<p>Der Deutschlandfunk mit einer interessanten Vortragsreihe zum Thema Energiewende.<\/p>\n<blockquote><p>Deutschland war Vorreiter, was die Einf\u00fchrung erneuerbarer Energiequellen angeht. Doch der \u00a0CO2-Aussto\u00df bleibt hoch und das weitere Wachstum der Stromerzeugung aus Sonne und Wind k\u00e4mpft mit vielen<\/p><\/blockquote>\n<p>Quelle: <em><a href=\"http:\/\/www.deutschlandfunk.de\/reihe-ausgebremst-die-zukunft-der-energiewende.697.de.html?dram:article_id=361422\">Reihe &#8211; Ausgebremst? Die Zukunft der Energiewende<\/a><\/em><\/p>\n","protected":false},"excerpt":{"rendered":"<p>Der Deutschlandfunk mit einer interessanten Vortragsreihe zum Thema Energiewende. Deutschland war Vorreiter, was die Einf\u00fchrung erneuerbarer Energiequellen angeht. Doch der \u00a0CO2-Aussto\u00df bleibt hoch und das weitere Wachstum der Stromerzeugung aus Sonne und Wind k\u00e4mpft mit vielen Quelle: Reihe &#8211; Ausgebremst? Die Zukunft der Energiewende<\/p>\n","protected":false},"author":2,"featured_media":0,"comment_status":"open","ping_status":"open","sticky":false,"template":"","format":"standard","meta":{"jetpack_post_was_ever_published":false,"_jetpack_newsletter_access":"","_jetpack_dont_email_post_to_subs":false,"_jetpack_newsletter_tier_id":0,"_jetpack_memberships_contains_paywalled_content":false,"_jetpack_memberships_contains_paid_content":false,"footnotes":"","jetpack_publicize_message":"","jetpack_publicize_feature_enabled":true,"jetpack_social_post_already_shared":true,"jetpack_social_options":{"image_generator_settings":{"template":"highway","default_image_id":0,"font":"","enabled":false},"version":2}},"categories":[3],"tags":[73,121],"class_list":["post-609","post","type-post","status-publish","format-standard","hentry","category-presse","tag-eeg-2016","tag-energiewende"],"jetpack_publicize_connections":[],"jetpack_featured_media_url":"","jetpack_sharing_enabled":true,"jetpack_shortlink":"https:\/\/wp.me\/p6ODB3-9P","jetpack-related-posts":[{"id":766,"url":"https:\/\/www.windenergie-politik-gesellschaft.de\/?p=766","url_meta":{"origin":609,"position":0},"title":"Der Klimaschutzbeitrag der deutschen Energiewende","author":"Joern Woehlk","date":"5. April 2017","format":false,"excerpt":"\"Der Autor dieses Beitrags ist der Auffassung, dass eine unvoreingenommene Man\u00f6verkritik f\u00fcr die erfolgreiche Fortsetzung der Energiewende dringend notwendig ist. Als langj\u00e4hriges Mitglied der unabh\u00e4ngigen Expertenkommission \u201eEnergie der Zukunft\u201c war er u. a. an der Formulierung der j\u00fcngsten Stellungnahme zum f\u00fcnften Monitoring-Bericht der Bundesregierung f\u00fcr das Berichtsjahr 2015 beteiligt.\" Quelle:\u2026","rel":"","context":"In &quot;Marktdaten&quot;","block_context":{"text":"Marktdaten","link":"https:\/\/www.windenergie-politik-gesellschaft.de\/?cat=22"},"img":{"alt_text":"","src":"","width":0,"height":0},"classes":[]},{"id":475,"url":"https:\/\/www.windenergie-politik-gesellschaft.de\/?p=475","url_meta":{"origin":609,"position":1},"title":"Energiewende: Kritik an EEG-Reform der Bundesregierung","author":"Joern Woehlk","date":"10. Mai 2016","format":false,"excerpt":"Die Windkraftbranche, Kommunen, Umweltsch\u00fctzer und Hessens Wirtschaftsminister Al-Wazir sehen die Energiewende bedroht. Berlin bevorzuge Konzerne, lautet ein Vorwurf.Quelle: Energiewende: Kritik an EEG-Reform der Bundesregierung","rel":"","context":"In &quot;Presse&quot;","block_context":{"text":"Presse","link":"https:\/\/www.windenergie-politik-gesellschaft.de\/?cat=3"},"img":{"alt_text":"","src":"","width":0,"height":0},"classes":[]},{"id":787,"url":"https:\/\/www.windenergie-politik-gesellschaft.de\/?p=787","url_meta":{"origin":609,"position":2},"title":"Energiewende 2030: Verdopplung der \u00d6kostromproduktion","author":"Joern Woehlk","date":"14. Juni 2017","format":false,"excerpt":"Die \u00d6kostromproduktion in Deutschland muss sich in den kommenden zw\u00f6lf Jahren verdoppeln, um die Vorgaben des Pariser Weltklimaabkommens einzuhalten. Gleichzeitig muss der Energieverbrauch erheblich gesenkt werden. Bis Ende des kommenden Jahrzehnts sei eine \u201eumfassende Transformation der Energiesektoren Strom, W\u00e4rme, Verkehr\u201c n\u00f6tig, sagte Agora-Chef Patrick Graichen. \u201eDas Jahr 2030 ist eine\u2026","rel":"","context":"In &quot;Marktdaten&quot;","block_context":{"text":"Marktdaten","link":"https:\/\/www.windenergie-politik-gesellschaft.de\/?cat=22"},"img":{"alt_text":"","src":"","width":0,"height":0},"classes":[]},{"id":1302,"url":"https:\/\/www.windenergie-politik-gesellschaft.de\/?p=1302","url_meta":{"origin":609,"position":3},"title":"Publikationen \/ LEA &#8211; LandesEnergieAgentur Fakten-Update Windenergie und Infraschall","author":"Joern Woehlk","date":"27. Dezember 2021","format":false,"excerpt":"Fakten-Update Windenergie und Infraschall B\u00dcRGERFORUM ENERGIEWENDE HESSEN Stand: Oktober 2021 Der von Windenergieanlagen erzeugte Infraschall unterschreitet in wissenschaftlichen Studien die menschliche H\u00f6r- und Wahrnehmungsschwelle im Nah- und Fernbereich. Gesundheitliche Auswirkungen von Infraschall durch Windenergieanlagen k\u00f6nnen in den dargestellten Studien wissenschaftlich nicht nachgewiesen werden. Ge\u00e4u\u00dferte Symptome und Beschwerden von Anwohnenden k\u00f6nnen\u2026","rel":"","context":"In &quot;Mediation&quot;","block_context":{"text":"Mediation","link":"https:\/\/www.windenergie-politik-gesellschaft.de\/?cat=19"},"img":{"alt_text":"","src":"","width":0,"height":0},"classes":[]},{"id":521,"url":"https:\/\/www.windenergie-politik-gesellschaft.de\/?p=521","url_meta":{"origin":609,"position":4},"title":"Widerstand gegen Windkraft &#8211; Die Energiewende als Soziallabor","author":"Joern Woehlk","date":"25. Mai 2016","format":false,"excerpt":"Ein guter Artikel, der den Nerv dieses Blogs trifft. Klimaschutz und die Energiewende sind unabdingbar miteinander verkn\u00fcpft - die Politiker indes nutzen die Thematik f\u00fcr den kommenden Wahlkampf. Das ist nicht in Ordnung. In den vergangenen 25 Jahren sind in Deutschland 25.000 Windr\u00e4der entstanden. Obwohl die Mehrheit der Deutschen die\u2026","rel":"","context":"In &quot;Presse&quot;","block_context":{"text":"Presse","link":"https:\/\/www.windenergie-politik-gesellschaft.de\/?cat=3"},"img":{"alt_text":"","src":"","width":0,"height":0},"classes":[]},{"id":1271,"url":"https:\/\/www.windenergie-politik-gesellschaft.de\/?p=1271","url_meta":{"origin":609,"position":5},"title":"Energiewende in Deutschland: Der Windkraftausbau stockt massiv | tagesschau.de","author":"Joern Woehlk","date":"23. Juni 2021","format":false,"excerpt":"Bayern und Sachsen bleiben das absolute Schlusslicht. Das wird auch fortbestehen, da die amtierenden Regierenden keine Regeln \u00e4ndern wollen. Quelle: Energiewende in Deutschland: Der Windkraftausbau stockt massiv | tagesschau.de","rel":"","context":"In &quot;Windenergie allgemein&quot;","block_context":{"text":"Windenergie allgemein","link":"https:\/\/www.windenergie-politik-gesellschaft.de\/?cat=1"},"img":{"alt_text":"","src":"","width":0,"height":0},"classes":[]}],"_links":{"self":[{"href":"https:\/\/www.windenergie-politik-gesellschaft.de\/index.php?rest_route=\/wp\/v2\/posts\/609","targetHints":{"allow":["GET"]}}],"collection":[{"href":"https:\/\/www.windenergie-politik-gesellschaft.de\/index.php?rest_route=\/wp\/v2\/posts"}],"about":[{"href":"https:\/\/www.windenergie-politik-gesellschaft.de\/index.php?rest_route=\/wp\/v2\/types\/post"}],"author":[{"embeddable":true,"href":"https:\/\/www.windenergie-politik-gesellschaft.de\/index.php?rest_route=\/wp\/v2\/users\/2"}],"replies":[{"embeddable":true,"href":"https:\/\/www.windenergie-politik-gesellschaft.de\/index.php?rest_route=%2Fwp%2Fv2%2Fcomments&post=609"}],"version-history":[{"count":1,"href":"https:\/\/www.windenergie-politik-gesellschaft.de\/index.php?rest_route=\/wp\/v2\/posts\/609\/revisions"}],"predecessor-version":[{"id":610,"href":"https:\/\/www.windenergie-politik-gesellschaft.de\/index.php?rest_route=\/wp\/v2\/posts\/609\/revisions\/610"}],"wp:attachment":[{"href":"https:\/\/www.windenergie-politik-gesellschaft.de\/index.php?rest_route=%2Fwp%2Fv2%2Fmedia&parent=609"}],"wp:term":[{"taxonomy":"category","embeddable":true,"href":"https:\/\/www.windenergie-politik-gesellschaft.de\/index.php?rest_route=%2Fwp%2Fv2%2Fcategories&post=609"},{"taxonomy":"post_tag","embeddable":true,"href":"https:\/\/www.windenergie-politik-gesellschaft.de\/index.php?rest_route=%2Fwp%2Fv2%2Ftags&post=609"}],"curies":[{"name":"wp","href":"https:\/\/api.w.org\/{rel}","templated":true}]}}