{"id":630,"date":"2016-09-13T07:53:52","date_gmt":"2016-09-13T05:53:52","guid":{"rendered":"http:\/\/www.windenergie-politik-gesellschaft.de\/?p=630"},"modified":"2016-09-13T07:53:52","modified_gmt":"2016-09-13T05:53:52","slug":"modularer-batteriespeicher-m5bat-in-aachen-in-betrieb-genommen","status":"publish","type":"post","link":"https:\/\/www.windenergie-politik-gesellschaft.de\/?p=630","title":{"rendered":"Modularer Batteriespeicher M5BAT in Aachen in Betrieb genommen |"},"content":{"rendered":"<p>&#8220;Nach gut einem Jahr Bauzeit wurde heute in Aachen der modulare Batteriegro\u00dfspeicher M5BAT in Betrieb genommen. Prof. Dirk Uwe Sauer, Gesamtverantwortlicher f\u00fcr das Projekt und den Betrieb von M5BAT vom Institute for Power Generation and Storage Systems (PGS) der RWTH Aachen zu der Bedeutung des Projekts f\u00fcr die Energieforschung: &#8220;In sechs Str\u00e4ngen mit unterschiedlichen Lithium-Ionen-Batterietechnologien und vier unterschiedlichen Bleibatteriestr\u00e4ngen werden mehr als 25.000 Batteriezellen vom ersten Tag an intensiv und individuell \u00fcberwacht. Daraus werden wir wertvolle Information zur Alterung, Zuverl\u00e4ssigkeit und Lebensdauer gewinnen k\u00f6nnen. Gleichzeitig wollen wir mit einem intelligenten Batteriemanagement demonstrieren, wie der Gesamtbetrieb durch ein Hybridsystem mit verschiedenen Technologien optimiert betrieben werden kann.&#8221;<\/p>\n<p>Quelle: <em><a href=\"http:\/\/www.sonnewindwaerme.de\/panorama-pressemitteilung\/modularer-batteriespeicher-m5bat-aachen-betrieb-genommen\">Modularer Batteriespeicher M5BAT in Aachen in Betrieb genommen | SonneWind&#038;W\u00e4rme<\/a><\/em><\/p>\n","protected":false},"excerpt":{"rendered":"<p>&#8220;Nach gut einem Jahr Bauzeit wurde heute in Aachen der modulare Batteriegro\u00dfspeicher M5BAT in Betrieb genommen. Prof. Dirk Uwe Sauer, Gesamtverantwortlicher f\u00fcr das Projekt und den Betrieb von M5BAT vom Institute for Power Generation and Storage Systems (PGS) der RWTH Aachen zu der Bedeutung des Projekts f\u00fcr die Energieforschung: &#8220;In sechs Str\u00e4ngen mit unterschiedlichen Lithium-Ionen-Batterietechnologien &#8230; <a title=\"Modularer Batteriespeicher M5BAT in Aachen in Betrieb genommen |\" class=\"read-more\" href=\"https:\/\/www.windenergie-politik-gesellschaft.de\/?p=630\" aria-label=\"Mehr Informationen \u00fcber Modularer Batteriespeicher M5BAT in Aachen in Betrieb genommen |\">Weiterlesen<\/a><\/p>\n","protected":false},"author":2,"featured_media":0,"comment_status":"open","ping_status":"open","sticky":false,"template":"","format":"standard","meta":{"jetpack_post_was_ever_published":false,"_jetpack_newsletter_access":"","_jetpack_dont_email_post_to_subs":false,"_jetpack_newsletter_tier_id":0,"_jetpack_memberships_contains_paywalled_content":false,"_jetpack_memberships_contains_paid_content":false,"footnotes":"","jetpack_publicize_message":"","jetpack_publicize_feature_enabled":true,"jetpack_social_post_already_shared":true,"jetpack_social_options":{"image_generator_settings":{"template":"highway","default_image_id":0,"font":"","enabled":false},"version":2}},"categories":[10],"tags":[87,123],"class_list":["post-630","post","type-post","status-publish","format-standard","hentry","category-strom-speicher","tag-batteriespeicher","tag-redispatch"],"jetpack_publicize_connections":[],"jetpack_featured_media_url":"","jetpack_sharing_enabled":true,"jetpack_shortlink":"https:\/\/wp.me\/p6ODB3-aa","jetpack-related-posts":[{"id":634,"url":"https:\/\/www.windenergie-politik-gesellschaft.de\/?p=634","url_meta":{"origin":630,"position":0},"title":"Weltweit gr\u00f6\u00dfter Second-Use Batteriespeicher geht ans Netz mit 13 MWh","author":"Joern Woehlk","date":"14. September 2016","format":false,"excerpt":"\"Ein wirtschaftlicher Betrieb im station\u00e4ren Bereich sei f\u00fcr sch\u00e4tzungsweise mindestens zehn weitere Jahre m\u00f6glich. Die Weiterverwendung der Module aus Elektroautos in einem Batteriespeicher verdopple deren wirtschaftlichen Nutzen und steigere au\u00dferdem nachweislich deren Umweltbilanz.\" Ein wirtschaftlicher Betrieb im station\u00e4ren Bereich sei f\u00fcr sch\u00e4tzungsweise mindestens zehn weitere Jahre m\u00f6glich. Die Weiterverwendung der\u2026","rel":"","context":"In &quot;Strom-Speicher&quot;","block_context":{"text":"Strom-Speicher","link":"https:\/\/www.windenergie-politik-gesellschaft.de\/?cat=10"},"img":{"alt_text":"","src":"","width":0,"height":0},"classes":[]},{"id":686,"url":"https:\/\/www.windenergie-politik-gesellschaft.de\/?p=686","url_meta":{"origin":630,"position":1},"title":"energiezukunft:\u00a0Gr\u00f6\u00dfter Batteriespeicher Deutschlands am Netz","author":"Joern Woehlk","date":"23. November 2016","format":false,"excerpt":"Der Energiekonzern Steag hat Speichersysteme mit einer Gesamtleistung von 90 Megawatt im Saarland und Nordrhein-Westfalen in Betrieb genommen. Die Batteriespeicher sollen Schwankungen durch Erneuerbare ausgleichen und Regelenergie bereitstellen.Quelle: energiezukunft:\u00a0Gr\u00f6\u00dfter Batteriespeicher Deutschlands am Netz","rel":"","context":"In &quot;Marktdaten&quot;","block_context":{"text":"Marktdaten","link":"https:\/\/www.windenergie-politik-gesellschaft.de\/?cat=22"},"img":{"alt_text":"","src":"","width":0,"height":0},"classes":[]},{"id":988,"url":"https:\/\/www.windenergie-politik-gesellschaft.de\/?p=988","url_meta":{"origin":630,"position":2},"title":"Versorgungsbetriebe wollen 2019 mit Batteriespeicher Geld verdienen","author":"Joern Woehlk","date":"30. August 2018","format":false,"excerpt":"Mitte September wird Richtfest gefeiert, im Oktober kommt das Herzst\u00fcck - 48.000 Batteriezellen. Die Realisierung des zehn Millionen Euro teuren Batteriespeichers auf dem Gel\u00e4nde der Versorgungsbetriebe Bordesholm liegt voll im Zeitplan. Ab Mai 2019 will der gemeindeeigene Betrieb damit verdienen.Quelle: Versorgungsbetriebe wollen 2019 mit Batteriespeicher Geld verdienen","rel":"","context":"In &quot;Presse&quot;","block_context":{"text":"Presse","link":"https:\/\/www.windenergie-politik-gesellschaft.de\/?cat=3"},"img":{"alt_text":"","src":"","width":0,"height":0},"classes":[]},{"id":703,"url":"https:\/\/www.windenergie-politik-gesellschaft.de\/?p=703","url_meta":{"origin":630,"position":3},"title":"Batteriespeicher werden f\u00fcr Verteilnetzbetreiber attraktiver","author":"Joern Woehlk","date":"5. Dezember 2016","format":false,"excerpt":"Mit Blick auf die Kosten f\u00fcr Systemdienstleistungen und den Netzausbau werden die Batteriespeicher im Vergleich zu konventionellen Kraftwerken immer mehr zur willkommenen Alternative. Verteilnetzbetreiber werden auf diese Technologien immer mehr zur\u00fcckgreifen und k\u00f6nnen so viel Geld sparen.. Mit ERNEUERBARE ENERGIEN erhalten Sie stets aktuelle Meldungen und Berichte aus dem Bereich\u2026","rel":"","context":"In &quot;Presse&quot;","block_context":{"text":"Presse","link":"https:\/\/www.windenergie-politik-gesellschaft.de\/?cat=3"},"img":{"alt_text":"","src":"","width":0,"height":0},"classes":[]},{"id":621,"url":"https:\/\/www.windenergie-politik-gesellschaft.de\/?p=621","url_meta":{"origin":630,"position":4},"title":"Propaganda f\u00fcr die Braunkohle &#8211; Zwei Systeme f\u00fcr eine Aufgabe: Versorgungssicherheit im Stromsektor","author":"Joern Woehlk","date":"4. September 2016","format":false,"excerpt":"Sonntag ist mal wieder Zeit, um der Propaganda der Kohlelobby zu lauschen. Und schnell wurde ich f\u00fcndig, diesmal mit einem Artikel der m\u00e4chtig ideologisch \"Pro-Braunkohle\" eingef\u00e4rbt ist, was nicht verwunderlich ist, da er von einem f\u00fchrenden Vertreter der Braunkohleindustrie geschrieben wurde. Geschickt suggeriert Herr Milojcic zun\u00e4chst, einen gut reflektierten und\u2026","rel":"","context":"In &quot;Strom - Netze&quot;","block_context":{"text":"Strom - Netze","link":"https:\/\/www.windenergie-politik-gesellschaft.de\/?cat=11"},"img":{"alt_text":"","src":"","width":0,"height":0},"classes":[]},{"id":814,"url":"https:\/\/www.windenergie-politik-gesellschaft.de\/?p=814","url_meta":{"origin":630,"position":5},"title":"SMARD","author":"Joern Woehlk","date":"10. Juli 2017","format":false,"excerpt":"SMARD, die neue Strommarkt-Plattform, ist online SMARD, die Informationsplattform der Bundesnetzagentur zum Strommarkt, ist online. Sie bietet aktuelle und f\u00fcr jeden verst\u00e4ndliche Strommarktdaten. Der Staatssekret\u00e4r im Bundesministerium f\u00fcr Wirtschaft und Energie, Rainer Baake, dazu: \"\"Die Daten sind anwenderfreundlich aufbereitet, so dass auch Laien damit zurechtkommen. F\u00fcr Experten gibt es umfangreiche\u2026","rel":"","context":"In &quot;Marktdaten&quot;","block_context":{"text":"Marktdaten","link":"https:\/\/www.windenergie-politik-gesellschaft.de\/?cat=22"},"img":{"alt_text":"","src":"","width":0,"height":0},"classes":[]}],"_links":{"self":[{"href":"https:\/\/www.windenergie-politik-gesellschaft.de\/index.php?rest_route=\/wp\/v2\/posts\/630","targetHints":{"allow":["GET"]}}],"collection":[{"href":"https:\/\/www.windenergie-politik-gesellschaft.de\/index.php?rest_route=\/wp\/v2\/posts"}],"about":[{"href":"https:\/\/www.windenergie-politik-gesellschaft.de\/index.php?rest_route=\/wp\/v2\/types\/post"}],"author":[{"embeddable":true,"href":"https:\/\/www.windenergie-politik-gesellschaft.de\/index.php?rest_route=\/wp\/v2\/users\/2"}],"replies":[{"embeddable":true,"href":"https:\/\/www.windenergie-politik-gesellschaft.de\/index.php?rest_route=%2Fwp%2Fv2%2Fcomments&post=630"}],"version-history":[{"count":1,"href":"https:\/\/www.windenergie-politik-gesellschaft.de\/index.php?rest_route=\/wp\/v2\/posts\/630\/revisions"}],"predecessor-version":[{"id":631,"href":"https:\/\/www.windenergie-politik-gesellschaft.de\/index.php?rest_route=\/wp\/v2\/posts\/630\/revisions\/631"}],"wp:attachment":[{"href":"https:\/\/www.windenergie-politik-gesellschaft.de\/index.php?rest_route=%2Fwp%2Fv2%2Fmedia&parent=630"}],"wp:term":[{"taxonomy":"category","embeddable":true,"href":"https:\/\/www.windenergie-politik-gesellschaft.de\/index.php?rest_route=%2Fwp%2Fv2%2Fcategories&post=630"},{"taxonomy":"post_tag","embeddable":true,"href":"https:\/\/www.windenergie-politik-gesellschaft.de\/index.php?rest_route=%2Fwp%2Fv2%2Ftags&post=630"}],"curies":[{"name":"wp","href":"https:\/\/api.w.org\/{rel}","templated":true}]}}