{"id":634,"date":"2016-09-14T08:37:58","date_gmt":"2016-09-14T06:37:58","guid":{"rendered":"http:\/\/www.windenergie-politik-gesellschaft.de\/?p=634"},"modified":"2016-09-14T08:37:58","modified_gmt":"2016-09-14T06:37:58","slug":"weltweit-groesster-second-use-batteriespeicher-geht-ans-netz-mit-13-mwh","status":"publish","type":"post","link":"https:\/\/www.windenergie-politik-gesellschaft.de\/?p=634","title":{"rendered":"Weltweit gr\u00f6\u00dfter Second-Use Batteriespeicher geht ans Netz mit 13 MWh"},"content":{"rendered":"<p>&#8220;Ein wirtschaftlicher Betrieb im station\u00e4ren Bereich sei f\u00fcr sch\u00e4tzungsweise mindestens zehn weitere Jahre m\u00f6glich. Die Weiterverwendung der Module aus Elektroautos in einem Batteriespeicher verdopple deren wirtschaftlichen Nutzen und steigere au\u00dferdem nachweislich deren Umweltbilanz.&#8221;<\/p>\n<blockquote><p>Ein wirtschaftlicher Betrieb im station\u00e4ren Bereich sei f\u00fcr sch\u00e4tzungsweise mindestens zehn weitere Jahre m\u00f6glich. Die Weiterverwendung der Module aus Elektroautos in einem Batteriespeicher verdopple deren wirtschaftlichen Nutzen und steigere au\u00dferdem nachweislich deren Umweltbilanz.<\/p><\/blockquote>\n<p>Quelle: <em><a href=\"http:\/\/www.solarserver.de\/solar-magazin\/nachrichten\/aktuelles\/2016\/kw37\/weltweit-groesster-second-use-batteriespeicher-geht-ans-netz-13-mwh-in-luenen.html\">KW37\u00a0|\u00a0Weltweit gr\u00f6\u00dfter Second-Use-Batteriespeicher geht ans Netz; 13 MWh in L\u00fcnen\u00a0&#8211;\u00a0SolarServer<\/a><\/em><\/p>\n","protected":false},"excerpt":{"rendered":"<p>&#8220;Ein wirtschaftlicher Betrieb im station\u00e4ren Bereich sei f\u00fcr sch\u00e4tzungsweise mindestens zehn weitere Jahre m\u00f6glich. Die Weiterverwendung der Module aus Elektroautos in einem Batteriespeicher verdopple deren wirtschaftlichen Nutzen und steigere au\u00dferdem nachweislich deren Umweltbilanz.&#8221; Ein wirtschaftlicher Betrieb im station\u00e4ren Bereich sei f\u00fcr sch\u00e4tzungsweise mindestens zehn weitere Jahre m\u00f6glich. Die Weiterverwendung der Module aus Elektroautos in einem &#8230; <a title=\"Weltweit gr\u00f6\u00dfter Second-Use Batteriespeicher geht ans Netz mit 13 MWh\" class=\"read-more\" href=\"https:\/\/www.windenergie-politik-gesellschaft.de\/?p=634\" aria-label=\"Mehr Informationen \u00fcber Weltweit gr\u00f6\u00dfter Second-Use Batteriespeicher geht ans Netz mit 13 MWh\">Weiterlesen<\/a><\/p>\n","protected":false},"author":2,"featured_media":0,"comment_status":"open","ping_status":"open","sticky":false,"template":"","format":"standard","meta":{"jetpack_post_was_ever_published":false,"_jetpack_newsletter_access":"","_jetpack_dont_email_post_to_subs":false,"_jetpack_newsletter_tier_id":0,"_jetpack_memberships_contains_paywalled_content":false,"_jetpack_memberships_contains_paid_content":false,"footnotes":"","jetpack_publicize_message":"","jetpack_publicize_feature_enabled":true,"jetpack_social_post_already_shared":true,"jetpack_social_options":{"image_generator_settings":{"template":"highway","default_image_id":0,"font":"","enabled":false},"version":2}},"categories":[10],"tags":[87,78],"class_list":["post-634","post","type-post","status-publish","format-standard","hentry","category-strom-speicher","tag-batteriespeicher","tag-sektorenkopplung"],"jetpack_publicize_connections":[],"jetpack_featured_media_url":"","jetpack_sharing_enabled":true,"jetpack_shortlink":"https:\/\/wp.me\/p6ODB3-ae","jetpack-related-posts":[{"id":686,"url":"https:\/\/www.windenergie-politik-gesellschaft.de\/?p=686","url_meta":{"origin":634,"position":0},"title":"energiezukunft:\u00a0Gr\u00f6\u00dfter Batteriespeicher Deutschlands am Netz","author":"Joern Woehlk","date":"23. November 2016","format":false,"excerpt":"Der Energiekonzern Steag hat Speichersysteme mit einer Gesamtleistung von 90 Megawatt im Saarland und Nordrhein-Westfalen in Betrieb genommen. Die Batteriespeicher sollen Schwankungen durch Erneuerbare ausgleichen und Regelenergie bereitstellen.Quelle: energiezukunft:\u00a0Gr\u00f6\u00dfter Batteriespeicher Deutschlands am Netz","rel":"","context":"In &quot;Marktdaten&quot;","block_context":{"text":"Marktdaten","link":"https:\/\/www.windenergie-politik-gesellschaft.de\/?cat=22"},"img":{"alt_text":"","src":"","width":0,"height":0},"classes":[]},{"id":988,"url":"https:\/\/www.windenergie-politik-gesellschaft.de\/?p=988","url_meta":{"origin":634,"position":1},"title":"Versorgungsbetriebe wollen 2019 mit Batteriespeicher Geld verdienen","author":"Joern Woehlk","date":"30. August 2018","format":false,"excerpt":"Mitte September wird Richtfest gefeiert, im Oktober kommt das Herzst\u00fcck - 48.000 Batteriezellen. Die Realisierung des zehn Millionen Euro teuren Batteriespeichers auf dem Gel\u00e4nde der Versorgungsbetriebe Bordesholm liegt voll im Zeitplan. Ab Mai 2019 will der gemeindeeigene Betrieb damit verdienen.Quelle: Versorgungsbetriebe wollen 2019 mit Batteriespeicher Geld verdienen","rel":"","context":"In &quot;Presse&quot;","block_context":{"text":"Presse","link":"https:\/\/www.windenergie-politik-gesellschaft.de\/?cat=3"},"img":{"alt_text":"","src":"","width":0,"height":0},"classes":[]},{"id":630,"url":"https:\/\/www.windenergie-politik-gesellschaft.de\/?p=630","url_meta":{"origin":634,"position":2},"title":"Modularer Batteriespeicher M5BAT in Aachen in Betrieb genommen |","author":"Joern Woehlk","date":"13. September 2016","format":false,"excerpt":"\"Nach gut einem Jahr Bauzeit wurde heute in Aachen der modulare Batteriegro\u00dfspeicher M5BAT in Betrieb genommen. Prof. Dirk Uwe Sauer, Gesamtverantwortlicher f\u00fcr das Projekt und den Betrieb von M5BAT vom Institute for Power Generation and Storage Systems (PGS) der RWTH Aachen zu der Bedeutung des Projekts f\u00fcr die Energieforschung: \"In\u2026","rel":"","context":"In &quot;Strom-Speicher&quot;","block_context":{"text":"Strom-Speicher","link":"https:\/\/www.windenergie-politik-gesellschaft.de\/?cat=10"},"img":{"alt_text":"","src":"","width":0,"height":0},"classes":[]},{"id":725,"url":"https:\/\/www.windenergie-politik-gesellschaft.de\/?p=725","url_meta":{"origin":634,"position":3},"title":"Doppelbelastung von Speichern ist pass\u00e9","author":"Joern Woehlk","date":"21. Dezember 2016","format":false,"excerpt":"\"Auf die reine Speicherung von Strom in Batterien muss ab dem neuen Jahr keine EEG-Umlage mehr gezahlt werden. Dies haben Bundestag und Bundesrat mit der \u00c4nderung des Erneuerbare-Energien-Gesetzes (EEG 2017) noch vor Weihnachten 2016 beschlossen. Abweichend ist die Regelung bei Speichern, deren Strom nicht komplett selbst verbraucht oder komplett in\u2026","rel":"","context":"In &quot;Presse&quot;","block_context":{"text":"Presse","link":"https:\/\/www.windenergie-politik-gesellschaft.de\/?cat=3"},"img":{"alt_text":"","src":"","width":0,"height":0},"classes":[]},{"id":667,"url":"https:\/\/www.windenergie-politik-gesellschaft.de\/?p=667","url_meta":{"origin":634,"position":4},"title":"Redox-Flow, Energie nach Bedarf; 3sat.online &#8211; Mediathek","author":"Joern Woehlk","date":"16. Oktober 2016","format":false,"excerpt":"05.11.2015: Bericht \u00fcber Uni Jena, Entwicklung von Redox-Flow Batterien Strom produzieren, speichern und bei Bedarf nutzen: Jenaer Forscher haben eine Redox-Flow-Batterie auf Polymer-Basis entwickelt, die das m\u00f6glich machen soll.Quelle: 3sat.online - Mediathek: Energie nach Bedarf","rel":"","context":"In &quot;Strom-Speicher&quot;","block_context":{"text":"Strom-Speicher","link":"https:\/\/www.windenergie-politik-gesellschaft.de\/?cat=10"},"img":{"alt_text":"","src":"","width":0,"height":0},"classes":[]},{"id":674,"url":"https:\/\/www.windenergie-politik-gesellschaft.de\/?p=674","url_meta":{"origin":634,"position":5},"title":"Z\u00e4hneknirschend: IEA korrigiert ihre Prognose","author":"Joern Woehlk","date":"26. Oktober 2016","format":false,"excerpt":"\"In Sachen \u00d6kostrom hat die Internationale Energieagentur IEA eine wichtige Kurskorrektur vorgenommen. Wie die Agentur am heutigen Dienstag mitteilte, geht sie nun von einem \"signifikant\" h\u00f6heren weltweiten Ausbau der Erneuerbaren aus als bislang....\" Nach dem viele Jahre die Entwicklung ignoriert und kleingeredet wurde! Kurskorrektur: Die Internationale Energieagentur reagiert auf Kritik\u2026","rel":"","context":"In &quot;Marktdaten&quot;","block_context":{"text":"Marktdaten","link":"https:\/\/www.windenergie-politik-gesellschaft.de\/?cat=22"},"img":{"alt_text":"","src":"","width":0,"height":0},"classes":[]}],"_links":{"self":[{"href":"https:\/\/www.windenergie-politik-gesellschaft.de\/index.php?rest_route=\/wp\/v2\/posts\/634","targetHints":{"allow":["GET"]}}],"collection":[{"href":"https:\/\/www.windenergie-politik-gesellschaft.de\/index.php?rest_route=\/wp\/v2\/posts"}],"about":[{"href":"https:\/\/www.windenergie-politik-gesellschaft.de\/index.php?rest_route=\/wp\/v2\/types\/post"}],"author":[{"embeddable":true,"href":"https:\/\/www.windenergie-politik-gesellschaft.de\/index.php?rest_route=\/wp\/v2\/users\/2"}],"replies":[{"embeddable":true,"href":"https:\/\/www.windenergie-politik-gesellschaft.de\/index.php?rest_route=%2Fwp%2Fv2%2Fcomments&post=634"}],"version-history":[{"count":1,"href":"https:\/\/www.windenergie-politik-gesellschaft.de\/index.php?rest_route=\/wp\/v2\/posts\/634\/revisions"}],"predecessor-version":[{"id":635,"href":"https:\/\/www.windenergie-politik-gesellschaft.de\/index.php?rest_route=\/wp\/v2\/posts\/634\/revisions\/635"}],"wp:attachment":[{"href":"https:\/\/www.windenergie-politik-gesellschaft.de\/index.php?rest_route=%2Fwp%2Fv2%2Fmedia&parent=634"}],"wp:term":[{"taxonomy":"category","embeddable":true,"href":"https:\/\/www.windenergie-politik-gesellschaft.de\/index.php?rest_route=%2Fwp%2Fv2%2Fcategories&post=634"},{"taxonomy":"post_tag","embeddable":true,"href":"https:\/\/www.windenergie-politik-gesellschaft.de\/index.php?rest_route=%2Fwp%2Fv2%2Ftags&post=634"}],"curies":[{"name":"wp","href":"https:\/\/api.w.org\/{rel}","templated":true}]}}