{"id":637,"date":"2016-09-19T11:44:05","date_gmt":"2016-09-19T09:44:05","guid":{"rendered":"http:\/\/www.windenergie-politik-gesellschaft.de\/?p=637"},"modified":"2016-09-19T11:44:05","modified_gmt":"2016-09-19T09:44:05","slug":"memo-zu-herkunftsnachweisen-und-gruenstromkennzeichnung-in-deutschland-und-frankreich-dfbew","status":"publish","type":"post","link":"https:\/\/www.windenergie-politik-gesellschaft.de\/?p=637","title":{"rendered":"Memo zu Herkunftsnachweisen und Gr\u00fcnstromkennzeichnung in Deutschland und Frankreich &#8211; dfbew"},"content":{"rendered":"<p>Sehr sch\u00f6n aufbereite Information bez\u00fcglich des zu erwartenden Mechanismus der Gr\u00fcnstromkennzeichenung (Seite 13-14)<\/p>\n<blockquote><p>Die Nutzung der Herkunftsnachweise, die belegen sollen, dass eine bestimmte Strommenge aus erneuerbaren Energiequellen erzeugt wurde, ist auf europ\u00e4ischer Ebene vereinheitlicht.<\/p><\/blockquote>\n<p>Quelle: <em><a href=\"http:\/\/enr-ee.com\/de\/systeme-maerkte\/nachrichten\/leser\/memo-zu-herkunftsnachweisen-und-gruenstromkennzeichnung-in-deutschland-und-frankreich.html\">Memo zu Herkunftsnachweisen und Gr\u00fcnstromkennzeichnung in Deutschland und Frankreich &#8211; dfbew<\/a><\/em><\/p>\n","protected":false},"excerpt":{"rendered":"<p>Sehr sch\u00f6n aufbereite Information bez\u00fcglich des zu erwartenden Mechanismus der Gr\u00fcnstromkennzeichenung (Seite 13-14) Die Nutzung der Herkunftsnachweise, die belegen sollen, dass eine bestimmte Strommenge aus erneuerbaren Energiequellen erzeugt wurde, ist auf europ\u00e4ischer Ebene vereinheitlicht. Quelle: Memo zu Herkunftsnachweisen und Gr\u00fcnstromkennzeichnung in Deutschland und Frankreich &#8211; dfbew<\/p>\n","protected":false},"author":2,"featured_media":0,"comment_status":"open","ping_status":"open","sticky":false,"template":"","format":"standard","meta":{"jetpack_post_was_ever_published":false,"_jetpack_newsletter_access":"","_jetpack_dont_email_post_to_subs":false,"_jetpack_newsletter_tier_id":0,"_jetpack_memberships_contains_paywalled_content":false,"_jetpack_memberships_contains_paid_content":false,"footnotes":"","jetpack_publicize_message":"","jetpack_publicize_feature_enabled":true,"jetpack_social_post_already_shared":true,"jetpack_social_options":{"image_generator_settings":{"template":"highway","default_image_id":0,"font":"","enabled":false},"version":2}},"categories":[1],"tags":[116,126],"class_list":["post-637","post","type-post","status-publish","format-standard","hentry","category-windenergie-allgemein","tag-gruenstromkennzeichnung","tag-herkunftsnachweis"],"jetpack_publicize_connections":[],"jetpack_featured_media_url":"","jetpack_sharing_enabled":true,"jetpack_shortlink":"https:\/\/wp.me\/p6ODB3-ah","jetpack-related-posts":[{"id":799,"url":"https:\/\/www.windenergie-politik-gesellschaft.de\/?p=799","url_meta":{"origin":637,"position":0},"title":"Eine Lanze brechen f\u00fcr die Akzeptanz der Windenergie in der Bev\u00f6lkerung","author":"Joern Woehlk","date":"27. Juni 2017","format":false,"excerpt":"Je n\u00e4her wir in Deutschland dem \"S\u00e4ttigungsgrad\" kommen - 2% der Landesfl\u00e4che soll f\u00fcr Windenergie nutzbar gemacht werden - desto mehr Gegner finden sich und umso mehr h\u00f6rt man auch den Standardspruch, der landauf landab immer wieder zu h\u00f6ren ist: \"Wir sind nicht gegen Windenergie, aber nicht vor unserer Haust\u00fcr!\"\u2026","rel":"","context":"In &quot;Windenergie allgemein&quot;","block_context":{"text":"Windenergie allgemein","link":"https:\/\/www.windenergie-politik-gesellschaft.de\/?cat=1"},"img":{"alt_text":"","src":"","width":0,"height":0},"classes":[]},{"id":621,"url":"https:\/\/www.windenergie-politik-gesellschaft.de\/?p=621","url_meta":{"origin":637,"position":1},"title":"Propaganda f\u00fcr die Braunkohle &#8211; Zwei Systeme f\u00fcr eine Aufgabe: Versorgungssicherheit im Stromsektor","author":"Joern Woehlk","date":"4. September 2016","format":false,"excerpt":"Sonntag ist mal wieder Zeit, um der Propaganda der Kohlelobby zu lauschen. Und schnell wurde ich f\u00fcndig, diesmal mit einem Artikel der m\u00e4chtig ideologisch \"Pro-Braunkohle\" eingef\u00e4rbt ist, was nicht verwunderlich ist, da er von einem f\u00fchrenden Vertreter der Braunkohleindustrie geschrieben wurde. Geschickt suggeriert Herr Milojcic zun\u00e4chst, einen gut reflektierten und\u2026","rel":"","context":"In &quot;Strom - Netze&quot;","block_context":{"text":"Strom - Netze","link":"https:\/\/www.windenergie-politik-gesellschaft.de\/?cat=11"},"img":{"alt_text":"","src":"","width":0,"height":0},"classes":[]},{"id":814,"url":"https:\/\/www.windenergie-politik-gesellschaft.de\/?p=814","url_meta":{"origin":637,"position":2},"title":"SMARD","author":"Joern Woehlk","date":"10. Juli 2017","format":false,"excerpt":"SMARD, die neue Strommarkt-Plattform, ist online SMARD, die Informationsplattform der Bundesnetzagentur zum Strommarkt, ist online. Sie bietet aktuelle und f\u00fcr jeden verst\u00e4ndliche Strommarktdaten. Der Staatssekret\u00e4r im Bundesministerium f\u00fcr Wirtschaft und Energie, Rainer Baake, dazu: \"\"Die Daten sind anwenderfreundlich aufbereitet, so dass auch Laien damit zurechtkommen. F\u00fcr Experten gibt es umfangreiche\u2026","rel":"","context":"In &quot;Marktdaten&quot;","block_context":{"text":"Marktdaten","link":"https:\/\/www.windenergie-politik-gesellschaft.de\/?cat=22"},"img":{"alt_text":"","src":"","width":0,"height":0},"classes":[]},{"id":199,"url":"https:\/\/www.windenergie-politik-gesellschaft.de\/?p=199","url_meta":{"origin":637,"position":3},"title":"Kurzstudie Frauenhofer IWES ABSCH\u00c4TZUNG DER \u00d6KONOMISCHEN WIRKUNG EINER VERTEILUNG VON WIND &#8211; UND PV &#8211; ANLAGEN \u00dcBER DEUTSCHLAND IM RAHMEN DER \u201eSELBSTVERMARKTUNG\u201c","author":"Joern Woehlk","date":"14. Oktober 2015","format":false,"excerpt":"Sehr interessant ist die Marktwertfaktorenanlyse auf seite 20ff f\u00fcr Windenergieanlagen: \"Jene Windenergieanlagen, die im S\u00fcden positioniert wurden, speisen h\u00e4ufig zu anderen Zeiten ein als die im Norden und erzielen somit h\u00f6here durchschnittliche Vermarktungserl\u00f6se\" Quelle: KurzStud_Frauenhofer_IWES_Verteilung_EEG-Anlagen.pdf","rel":"","context":"In &quot;Marktdaten&quot;","block_context":{"text":"Marktdaten","link":"https:\/\/www.windenergie-politik-gesellschaft.de\/?cat=22"},"img":{"alt_text":"","src":"","width":0,"height":0},"classes":[]},{"id":826,"url":"https:\/\/www.windenergie-politik-gesellschaft.de\/?p=826","url_meta":{"origin":637,"position":4},"title":"Bundesnetzagentur &#8211; Gebotstermin 1. August 2017","author":"Joern Woehlk","date":"16. August 2017","format":false,"excerpt":"Gesetzlich definierte B\u00fcrgerenergie dominiert wieder fast vollst\u00e4ndig 2. Ausschreibungsrunde. Erwartungsgem\u00e4\u00df wird auch die zweite Ausschreibungsrunde Wind an Land durch Akteure, die die Voraussetzungen der nach dem EEG definierten B\u00fcrgerenergie erf\u00fcllen, mit 95% der bezuschlagten Menge dominiert. Damit erh\u00f6ht sich weiter die Unsicherheit, ob der Zubaukorridor in den Jahren nach 2018\u2026","rel":"","context":"In &quot;Marktdaten&quot;","block_context":{"text":"Marktdaten","link":"https:\/\/www.windenergie-politik-gesellschaft.de\/?cat=22"},"img":{"alt_text":"","src":"","width":0,"height":0},"classes":[]},{"id":1141,"url":"https:\/\/www.windenergie-politik-gesellschaft.de\/?p=1141","url_meta":{"origin":637,"position":5},"title":"KATAPULT &#8211; Windrad sucht Standort","author":"Joern Woehlk","date":"13. Januar 2020","format":false,"excerpt":"Eine aktuelle Aufarbeitung der Thematik f\u00fcr Deutschland. Leider geht der Artikel nicht sehr in die Tiefe, befasst sich aber mit vielen Problembereichen. So sind alle Regionalplanungen \"mit Ausschlu\u00df\" bisher erfolgreich beklagt worden und gescheitert. regelm\u00e4\u00dfig stehen alle Windakteure vor einem Scherbenhaufen. Landesregierungen versuchen mit dem Ausschlu\u00df die \"Verspragelung\" zu verhindern;\u2026","rel":"","context":"In &quot;Presse&quot;","block_context":{"text":"Presse","link":"https:\/\/www.windenergie-politik-gesellschaft.de\/?cat=3"},"img":{"alt_text":"","src":"","width":0,"height":0},"classes":[]}],"_links":{"self":[{"href":"https:\/\/www.windenergie-politik-gesellschaft.de\/index.php?rest_route=\/wp\/v2\/posts\/637","targetHints":{"allow":["GET"]}}],"collection":[{"href":"https:\/\/www.windenergie-politik-gesellschaft.de\/index.php?rest_route=\/wp\/v2\/posts"}],"about":[{"href":"https:\/\/www.windenergie-politik-gesellschaft.de\/index.php?rest_route=\/wp\/v2\/types\/post"}],"author":[{"embeddable":true,"href":"https:\/\/www.windenergie-politik-gesellschaft.de\/index.php?rest_route=\/wp\/v2\/users\/2"}],"replies":[{"embeddable":true,"href":"https:\/\/www.windenergie-politik-gesellschaft.de\/index.php?rest_route=%2Fwp%2Fv2%2Fcomments&post=637"}],"version-history":[{"count":1,"href":"https:\/\/www.windenergie-politik-gesellschaft.de\/index.php?rest_route=\/wp\/v2\/posts\/637\/revisions"}],"predecessor-version":[{"id":638,"href":"https:\/\/www.windenergie-politik-gesellschaft.de\/index.php?rest_route=\/wp\/v2\/posts\/637\/revisions\/638"}],"wp:attachment":[{"href":"https:\/\/www.windenergie-politik-gesellschaft.de\/index.php?rest_route=%2Fwp%2Fv2%2Fmedia&parent=637"}],"wp:term":[{"taxonomy":"category","embeddable":true,"href":"https:\/\/www.windenergie-politik-gesellschaft.de\/index.php?rest_route=%2Fwp%2Fv2%2Fcategories&post=637"},{"taxonomy":"post_tag","embeddable":true,"href":"https:\/\/www.windenergie-politik-gesellschaft.de\/index.php?rest_route=%2Fwp%2Fv2%2Ftags&post=637"}],"curies":[{"name":"wp","href":"https:\/\/api.w.org\/{rel}","templated":true}]}}