{"id":640,"date":"2016-09-20T08:58:13","date_gmt":"2016-09-20T06:58:13","guid":{"rendered":"http:\/\/www.windenergie-politik-gesellschaft.de\/?p=640"},"modified":"2016-09-20T08:58:13","modified_gmt":"2016-09-20T06:58:13","slug":"streitfragen-sektorkopplung","status":"publish","type":"post","link":"https:\/\/www.windenergie-politik-gesellschaft.de\/?p=640","title":{"rendered":"Streitfragen Sektorkopplung"},"content":{"rendered":"<p>&#8220;Sektorkopplung ist das neueste Buzzword der Energiebranche.<br \/>\nZwischen Strom- und Gasbranche ist in der Diskussion, wohin<br \/>\ndie Reise gehen soll. Ein Streitgespr\u00e4ch&#8221;<\/p>\n<p>Quelle: <em><a href=\"https:\/\/www.arge-netz.de\/fileadmin\/user_upload\/dokumente\/160610_MG_Streitfragen_Sektorkopplung__002_.pdf\">160610_MG_Streitfragen_Sektorkopplung__002_.pdf<\/a><\/em><\/p>\n","protected":false},"excerpt":{"rendered":"<p>&#8220;Sektorkopplung ist das neueste Buzzword der Energiebranche. Zwischen Strom- und Gasbranche ist in der Diskussion, wohin die Reise gehen soll. Ein Streitgespr\u00e4ch&#8221; Quelle: 160610_MG_Streitfragen_Sektorkopplung__002_.pdf<\/p>\n","protected":false},"author":2,"featured_media":0,"comment_status":"open","ping_status":"open","sticky":false,"template":"","format":"standard","meta":{"jetpack_post_was_ever_published":false,"_jetpack_newsletter_access":"","_jetpack_dont_email_post_to_subs":false,"_jetpack_newsletter_tier_id":0,"_jetpack_memberships_contains_paywalled_content":false,"_jetpack_memberships_contains_paid_content":false,"footnotes":"","jetpack_publicize_message":"","jetpack_publicize_feature_enabled":true,"jetpack_social_post_already_shared":true,"jetpack_social_options":{"image_generator_settings":{"template":"highway","default_image_id":0,"font":"","enabled":false},"version":2}},"categories":[3,10,1],"tags":[78,91,119],"class_list":["post-640","post","type-post","status-publish","format-standard","hentry","category-presse","category-strom-speicher","category-windenergie-allgemein","tag-sektorenkopplung","tag-sektorkopplung","tag-speicher"],"jetpack_publicize_connections":[],"jetpack_featured_media_url":"","jetpack_sharing_enabled":true,"jetpack_shortlink":"https:\/\/wp.me\/p6ODB3-ak","jetpack-related-posts":[{"id":926,"url":"https:\/\/www.windenergie-politik-gesellschaft.de\/?p=926","url_meta":{"origin":640,"position":0},"title":"Windstrom zum Heizen und Auto fahren","author":"Joern Woehlk","date":"24. April 2018","format":false,"excerpt":"BWE-Pr\u00e4sident Hermann Albers auf dem Windbranchentag in Schleswig-Holstein: \"Eine erfolgreiche Kopplung der Sektoren Strom, W\u00e4rme und Verkehr ist nicht nur Vision, sondern bereits gelebte Praxis in St\u00e4dten und Gemeinden. Schleswig-Holstein war und ist beim Netzausbau Vorreiter. Parallel brauchen wir aber auch fortschrittliche Impulse um Windstrom vor Ort nutzen zu k\u00f6nnen.\"\u2026","rel":"","context":"In &quot;Presse&quot;","block_context":{"text":"Presse","link":"https:\/\/www.windenergie-politik-gesellschaft.de\/?cat=3"},"img":{"alt_text":"","src":"","width":0,"height":0},"classes":[]},{"id":738,"url":"https:\/\/www.windenergie-politik-gesellschaft.de\/?p=738","url_meta":{"origin":640,"position":1},"title":"Baake: Sektorkopplung verlangt nach Steuerreform","author":"Joern Woehlk","date":"1. Februar 2017","format":false,"excerpt":"\"Wir brauchen eine Strategie, wie wir mit Strom Benzin und Diesel im Verkehr und \u00d6l und Gas beim Heizen unserer Geb\u00e4ude abl\u00f6sen\" Ein guter Artikel, der die aktuellen Schwierigkeiten beleuchtet. Quelle: Baake: Sektorkopplung verlangt nach Steuerreform - energate messenger+","rel":"","context":"In &quot;Presse&quot;","block_context":{"text":"Presse","link":"https:\/\/www.windenergie-politik-gesellschaft.de\/?cat=3"},"img":{"alt_text":"","src":"","width":0,"height":0},"classes":[]},{"id":654,"url":"https:\/\/www.windenergie-politik-gesellschaft.de\/?p=654","url_meta":{"origin":640,"position":2},"title":"Wie Siemens mit Steinen zuk\u00fcnftig Windenergie speichern will","author":"Joern Woehlk","date":"29. September 2016","format":false,"excerpt":"Eine weitere Idee in der Sammlung: Wie speichere ich am besten Energie? HAMBURG (IT-Times) - Die Windsparte der Siemens AG will Windenergie mit neuen thermischen Speicher-L\u00f6sungen lagern. Dabei sollen Steine erhitzt und isoliert werden.Quelle: Wie Siemens mit Steinen zuk\u00fcnftig Windenergie speichern will","rel":"","context":"In &quot;Windenergie allgemein&quot;","block_context":{"text":"Windenergie allgemein","link":"https:\/\/www.windenergie-politik-gesellschaft.de\/?cat=1"},"img":{"alt_text":"","src":"","width":0,"height":0},"classes":[]},{"id":1030,"url":"https:\/\/www.windenergie-politik-gesellschaft.de\/?p=1030","url_meta":{"origin":640,"position":3},"title":"Studie: Sektorkopplung wirtschaftlich mit Experimentierklauseln","author":"Joern Woehlk","date":"15. M\u00e4rz 2019","format":false,"excerpt":"\u201eF\u00fcr eine echte Energiewende muss das Gesetzgebungsverfahren zur Umsetzung der Experimentierklausel jetzt eingeleitet werden. Das kann etwa im Bundesrat durch ein B\u00fcndnis der L\u00e4nder erfolgen, die dazu bereit sind\u201c Quelle: KW10\u00a0|\u00a0Studie: Sektorkopplung wirtschaftlich mit Experimentierklauseln\u00a0-\u00a0SolarServer","rel":"","context":"In &quot;Presse&quot;","block_context":{"text":"Presse","link":"https:\/\/www.windenergie-politik-gesellschaft.de\/?cat=3"},"img":{"alt_text":"","src":"","width":0,"height":0},"classes":[]},{"id":599,"url":"https:\/\/www.windenergie-politik-gesellschaft.de\/?p=599","url_meta":{"origin":640,"position":4},"title":"Sektorkopplung durch die Energiewende &#8211; HTW-2016-Sektorkopplungsstudie","author":"Joern Woehlk","date":"19. Juli 2016","format":false,"excerpt":"Quelle: Sektorkopplung durch die Energiewende - HTW-2016-Sektorkopplungsstudie.pdf","rel":"","context":"In &quot;Windenergie allgemein&quot;","block_context":{"text":"Windenergie allgemein","link":"https:\/\/www.windenergie-politik-gesellschaft.de\/?cat=1"},"img":{"alt_text":"","src":"","width":0,"height":0},"classes":[]},{"id":451,"url":"https:\/\/www.windenergie-politik-gesellschaft.de\/?p=451","url_meta":{"origin":640,"position":5},"title":"Fraunhofer IWES zum Thema Sektorkopplung Februar 2015","author":"Joern Woehlk","date":"8. Mai 2016","format":false,"excerpt":"Effiziente Sektorkopplung wirtschaftlich erm\u00f6glichen f\u00fcr eine erfolgreiche Energiewende Quelle: Standard - 150302_fraunhofer-iwes_ausfhrliche-stellungnahme-pro-effiziente-sektorkopplung.pdf","rel":"","context":"In &quot;Windenergie allgemein&quot;","block_context":{"text":"Windenergie allgemein","link":"https:\/\/www.windenergie-politik-gesellschaft.de\/?cat=1"},"img":{"alt_text":"","src":"","width":0,"height":0},"classes":[]}],"_links":{"self":[{"href":"https:\/\/www.windenergie-politik-gesellschaft.de\/index.php?rest_route=\/wp\/v2\/posts\/640","targetHints":{"allow":["GET"]}}],"collection":[{"href":"https:\/\/www.windenergie-politik-gesellschaft.de\/index.php?rest_route=\/wp\/v2\/posts"}],"about":[{"href":"https:\/\/www.windenergie-politik-gesellschaft.de\/index.php?rest_route=\/wp\/v2\/types\/post"}],"author":[{"embeddable":true,"href":"https:\/\/www.windenergie-politik-gesellschaft.de\/index.php?rest_route=\/wp\/v2\/users\/2"}],"replies":[{"embeddable":true,"href":"https:\/\/www.windenergie-politik-gesellschaft.de\/index.php?rest_route=%2Fwp%2Fv2%2Fcomments&post=640"}],"version-history":[{"count":1,"href":"https:\/\/www.windenergie-politik-gesellschaft.de\/index.php?rest_route=\/wp\/v2\/posts\/640\/revisions"}],"predecessor-version":[{"id":641,"href":"https:\/\/www.windenergie-politik-gesellschaft.de\/index.php?rest_route=\/wp\/v2\/posts\/640\/revisions\/641"}],"wp:attachment":[{"href":"https:\/\/www.windenergie-politik-gesellschaft.de\/index.php?rest_route=%2Fwp%2Fv2%2Fmedia&parent=640"}],"wp:term":[{"taxonomy":"category","embeddable":true,"href":"https:\/\/www.windenergie-politik-gesellschaft.de\/index.php?rest_route=%2Fwp%2Fv2%2Fcategories&post=640"},{"taxonomy":"post_tag","embeddable":true,"href":"https:\/\/www.windenergie-politik-gesellschaft.de\/index.php?rest_route=%2Fwp%2Fv2%2Ftags&post=640"}],"curies":[{"name":"wp","href":"https:\/\/api.w.org\/{rel}","templated":true}]}}