{"id":643,"date":"2016-09-21T16:50:25","date_gmt":"2016-09-21T14:50:25","guid":{"rendered":"http:\/\/www.windenergie-politik-gesellschaft.de\/?p=643"},"modified":"2016-09-21T16:50:25","modified_gmt":"2016-09-21T14:50:25","slug":"status-des-windenergieausbaus-in-deutschland-1-halbjahr-2016","status":"publish","type":"post","link":"https:\/\/www.windenergie-politik-gesellschaft.de\/?p=643","title":{"rendered":"Status des Windenergieausbaus in Deutschland 1. Halbjahr 2016"},"content":{"rendered":"<p>&#8220;Qualitativ gute Auswertung der Firma windguard f\u00fcr den deutschen Windenergiemarkt.&#8221;<\/p>\n<p>Quelle: <em><a href=\"http:\/\/www.windguard.de\/_Resources\/Persistent\/e6c0f00ee4aa66c601174061b75baace8f17d1bc\/Factsheet-Status-Windenergieausbau-an-Land-1.-Halbjahr-2016.pdf\">Status des Windenergieausbaus in Deutschland &#8211; Factsheet-Status-Windenergieausbau-an-Land-1.-Halbjahr-2016.pdf<\/a><\/em><\/p>\n","protected":false},"excerpt":{"rendered":"<p>&#8220;Qualitativ gute Auswertung der Firma windguard f\u00fcr den deutschen Windenergiemarkt.&#8221; Quelle: Status des Windenergieausbaus in Deutschland &#8211; Factsheet-Status-Windenergieausbau-an-Land-1.-Halbjahr-2016.pdf<\/p>\n","protected":false},"author":2,"featured_media":0,"comment_status":"open","ping_status":"open","sticky":false,"template":"","format":"aside","meta":{"jetpack_post_was_ever_published":false,"_jetpack_newsletter_access":"","_jetpack_dont_email_post_to_subs":false,"_jetpack_newsletter_tier_id":0,"_jetpack_memberships_contains_paywalled_content":false,"_jetpack_memberships_contains_paid_content":false,"footnotes":"","jetpack_publicize_message":"","jetpack_publicize_feature_enabled":true,"jetpack_social_post_already_shared":true,"jetpack_social_options":{"image_generator_settings":{"template":"highway","default_image_id":0,"font":"","enabled":false},"version":2}},"categories":[22,1],"tags":[84],"class_list":["post-643","post","type-post","status-publish","format-aside","hentry","category-marktdaten","category-windenergie-allgemein","tag-marktdaten","post_format-post-format-aside"],"jetpack_publicize_connections":[],"jetpack_featured_media_url":"","jetpack_sharing_enabled":true,"jetpack_shortlink":"https:\/\/wp.me\/p6ODB3-an","jetpack-related-posts":[{"id":826,"url":"https:\/\/www.windenergie-politik-gesellschaft.de\/?p=826","url_meta":{"origin":643,"position":0},"title":"Bundesnetzagentur &#8211; Gebotstermin 1. August 2017","author":"Joern Woehlk","date":"16. August 2017","format":false,"excerpt":"Gesetzlich definierte B\u00fcrgerenergie dominiert wieder fast vollst\u00e4ndig 2. Ausschreibungsrunde. Erwartungsgem\u00e4\u00df wird auch die zweite Ausschreibungsrunde Wind an Land durch Akteure, die die Voraussetzungen der nach dem EEG definierten B\u00fcrgerenergie erf\u00fcllen, mit 95% der bezuschlagten Menge dominiert. Damit erh\u00f6ht sich weiter die Unsicherheit, ob der Zubaukorridor in den Jahren nach 2018\u2026","rel":"","context":"In &quot;Marktdaten&quot;","block_context":{"text":"Marktdaten","link":"https:\/\/www.windenergie-politik-gesellschaft.de\/?cat=22"},"img":{"alt_text":"","src":"","width":0,"height":0},"classes":[]},{"id":1048,"url":"https:\/\/www.windenergie-politik-gesellschaft.de\/?p=1048","url_meta":{"origin":643,"position":1},"title":"Erneuerbare Energien in Deutschland &#8211; Daten zur Entwicklung im Jahr 2018","author":"Joern Woehlk","date":"10. April 2019","format":false,"excerpt":"Eine detailreiche Darstellung der Entwicklung in Deutschland. Quelle: Erneuerbare Energien in Deutschland. Daten zur Entwicklung im Jahr 2018 - uba_hgp_eeinzahlen_2019_bf.pdf","rel":"","context":"In &quot;Marktdaten&quot;","block_context":{"text":"Marktdaten","link":"https:\/\/www.windenergie-politik-gesellschaft.de\/?cat=22"},"img":{"alt_text":"","src":"","width":0,"height":0},"classes":[]},{"id":1222,"url":"https:\/\/www.windenergie-politik-gesellschaft.de\/?p=1222","url_meta":{"origin":643,"position":2},"title":"Publikationen &#8211; Windindustrie in Deutschland","author":"Joern Woehlk","date":"19. Januar 2021","format":false,"excerpt":"Gro\u00dfe Sammlung an Fachinformationen zur Windenergie und regenerativen Energien insgesamt. Quelle: Publikationen - Windindustrie in Deutschland","rel":"","context":"In &quot;Marktdaten&quot;","block_context":{"text":"Marktdaten","link":"https:\/\/www.windenergie-politik-gesellschaft.de\/?cat=22"},"img":{"alt_text":"","src":"","width":0,"height":0},"classes":[]},{"id":1138,"url":"https:\/\/www.windenergie-politik-gesellschaft.de\/?p=1138","url_meta":{"origin":643,"position":3},"title":"Strommix Deutschland: Stromerzeugung nach Energietr\u00e4ger in 2019","author":"Joern Woehlk","date":"2. Januar 2020","format":false,"excerpt":"Aktuelle Daten zum deutschen Energiemarkt f\u00fcr das jahr 2019, sehr gut aufbereitet. Quelle: Strommix Deutschland: Stromerzeugung nach Energietr\u00e4ger","rel":"","context":"In &quot;Marktdaten&quot;","block_context":{"text":"Marktdaten","link":"https:\/\/www.windenergie-politik-gesellschaft.de\/?cat=22"},"img":{"alt_text":"","src":"","width":0,"height":0},"classes":[]},{"id":907,"url":"https:\/\/www.windenergie-politik-gesellschaft.de\/?p=907","url_meta":{"origin":643,"position":4},"title":"Zubaukarte Fachagentur Windenergie","author":"Joern Woehlk","date":"20. April 2018","format":false,"excerpt":"Gute \u00dcbersicht, die die L\u00fccken in Deutschland kenntlich macht. Quelle: Zubaukarte Fachagentur Windenergie","rel":"","context":"In &quot;Marktdaten&quot;","block_context":{"text":"Marktdaten","link":"https:\/\/www.windenergie-politik-gesellschaft.de\/?cat=22"},"img":{"alt_text":"","src":"","width":0,"height":0},"classes":[]},{"id":1033,"url":"https:\/\/www.windenergie-politik-gesellschaft.de\/?p=1033","url_meta":{"origin":643,"position":5},"title":"Informationsportal Erneuerbare Energien &#8211; Erneuerbare Energien in Zahlen","author":"Joern Woehlk","date":"25. M\u00e4rz 2019","format":false,"excerpt":"Gute Quelle f\u00fcr Statistiken rund um die Erneuerbaren in Deutschland. Quelle: Informationsportal Erneuerbare Energien - Erneuerbare Energien in Zahlen","rel":"","context":"In &quot;Marktdaten&quot;","block_context":{"text":"Marktdaten","link":"https:\/\/www.windenergie-politik-gesellschaft.de\/?cat=22"},"img":{"alt_text":"","src":"","width":0,"height":0},"classes":[]}],"_links":{"self":[{"href":"https:\/\/www.windenergie-politik-gesellschaft.de\/index.php?rest_route=\/wp\/v2\/posts\/643","targetHints":{"allow":["GET"]}}],"collection":[{"href":"https:\/\/www.windenergie-politik-gesellschaft.de\/index.php?rest_route=\/wp\/v2\/posts"}],"about":[{"href":"https:\/\/www.windenergie-politik-gesellschaft.de\/index.php?rest_route=\/wp\/v2\/types\/post"}],"author":[{"embeddable":true,"href":"https:\/\/www.windenergie-politik-gesellschaft.de\/index.php?rest_route=\/wp\/v2\/users\/2"}],"replies":[{"embeddable":true,"href":"https:\/\/www.windenergie-politik-gesellschaft.de\/index.php?rest_route=%2Fwp%2Fv2%2Fcomments&post=643"}],"version-history":[{"count":1,"href":"https:\/\/www.windenergie-politik-gesellschaft.de\/index.php?rest_route=\/wp\/v2\/posts\/643\/revisions"}],"predecessor-version":[{"id":644,"href":"https:\/\/www.windenergie-politik-gesellschaft.de\/index.php?rest_route=\/wp\/v2\/posts\/643\/revisions\/644"}],"wp:attachment":[{"href":"https:\/\/www.windenergie-politik-gesellschaft.de\/index.php?rest_route=%2Fwp%2Fv2%2Fmedia&parent=643"}],"wp:term":[{"taxonomy":"category","embeddable":true,"href":"https:\/\/www.windenergie-politik-gesellschaft.de\/index.php?rest_route=%2Fwp%2Fv2%2Fcategories&post=643"},{"taxonomy":"post_tag","embeddable":true,"href":"https:\/\/www.windenergie-politik-gesellschaft.de\/index.php?rest_route=%2Fwp%2Fv2%2Ftags&post=643"}],"curies":[{"name":"wp","href":"https:\/\/api.w.org\/{rel}","templated":true}]}}