{"id":654,"date":"2016-09-29T08:50:15","date_gmt":"2016-09-29T06:50:15","guid":{"rendered":"http:\/\/www.windenergie-politik-gesellschaft.de\/?p=654"},"modified":"2016-09-29T08:50:15","modified_gmt":"2016-09-29T06:50:15","slug":"wie-siemens-mit-steinen-zukuenftig-windenergie-speichern-will","status":"publish","type":"post","link":"https:\/\/www.windenergie-politik-gesellschaft.de\/?p=654","title":{"rendered":"Wie Siemens mit Steinen zuk\u00fcnftig Windenergie speichern will"},"content":{"rendered":"<p>Eine weitere Idee in der Sammlung: Wie speichere ich am besten Energie?<\/p>\n<blockquote><p>HAMBURG (IT-Times) &#8211; Die Windsparte der Siemens AG will Windenergie mit neuen thermischen Speicher-L\u00f6sungen lagern. Dabei sollen Steine erhitzt und isoliert werden.<\/p><\/blockquote>\n<p>Quelle: <em><a href=\"http:\/\/www.it-times.de\/news\/wie-siemens-mit-steinen-zukunftig-windenergie-speichern-will-120116\/\">Wie Siemens mit Steinen zuk\u00fcnftig Windenergie speichern will<\/a><\/em><\/p>\n","protected":false},"excerpt":{"rendered":"<p>Eine weitere Idee in der Sammlung: Wie speichere ich am besten Energie? HAMBURG (IT-Times) &#8211; Die Windsparte der Siemens AG will Windenergie mit neuen thermischen Speicher-L\u00f6sungen lagern. Dabei sollen Steine erhitzt und isoliert werden. Quelle: Wie Siemens mit Steinen zuk\u00fcnftig Windenergie speichern will<\/p>\n","protected":false},"author":2,"featured_media":0,"comment_status":"open","ping_status":"open","sticky":false,"template":"","format":"standard","meta":{"jetpack_post_was_ever_published":false,"_jetpack_newsletter_access":"","_jetpack_dont_email_post_to_subs":false,"_jetpack_newsletter_tier_id":0,"_jetpack_memberships_contains_paywalled_content":false,"_jetpack_memberships_contains_paid_content":false,"footnotes":"","jetpack_publicize_message":"","jetpack_publicize_feature_enabled":true,"jetpack_social_post_already_shared":true,"jetpack_social_options":{"image_generator_settings":{"template":"highway","default_image_id":0,"font":"","enabled":false},"version":2}},"categories":[1],"tags":[78,91,119],"class_list":["post-654","post","type-post","status-publish","format-standard","hentry","category-windenergie-allgemein","tag-sektorenkopplung","tag-sektorkopplung","tag-speicher"],"jetpack_publicize_connections":[],"jetpack_featured_media_url":"","jetpack_sharing_enabled":true,"jetpack_shortlink":"https:\/\/wp.me\/p6ODB3-ay","jetpack-related-posts":[{"id":1253,"url":"https:\/\/www.windenergie-politik-gesellschaft.de\/?p=1253","url_meta":{"origin":654,"position":0},"title":"Modular, flexibel und systemdienlich: die ETES-Technologie","author":"Joern Woehlk","date":"6. April 2021","format":false,"excerpt":"Siemens Gamesa hat mit ETES (Elektrothermischer Energiespeicher) eine Idee entwickelt, um g\u00fcnstig Energie zu speichern. ETESQuelle: Modular, flexibel und systemdienlich: die ETES-Technologie","rel":"","context":"In &quot;Strom - Netze&quot;","block_context":{"text":"Strom - Netze","link":"https:\/\/www.windenergie-politik-gesellschaft.de\/?cat=11"},"img":{"alt_text":"","src":"","width":0,"height":0},"classes":[]},{"id":999,"url":"https:\/\/www.windenergie-politik-gesellschaft.de\/?p=999","url_meta":{"origin":654,"position":1},"title":"EWE will die gr\u00f6\u00dfte Batterie der Welt bauen","author":"Joern Woehlk","date":"1. November 2018","format":false,"excerpt":"\"Der Oldenburger Energieversorger EWE will die gr\u00f6\u00dfte Batterie der Welt bauen. Und zwar in einer unterirdischen Kaverne in Jemgum im Landkreis Leer. Die dortigen Hohlr\u00e4ume sind durch den Abbau von Salz entstanden und rund 100 Meter hoch. Doch nicht nur rein r\u00e4umlich ist die Dimension riesig, auch f\u00fcr die Energiewende\u2026","rel":"","context":"In &quot;Presse&quot;","block_context":{"text":"Presse","link":"https:\/\/www.windenergie-politik-gesellschaft.de\/?cat=3"},"img":{"alt_text":"","src":"","width":0,"height":0},"classes":[]},{"id":725,"url":"https:\/\/www.windenergie-politik-gesellschaft.de\/?p=725","url_meta":{"origin":654,"position":2},"title":"Doppelbelastung von Speichern ist pass\u00e9","author":"Joern Woehlk","date":"21. Dezember 2016","format":false,"excerpt":"\"Auf die reine Speicherung von Strom in Batterien muss ab dem neuen Jahr keine EEG-Umlage mehr gezahlt werden. Dies haben Bundestag und Bundesrat mit der \u00c4nderung des Erneuerbare-Energien-Gesetzes (EEG 2017) noch vor Weihnachten 2016 beschlossen. Abweichend ist die Regelung bei Speichern, deren Strom nicht komplett selbst verbraucht oder komplett in\u2026","rel":"","context":"In &quot;Presse&quot;","block_context":{"text":"Presse","link":"https:\/\/www.windenergie-politik-gesellschaft.de\/?cat=3"},"img":{"alt_text":"","src":"","width":0,"height":0},"classes":[]},{"id":185,"url":"https:\/\/www.windenergie-politik-gesellschaft.de\/?p=185","url_meta":{"origin":654,"position":3},"title":"Interview mit Raphael Eckert, Yuasa zum Thema Energiespeicher","author":"Joern Woehlk","date":"14. Oktober 2015","format":false,"excerpt":"Energiespeicher und Energiewende sind eng miteinander verbunden. Welche Herausforderungen daraus entstehen und warum Lithium-Ionen-Akkus nicht immer die beste Wahl sind, dar\u00fcber sprach Elektronik-Redakteurin Andrea Gillhuber mit Group Sales Manager Raphael Eckert von Yuasa. Quelle: Interview mit Raphael Eckert, Yuasa: \u00bbWindenergie nur zu speichern ist oft nicht sinnvoll\u00ab \u2013 elektroniknet.de","rel":"","context":"In &quot;Marktdaten&quot;","block_context":{"text":"Marktdaten","link":"https:\/\/www.windenergie-politik-gesellschaft.de\/?cat=22"},"img":{"alt_text":"","src":"","width":0,"height":0},"classes":[]},{"id":1228,"url":"https:\/\/www.windenergie-politik-gesellschaft.de\/?p=1228","url_meta":{"origin":654,"position":4},"title":"Flexibilit\u00e4t aus dem Virtuellen Kraftwerk auf Verteilnetzebene","author":"Joern Woehlk","date":"29. Januar 2021","format":false,"excerpt":"\"Zappelstrom\" ist ein gern genutzter Ausdruck der Gegner von regenerativen Energien, vornehmlich der Windkraftgegener, der dazu dienen soll, diese Art der Energieproduktion zu diskreditieren. Dieser Artikel zeigt, wie weit die Integration der fluktuierenden Energien schon gelingt und wie sehr sich die Gegener t\u00e4uschen in ihrer Meinung. Quelle: Support your local\u2026","rel":"","context":"In &quot;Strom - Netze&quot;","block_context":{"text":"Strom - Netze","link":"https:\/\/www.windenergie-politik-gesellschaft.de\/?cat=11"},"img":{"alt_text":"","src":"","width":0,"height":0},"classes":[]},{"id":667,"url":"https:\/\/www.windenergie-politik-gesellschaft.de\/?p=667","url_meta":{"origin":654,"position":5},"title":"Redox-Flow, Energie nach Bedarf; 3sat.online &#8211; Mediathek","author":"Joern Woehlk","date":"16. Oktober 2016","format":false,"excerpt":"05.11.2015: Bericht \u00fcber Uni Jena, Entwicklung von Redox-Flow Batterien Strom produzieren, speichern und bei Bedarf nutzen: Jenaer Forscher haben eine Redox-Flow-Batterie auf Polymer-Basis entwickelt, die das m\u00f6glich machen soll.Quelle: 3sat.online - Mediathek: Energie nach Bedarf","rel":"","context":"In &quot;Strom-Speicher&quot;","block_context":{"text":"Strom-Speicher","link":"https:\/\/www.windenergie-politik-gesellschaft.de\/?cat=10"},"img":{"alt_text":"","src":"","width":0,"height":0},"classes":[]}],"_links":{"self":[{"href":"https:\/\/www.windenergie-politik-gesellschaft.de\/index.php?rest_route=\/wp\/v2\/posts\/654","targetHints":{"allow":["GET"]}}],"collection":[{"href":"https:\/\/www.windenergie-politik-gesellschaft.de\/index.php?rest_route=\/wp\/v2\/posts"}],"about":[{"href":"https:\/\/www.windenergie-politik-gesellschaft.de\/index.php?rest_route=\/wp\/v2\/types\/post"}],"author":[{"embeddable":true,"href":"https:\/\/www.windenergie-politik-gesellschaft.de\/index.php?rest_route=\/wp\/v2\/users\/2"}],"replies":[{"embeddable":true,"href":"https:\/\/www.windenergie-politik-gesellschaft.de\/index.php?rest_route=%2Fwp%2Fv2%2Fcomments&post=654"}],"version-history":[{"count":1,"href":"https:\/\/www.windenergie-politik-gesellschaft.de\/index.php?rest_route=\/wp\/v2\/posts\/654\/revisions"}],"predecessor-version":[{"id":655,"href":"https:\/\/www.windenergie-politik-gesellschaft.de\/index.php?rest_route=\/wp\/v2\/posts\/654\/revisions\/655"}],"wp:attachment":[{"href":"https:\/\/www.windenergie-politik-gesellschaft.de\/index.php?rest_route=%2Fwp%2Fv2%2Fmedia&parent=654"}],"wp:term":[{"taxonomy":"category","embeddable":true,"href":"https:\/\/www.windenergie-politik-gesellschaft.de\/index.php?rest_route=%2Fwp%2Fv2%2Fcategories&post=654"},{"taxonomy":"post_tag","embeddable":true,"href":"https:\/\/www.windenergie-politik-gesellschaft.de\/index.php?rest_route=%2Fwp%2Fv2%2Ftags&post=654"}],"curies":[{"name":"wp","href":"https:\/\/api.w.org\/{rel}","templated":true}]}}