{"id":744,"date":"2017-02-04T11:21:30","date_gmt":"2017-02-04T10:21:30","guid":{"rendered":"http:\/\/www.windenergie-politik-gesellschaft.de\/?p=744"},"modified":"2017-02-04T11:21:30","modified_gmt":"2017-02-04T10:21:30","slug":"enbw-und-bosch-bauen-batteriespeicher-energate-messenger","status":"publish","type":"post","link":"https:\/\/www.windenergie-politik-gesellschaft.de\/?p=744","title":{"rendered":"EnBW und Bosch bauen Batteriespeicher &#8211; energate messenger+"},"content":{"rendered":"<p>Quelle: <em><a href=\"http:\/\/www.energate-messenger.de\/news\/171515\/enbw-und-bosch-bauen-batteriespeicher\">EnBW und Bosch bauen Batteriespeicher &#8211; energate messenger+<\/a><\/em><\/p>\n","protected":false},"excerpt":{"rendered":"<p>Quelle: EnBW und Bosch bauen Batteriespeicher &#8211; energate messenger+<\/p>\n","protected":false},"author":2,"featured_media":0,"comment_status":"open","ping_status":"open","sticky":false,"template":"","format":"standard","meta":{"jetpack_post_was_ever_published":false,"_jetpack_newsletter_access":"","_jetpack_dont_email_post_to_subs":false,"_jetpack_newsletter_tier_id":0,"_jetpack_memberships_contains_paywalled_content":false,"_jetpack_memberships_contains_paid_content":false,"footnotes":"","jetpack_publicize_message":"","jetpack_publicize_feature_enabled":true,"jetpack_social_post_already_shared":true,"jetpack_social_options":{"image_generator_settings":{"template":"highway","default_image_id":0,"font":"","enabled":false},"version":2}},"categories":[3,10],"tags":[87],"class_list":["post-744","post","type-post","status-publish","format-standard","hentry","category-presse","category-strom-speicher","tag-batteriespeicher"],"jetpack_publicize_connections":[],"jetpack_featured_media_url":"","jetpack_sharing_enabled":true,"jetpack_shortlink":"https:\/\/wp.me\/p6ODB3-c0","jetpack-related-posts":[{"id":957,"url":"https:\/\/www.windenergie-politik-gesellschaft.de\/?p=957","url_meta":{"origin":744,"position":0},"title":"Energiewende: Briten bauen gro\u00dfes Batterienetz","author":"Joern Woehlk","date":"22. Mai 2018","format":false,"excerpt":"Sch\u00f6n, das zumindest unsere europ\u00e4ischen Nachbarn so etwas schaffen... Wenn immer mehr Strom aus Wind- und Solaranlagen kommt, wird die Versorgung immer unsicherer. Gro\u00dfbritannien will nach SPIEGEL-Informationen deshalb ein tief greifendes Update seiner Stromnetze durchf\u00fchren.Quelle: Energiewende: Briten bauen gro\u00dfes Batterienetz - SPIEGEL ONLINE","rel":"","context":"In &quot;Presse&quot;","block_context":{"text":"Presse","link":"https:\/\/www.windenergie-politik-gesellschaft.de\/?cat=3"},"img":{"alt_text":"","src":"","width":0,"height":0},"classes":[]},{"id":999,"url":"https:\/\/www.windenergie-politik-gesellschaft.de\/?p=999","url_meta":{"origin":744,"position":1},"title":"EWE will die gr\u00f6\u00dfte Batterie der Welt bauen","author":"Joern Woehlk","date":"1. November 2018","format":false,"excerpt":"\"Der Oldenburger Energieversorger EWE will die gr\u00f6\u00dfte Batterie der Welt bauen. Und zwar in einer unterirdischen Kaverne in Jemgum im Landkreis Leer. Die dortigen Hohlr\u00e4ume sind durch den Abbau von Salz entstanden und rund 100 Meter hoch. Doch nicht nur rein r\u00e4umlich ist die Dimension riesig, auch f\u00fcr die Energiewende\u2026","rel":"","context":"In &quot;Presse&quot;","block_context":{"text":"Presse","link":"https:\/\/www.windenergie-politik-gesellschaft.de\/?cat=3"},"img":{"alt_text":"","src":"","width":0,"height":0},"classes":[]},{"id":703,"url":"https:\/\/www.windenergie-politik-gesellschaft.de\/?p=703","url_meta":{"origin":744,"position":2},"title":"Batteriespeicher werden f\u00fcr Verteilnetzbetreiber attraktiver","author":"Joern Woehlk","date":"5. Dezember 2016","format":false,"excerpt":"Mit Blick auf die Kosten f\u00fcr Systemdienstleistungen und den Netzausbau werden die Batteriespeicher im Vergleich zu konventionellen Kraftwerken immer mehr zur willkommenen Alternative. Verteilnetzbetreiber werden auf diese Technologien immer mehr zur\u00fcckgreifen und k\u00f6nnen so viel Geld sparen.. Mit ERNEUERBARE ENERGIEN erhalten Sie stets aktuelle Meldungen und Berichte aus dem Bereich\u2026","rel":"","context":"In &quot;Presse&quot;","block_context":{"text":"Presse","link":"https:\/\/www.windenergie-politik-gesellschaft.de\/?cat=3"},"img":{"alt_text":"","src":"","width":0,"height":0},"classes":[]},{"id":686,"url":"https:\/\/www.windenergie-politik-gesellschaft.de\/?p=686","url_meta":{"origin":744,"position":3},"title":"energiezukunft:\u00a0Gr\u00f6\u00dfter Batteriespeicher Deutschlands am Netz","author":"Joern Woehlk","date":"23. November 2016","format":false,"excerpt":"Der Energiekonzern Steag hat Speichersysteme mit einer Gesamtleistung von 90 Megawatt im Saarland und Nordrhein-Westfalen in Betrieb genommen. Die Batteriespeicher sollen Schwankungen durch Erneuerbare ausgleichen und Regelenergie bereitstellen.Quelle: energiezukunft:\u00a0Gr\u00f6\u00dfter Batteriespeicher Deutschlands am Netz","rel":"","context":"In &quot;Marktdaten&quot;","block_context":{"text":"Marktdaten","link":"https:\/\/www.windenergie-politik-gesellschaft.de\/?cat=22"},"img":{"alt_text":"","src":"","width":0,"height":0},"classes":[]},{"id":712,"url":"https:\/\/www.windenergie-politik-gesellschaft.de\/?p=712","url_meta":{"origin":744,"position":4},"title":"Batteriespeicher: 35 neue Eintr\u00e4ge in pv magazine Markt\u00fcbersicht","author":"Joern Woehlk","date":"13. Dezember 2016","format":false,"excerpt":"Sehr gute und aktuelle \u00dcbersicht der aktuellen Hersteller und Preise. Quelle: Batteriespeicher: 35 neue Eintr\u00e4ge in pv magazine Markt\u00fcbersicht","rel":"","context":"In &quot;Strom-Speicher&quot;","block_context":{"text":"Strom-Speicher","link":"https:\/\/www.windenergie-politik-gesellschaft.de\/?cat=10"},"img":{"alt_text":"","src":"","width":0,"height":0},"classes":[]},{"id":634,"url":"https:\/\/www.windenergie-politik-gesellschaft.de\/?p=634","url_meta":{"origin":744,"position":5},"title":"Weltweit gr\u00f6\u00dfter Second-Use Batteriespeicher geht ans Netz mit 13 MWh","author":"Joern Woehlk","date":"14. September 2016","format":false,"excerpt":"\"Ein wirtschaftlicher Betrieb im station\u00e4ren Bereich sei f\u00fcr sch\u00e4tzungsweise mindestens zehn weitere Jahre m\u00f6glich. Die Weiterverwendung der Module aus Elektroautos in einem Batteriespeicher verdopple deren wirtschaftlichen Nutzen und steigere au\u00dferdem nachweislich deren Umweltbilanz.\" Ein wirtschaftlicher Betrieb im station\u00e4ren Bereich sei f\u00fcr sch\u00e4tzungsweise mindestens zehn weitere Jahre m\u00f6glich. Die Weiterverwendung der\u2026","rel":"","context":"In &quot;Strom-Speicher&quot;","block_context":{"text":"Strom-Speicher","link":"https:\/\/www.windenergie-politik-gesellschaft.de\/?cat=10"},"img":{"alt_text":"","src":"","width":0,"height":0},"classes":[]}],"_links":{"self":[{"href":"https:\/\/www.windenergie-politik-gesellschaft.de\/index.php?rest_route=\/wp\/v2\/posts\/744","targetHints":{"allow":["GET"]}}],"collection":[{"href":"https:\/\/www.windenergie-politik-gesellschaft.de\/index.php?rest_route=\/wp\/v2\/posts"}],"about":[{"href":"https:\/\/www.windenergie-politik-gesellschaft.de\/index.php?rest_route=\/wp\/v2\/types\/post"}],"author":[{"embeddable":true,"href":"https:\/\/www.windenergie-politik-gesellschaft.de\/index.php?rest_route=\/wp\/v2\/users\/2"}],"replies":[{"embeddable":true,"href":"https:\/\/www.windenergie-politik-gesellschaft.de\/index.php?rest_route=%2Fwp%2Fv2%2Fcomments&post=744"}],"version-history":[{"count":1,"href":"https:\/\/www.windenergie-politik-gesellschaft.de\/index.php?rest_route=\/wp\/v2\/posts\/744\/revisions"}],"predecessor-version":[{"id":745,"href":"https:\/\/www.windenergie-politik-gesellschaft.de\/index.php?rest_route=\/wp\/v2\/posts\/744\/revisions\/745"}],"wp:attachment":[{"href":"https:\/\/www.windenergie-politik-gesellschaft.de\/index.php?rest_route=%2Fwp%2Fv2%2Fmedia&parent=744"}],"wp:term":[{"taxonomy":"category","embeddable":true,"href":"https:\/\/www.windenergie-politik-gesellschaft.de\/index.php?rest_route=%2Fwp%2Fv2%2Fcategories&post=744"},{"taxonomy":"post_tag","embeddable":true,"href":"https:\/\/www.windenergie-politik-gesellschaft.de\/index.php?rest_route=%2Fwp%2Fv2%2Ftags&post=744"}],"curies":[{"name":"wp","href":"https:\/\/api.w.org\/{rel}","templated":true}]}}