{"id":770,"date":"2017-05-09T11:11:30","date_gmt":"2017-05-09T09:11:30","guid":{"rendered":"http:\/\/www.windenergie-politik-gesellschaft.de\/?p=770"},"modified":"2017-05-09T11:11:30","modified_gmt":"2017-05-09T09:11:30","slug":"netze-gut-im-zeitplan-klimaretter-info","status":"publish","type":"post","link":"https:\/\/www.windenergie-politik-gesellschaft.de\/?p=770","title":{"rendered":"Netze? &#8220;Gut im Zeitplan&#8221; &#8211; klimaretter.info"},"content":{"rendered":"<p>&#8220;Die Energie\u00f6konomin Claudia Kemfert vom Deutschen Institut f\u00fcr Wirtschaftsforschung (DIW) bezeichnet es als &#8220;Mythos&#8221;, dass erst Stromleitungen gebaut werden m\u00fcssten, um erneuerbare Energien ins Netz zu integrieren. Der Netzausbau diene in erster Linie dem Transport von Fossilstrom, so Kemfert im klimaretter.info-Interview. &#8220;Je mehr Stromtrassen, desto mehr Kohlestrom&#8221;, fasst die Expertin zusammen.&#8221;<\/p>\n<blockquote><p>Der Netzausbau &#8220;nimmt Fahrt auf&#8221;, hei\u00dft es in einem Bericht, den die Bundesnetzagentur morgen vorstellt. Reservekraftwerke seien aber noch lange n\u00f6tig<\/p><\/blockquote>\n<p>Quelle: <em><a href=\"http:\/\/www.klimaretter.info\/energie\/nachricht\/23074-netze-gut-im-zeitplan\">Netze? &#8220;Gut im Zeitplan&#8221; &#8211; klimaretter.info<\/a><\/em><\/p>\n","protected":false},"excerpt":{"rendered":"<p>&#8220;Die Energie\u00f6konomin Claudia Kemfert vom Deutschen Institut f\u00fcr Wirtschaftsforschung (DIW) bezeichnet es als &#8220;Mythos&#8221;, dass erst Stromleitungen gebaut werden m\u00fcssten, um erneuerbare Energien ins Netz zu integrieren. Der Netzausbau diene in erster Linie dem Transport von Fossilstrom, so Kemfert im klimaretter.info-Interview. &#8220;Je mehr Stromtrassen, desto mehr Kohlestrom&#8221;, fasst die Expertin zusammen.&#8221; Der Netzausbau &#8220;nimmt Fahrt &#8230; <a title=\"Netze? &#8220;Gut im Zeitplan&#8221; &#8211; klimaretter.info\" class=\"read-more\" href=\"https:\/\/www.windenergie-politik-gesellschaft.de\/?p=770\" aria-label=\"Mehr Informationen \u00fcber Netze? &#8220;Gut im Zeitplan&#8221; &#8211; klimaretter.info\">Weiterlesen<\/a><\/p>\n","protected":false},"author":2,"featured_media":0,"comment_status":"open","ping_status":"open","sticky":false,"template":"","format":"standard","meta":{"jetpack_post_was_ever_published":false,"_jetpack_newsletter_access":"","_jetpack_dont_email_post_to_subs":false,"_jetpack_newsletter_tier_id":0,"_jetpack_memberships_contains_paywalled_content":false,"_jetpack_memberships_contains_paid_content":false,"footnotes":"","jetpack_publicize_message":"","jetpack_publicize_feature_enabled":true,"jetpack_social_post_already_shared":true,"jetpack_social_options":{"image_generator_settings":{"template":"highway","default_image_id":0,"font":"","enabled":false},"version":2}},"categories":[3,11],"tags":[26,140,141],"class_list":["post-770","post","type-post","status-publish","format-standard","hentry","category-presse","category-strom-netze","tag-netzausbau","tag-netzreserve","tag-reservekraftwerksleistung"],"jetpack_publicize_connections":[],"jetpack_featured_media_url":"","jetpack_sharing_enabled":true,"jetpack_shortlink":"https:\/\/wp.me\/p6ODB3-cq","jetpack-related-posts":[{"id":1020,"url":"https:\/\/www.windenergie-politik-gesellschaft.de\/?p=1020","url_meta":{"origin":770,"position":0},"title":"Netzausbau &#8211; Szenariorahmen 2019-2030","author":"Joern Woehlk","date":"6. Februar 2019","format":false,"excerpt":"\"Der Szenariorahmen 2019-2030 beschreibt die wahr\u00adscheinliche Entwicklung der Strom\u00aderzeugungs\u00adkapazit\u00e4ten und des Stromverbrauchs in den Zieljahren 2030 und 2035. Erstmalig wird zudem ein Zwischen\u00adszenario (f\u00fcr das Zieljahr 2025) betrachtet.\" Quelle: Netzausbau - Szenariorahmen 2019-2030","rel":"","context":"In &quot;Strom - Netze&quot;","block_context":{"text":"Strom - Netze","link":"https:\/\/www.windenergie-politik-gesellschaft.de\/?cat=11"},"img":{"alt_text":"","src":"","width":0,"height":0},"classes":[]},{"id":194,"url":"https:\/\/www.windenergie-politik-gesellschaft.de\/?p=194","url_meta":{"origin":770,"position":1},"title":"Netzausbau &#8211; Netzentwicklungspl\u00e4ne 2024 und Umweltbericht","author":"Joern Woehlk","date":"14. Oktober 2015","format":false,"excerpt":"Die Bundesnetzagentur hat den Netzentwicklungsplan Strom 2024 und den Offshore-Netzentwicklungsplan 2024 best\u00e4tigt. gepr\u00fcft. Die Pl\u00e4ne wurden zusammen mit dem \u00fcberarbeiteten Umweltbericht ver\u00f6ffentlicht. Quelle: Netzausbau - Netzentwicklungspl\u00e4ne 2024 und Umweltbericht","rel":"","context":"In &quot;Strom - Netze&quot;","block_context":{"text":"Strom - Netze","link":"https:\/\/www.windenergie-politik-gesellschaft.de\/?cat=11"},"img":{"alt_text":"","src":"","width":0,"height":0},"classes":[]},{"id":1439,"url":"https:\/\/www.windenergie-politik-gesellschaft.de\/?p=1439","url_meta":{"origin":770,"position":2},"title":"BNetzA best\u00e4tigt Netzreserve f\u00fcr 2025\/2026 \u2013 Fortschritte im Netzausbau zeigen Wirkung","author":"Joern Woehlk","date":"4. Mai 2025","format":false,"excerpt":"Quelle: BNetzA best\u00e4tigt Netzreserve f\u00fcr 2025\/2026 \u2013 Fortschritte im Netzausbau zeigen Wirkung","rel":"","context":"In &quot;Strom - Netze&quot;","block_context":{"text":"Strom - Netze","link":"https:\/\/www.windenergie-politik-gesellschaft.de\/?cat=11"},"img":{"alt_text":"","src":"","width":0,"height":0},"classes":[]},{"id":342,"url":"https:\/\/www.windenergie-politik-gesellschaft.de\/?p=342","url_meta":{"origin":770,"position":3},"title":"Umweltminister Wenzel weist Kritik des Bundes zum Netzausbau in Niedersachsen zur\u00fcck","author":"Joern Woehlk","date":"4. Februar 2016","format":false,"excerpt":"Der Nieders\u00e4chsische Minister f\u00fcr Umwelt, Energie und Klimaschutz Stefan Wenzel hat die Kritik der Bundesregierung am Beitrag der L\u00e4nder zum Ausbau der Stromtrassen zur\u00fcckgewiesen.Quelle: Umweltminister Wenzel weist Kritik des Bundes zum Netzausbau in Niedersachsen zur\u00fcck","rel":"","context":"In &quot;Strom - Netze&quot;","block_context":{"text":"Strom - Netze","link":"https:\/\/www.windenergie-politik-gesellschaft.de\/?cat=11"},"img":{"alt_text":"","src":"","width":0,"height":0},"classes":[]},{"id":1121,"url":"https:\/\/www.windenergie-politik-gesellschaft.de\/?p=1121","url_meta":{"origin":770,"position":4},"title":"Netzausbau &#8211; Mediathek","author":"Joern Woehlk","date":"26. August 2019","format":false,"excerpt":"Quelle: Netzausbau - Mediathek","rel":"","context":"In &quot;Strom - Netze&quot;","block_context":{"text":"Strom - Netze","link":"https:\/\/www.windenergie-politik-gesellschaft.de\/?cat=11"},"img":{"alt_text":"","src":"","width":0,"height":0},"classes":[]},{"id":1014,"url":"https:\/\/www.windenergie-politik-gesellschaft.de\/?p=1014","url_meta":{"origin":770,"position":5},"title":"BfS &#8211; Strahlenschutz beim Ausbau der Stromnetze","author":"Joern Woehlk","date":"4. Februar 2019","format":false,"excerpt":"N\u00fctzliche Informationen aus Bundeshand Quelle: BfS - Strahlenschutz beim Ausbau der Stromnetze","rel":"","context":"In &quot;Mediation&quot;","block_context":{"text":"Mediation","link":"https:\/\/www.windenergie-politik-gesellschaft.de\/?cat=19"},"img":{"alt_text":"","src":"","width":0,"height":0},"classes":[]}],"_links":{"self":[{"href":"https:\/\/www.windenergie-politik-gesellschaft.de\/index.php?rest_route=\/wp\/v2\/posts\/770","targetHints":{"allow":["GET"]}}],"collection":[{"href":"https:\/\/www.windenergie-politik-gesellschaft.de\/index.php?rest_route=\/wp\/v2\/posts"}],"about":[{"href":"https:\/\/www.windenergie-politik-gesellschaft.de\/index.php?rest_route=\/wp\/v2\/types\/post"}],"author":[{"embeddable":true,"href":"https:\/\/www.windenergie-politik-gesellschaft.de\/index.php?rest_route=\/wp\/v2\/users\/2"}],"replies":[{"embeddable":true,"href":"https:\/\/www.windenergie-politik-gesellschaft.de\/index.php?rest_route=%2Fwp%2Fv2%2Fcomments&post=770"}],"version-history":[{"count":1,"href":"https:\/\/www.windenergie-politik-gesellschaft.de\/index.php?rest_route=\/wp\/v2\/posts\/770\/revisions"}],"predecessor-version":[{"id":771,"href":"https:\/\/www.windenergie-politik-gesellschaft.de\/index.php?rest_route=\/wp\/v2\/posts\/770\/revisions\/771"}],"wp:attachment":[{"href":"https:\/\/www.windenergie-politik-gesellschaft.de\/index.php?rest_route=%2Fwp%2Fv2%2Fmedia&parent=770"}],"wp:term":[{"taxonomy":"category","embeddable":true,"href":"https:\/\/www.windenergie-politik-gesellschaft.de\/index.php?rest_route=%2Fwp%2Fv2%2Fcategories&post=770"},{"taxonomy":"post_tag","embeddable":true,"href":"https:\/\/www.windenergie-politik-gesellschaft.de\/index.php?rest_route=%2Fwp%2Fv2%2Ftags&post=770"}],"curies":[{"name":"wp","href":"https:\/\/api.w.org\/{rel}","templated":true}]}}